{"id":15876,"date":"2023-03-20T07:02:16","date_gmt":"2023-03-20T07:02:16","guid":{"rendered":"https:\/\/ypjrojava.net\/?p=15876"},"modified":"2023-03-20T07:14:37","modified_gmt":"2023-03-20T07:14:37","slug":"we-bi-ges-kirina-agire-newroze-fasizm-teqez-tek-bice","status":"publish","type":"post","link":"https:\/\/ypjrojava.net\/?p=15876","title":{"rendered":"W\u00ea Bi Ge\u015f Kirina Agir\u00ea Newroz\u00ea Fa\u015f\u00eezm Teqez T\u00eak Bi\u00e7e"},"content":{"rendered":"<p>&nbsp;<\/p>\n<p>&nbsp;<\/p>\n<p>&nbsp;<\/p>\n<p>Bi gurz\u00ea Kaway\u00ean Hemdem teko\u015f\u00eena ku li hember\u00ee Dehak\u00ean dem\u00ea t\u00ea me\u015fandin, bi \u015fore\u015fa jin a Rojava re careke din h\u00eaviya gelan n\u00fb kir. Teko\u015f\u00eena jinan a ku bi nav\u00ea YPJ\u2019\u00ea bi beden b\u00fb, weke germahiya agir\u00ea Newroz\u00ea \u00a0bi her demsala ku derbas dibe re xwe ge\u015ftir dike. Newroz li ser v\u00ea erdn\u00eegariy\u00ea di hem\u00fb deman de b\u00fbye \u00eefadeya teko\u015f\u00eena li hember\u00ee desthildariy\u00ea.<\/p>\n<p>Cejna 21\u2019\u00ea Adar\u00ea li Bak\u00fbr Rojhilat\u00ea S\u00fbr\u00ee bi \u00eedd\u00eea \u00fb biryardariya \u00a0parastina destkeftiy\u00ean \u015fore\u015f\u00ea t\u00ea p\u00ea\u015fwaz\u00ee kirin. Li hember\u00ee hem\u00fb ley\u00eestok \u00fb pol\u00eet\u00eekay\u00ean \u00eenkar,\u00eemha,qirkirin \u00fb as\u00eem\u00eelasyon\u00ea bi rih\u00ea cejna Newroz\u00ea, bilind kirina teko\u015f\u00een\u00ea w\u00ea hewldan\u00ean dagirkeran vala derbix\u00eene. D\u00eeroka gel\u00ea me y\u00ea berxwed\u00ear, di nava \u015fore\u015fa Bak\u00fbr Rojhilat\u00ea S\u00fbr\u00ee de j\u00ee bi p\u00ea\u015fengtiya jin, \u00e7aren\u00fbsa ji aliye desthiladaran ve li ser gelan dihate ferz kirin, qeb\u00fbl nekir. Me weke \u015fervan\u00ean v\u00ee gel\u00ee gelek can\u00ean delal ber bi b\u00ea daw\u00ee b\u00fbn\u00ea ve oxir kir. L\u00ea \u00eero hem\u00fb dever\u00ean c\u00eehan\u00ea deng\u00ea dir\u00fb\u015fmaya Jin,Jiyan Azad\u00ee t\u00ea bilind kirin, ev yek ji bo me weke jin\u00ean ku p\u00ea\u015fengtiya \u015fore\u015f\u00ea dikin, cih\u00ea \u015fanaziy\u00ea ye. Di Newroza \u00eesal de j\u00ee hem\u00fb p\u00eerozbah\u00ee weke serhildan\u00ean li hember\u00ee feraseta m\u00ear dewlet t\u00eane lidarxistin. \u00cad\u00ee \u2018Dem Dema Azadiya\u2019 jin \u00fb gelan e. Xwe li derdora agir\u00ea Newroz\u00ea a ku mizginiya bihareke n\u00fb dide kom kirin, w\u00ea teqez azadiy\u00ea b\u00eene.<\/p>\n<p>Me di arifeya cejna Newroz\u00ea de 9 heval\u00ean xwe y\u00ea h\u00eaja y\u00ean ku di oxira parastina welat \u00fb r\u00fbmeta gelan de xwed\u00ee ked\u00ean b\u00eahempa b\u00fbn, \u015feh\u00eed dan. Em cardin tevah\u00ee \u015feh\u00eed\u00ean xwe y\u00ean ku rih\u00ea xwe gihandine sirra p\u00eeroziya agir\u00ea Newroz\u00ea bib\u00eertinin \u00fb w\u00ea ge\u015fkirina agir\u00ea Newroz\u00ea teqez fa\u015f\u00eezm\u00ea t\u00eak bibe.<\/p>\n<p><strong>Fermandariya Gi\u015ft\u00ee a YPJ\u2019\u00ea <\/strong><\/p>\n<p><strong>20.03.2023<\/strong><\/p>\n<p>&nbsp;<\/p>\n<p>&nbsp;<\/p>\n","protected":false},"excerpt":{"rendered":"<p>&nbsp; &nbsp; &nbsp; Bi gurz\u00ea Kaway\u00ean Hemdem teko\u015f\u00eena ku li hember\u00ee Dehak\u00ean dem\u00ea t\u00ea me\u015fandin, bi \u015fore\u015fa jin a Rojava re careke din h\u00eaviya gelan n\u00fb kir. Teko\u015f\u00eena jinan a ku bi nav\u00ea YPJ\u2019\u00ea bi beden b\u00fb, weke germahiya agir\u00ea Newroz\u00ea \u00a0bi her demsala ku derbas dibe re xwe ge\u015ftir dike. Newroz li ser v\u00ea [&hellip;]<\/p>\n","protected":false},"author":1,"featured_media":15440,"comment_status":"open","ping_status":"closed","sticky":false,"template":"","format":"standard","meta":{"footnotes":""},"categories":[39],"tags":[],"class_list":{"0":"post-15876","1":"post","2":"type-post","3":"status-publish","4":"format-standard","5":"has-post-thumbnail","7":"category-daxuyani"},"_links":{"self":[{"href":"https:\/\/ypjrojava.net\/index.php?rest_route=\/wp\/v2\/posts\/15876","targetHints":{"allow":["GET"]}}],"collection":[{"href":"https:\/\/ypjrojava.net\/index.php?rest_route=\/wp\/v2\/posts"}],"about":[{"href":"https:\/\/ypjrojava.net\/index.php?rest_route=\/wp\/v2\/types\/post"}],"author":[{"embeddable":true,"href":"https:\/\/ypjrojava.net\/index.php?rest_route=\/wp\/v2\/users\/1"}],"replies":[{"embeddable":true,"href":"https:\/\/ypjrojava.net\/index.php?rest_route=%2Fwp%2Fv2%2Fcomments&post=15876"}],"version-history":[{"count":2,"href":"https:\/\/ypjrojava.net\/index.php?rest_route=\/wp\/v2\/posts\/15876\/revisions"}],"predecessor-version":[{"id":15878,"href":"https:\/\/ypjrojava.net\/index.php?rest_route=\/wp\/v2\/posts\/15876\/revisions\/15878"}],"wp:featuredmedia":[{"embeddable":true,"href":"https:\/\/ypjrojava.net\/index.php?rest_route=\/wp\/v2\/media\/15440"}],"wp:attachment":[{"href":"https:\/\/ypjrojava.net\/index.php?rest_route=%2Fwp%2Fv2%2Fmedia&parent=15876"}],"wp:term":[{"taxonomy":"category","embeddable":true,"href":"https:\/\/ypjrojava.net\/index.php?rest_route=%2Fwp%2Fv2%2Fcategories&post=15876"},{"taxonomy":"post_tag","embeddable":true,"href":"https:\/\/ypjrojava.net\/index.php?rest_route=%2Fwp%2Fv2%2Ftags&post=15876"}],"curies":[{"name":"wp","href":"https:\/\/api.w.org\/{rel}","templated":true}]}}