{"id":16048,"date":"2023-04-14T10:09:33","date_gmt":"2023-04-14T09:09:33","guid":{"rendered":"https:\/\/ypjrojava.net\/?p=16048"},"modified":"2023-04-14T10:09:33","modified_gmt":"2023-04-14T09:09:33","slug":"tekosineke-ji-botane-heya-efrine","status":"publish","type":"post","link":"https:\/\/ypjrojava.net\/?p=16048","title":{"rendered":"\u00a0Teko\u015f\u00eeneke ji Botan\u2019\u00ea heya Efr\u00een\u2019\u00ea"},"content":{"rendered":"<p><strong>\u00a0Teko\u015f\u00eeneke ji Botan\u2019\u00ea heya Efr\u00een\u2019\u00ea<\/strong><\/p>\n<p><strong>K\u00eenem Tolhildan\/ HESEK\u00ca<\/strong><\/p>\n<p>Ji bo ku bibe ke\u00e7ek Kurd ya layiq\u00ee doza gel\u00ea xwe, b\u00ea rawest\u00een \u00fb b\u00ea navber ber\u00ea xwe da qad\u00ean her\u00ee zehmet.<\/p>\n<p>Erdn\u00eegar\u00eeya Kurdistan\u2019\u00ea\u00a0 bi hezaran sale \u015fah\u00eediya lehengiyan dike. Leheng\u00ee \u00fb teko\u015f\u00eena ku li ser xaka Kurdistan\u00ea hatiye jiyin, wek miras\u00ean her\u00ee bi nirx heta roja me ye \u00eero hatiye. Bi xwed\u00ee derketina \u00a0ke\u00e7 \u00fb xort\u00ean Kurd ya ji mirasa teko\u015f\u00een\u00ea re, \u00eero j\u00ee \u00a0d\u00eerokek\u00ee\u00a0 t\u00eej\u00ee berxwedan \u00a0t\u00ea niv\u00eesandin. Ev \u00a0\u00e7\u00eerok\u00ean lehengiy\u00ea \u00a0n\u00ee\u015faneya\u00a0 rastiya gir\u00eadanb\u00fbna ax \u00fb welat e.<\/p>\n<p>Teko\u015f\u00een Tolhildan (Sultan Aybek) j\u00ee yek ji van jin\u00ean leheng b\u00fb ku di nava \u00e7irok\u00ean lehengiy\u00ea de mezin dibe. Teko\u015f\u00een 13\u2019\u00ea Mijdara 1992\u2019an li bajar\u00ea Edene, di nav malbateke welatparez de \u00e7av\u00ean xwe \u00a0li c\u00eehan\u00ea vedike. Asl\u00ea xwe ji e\u015f\u00eera Dider\u00ee ye S\u00eart\u2019\u00ea ye. Sal\u00ean\u00a0 1990\u2019\u00ea\u00a0 de ji ber pol\u00eet\u00eekaya qirkirin\u00ea ya li ser gel\u00ea me ye Botan\u00ea \u00fb er\u00ee\u015f\u00ean Dewleta Tirk a dagirker y\u00ean li ser gel\u00ean Kurd ne\u00e7ar dim\u00eenin ku ko\u00e7ber\u00ee metrepol\u00ean Tirkiye bibin. R\u00fbxme hem\u00fb zilm, zordar\u00ee \u00fb ko\u00e7beriya ku dijmin li ser malbat\u00ea ferz kiriye j\u00ee, t\u00fb ti\u015ft li hember\u00ee \u00a0malbata Aybek neb\u00fbye asteng ku welatpareziya xwe, d\u00eeroka xwe y\u00ea berxweder \u00fb serhilder ji b\u00eer bikin. Ji ber ku Botan hem weke gel\u00ea\u00a0 xwe hem j\u00ee weke\u00a0 erdnigariya xwe j\u00ee ticar\u00ee \u00a0ji serdestan re r\u00ea \u00a0nedaya \u00a0\u00fb hertim serxweb\u00fbne xwe parasti ye. Ev j\u00ee dibe sedem ku kesayet\u00ean Botan\u00ea j\u00ee t\u00fbcar\u00ee bindestiy\u00ea, \u00a0ji xwe re qeb\u00fbl nekin \u00fb tim\u00ee di nava berxwedan\u00ee de bin.<\/p>\n<p>Giredana malbat\u00ea, ya welat \u00fb \u00e7and\u00ea dihele ku heval Teko\u015fin h\u00een di temen\u00ea ke bi\u00e7\u00fbkta bi hesreta ax \u00fb welateke azad re mezin bibe \u00fb bi v\u00ee avay\u00ee h\u00earsa tolhildana ji dijmin dil\u00ea w\u00ea de pe\u015f bikeve. Di nav malbateke ku\u00a0 xwed\u00ee \u015fore\u015fger \u00fb \u015feh\u00eedan de mezin dibe. \u00a0Ji ber ew bajar\u00ean Tirkan de mezin bib\u00fb, bi \u00ea\u015fa ko\u00e7ber\u00eey\u00ea dizan\u00eeb\u00fb \u00fb hertim di nava l\u00eagerina welateke azad dabu.<\/p>\n<p>&nbsp;<\/p>\n<p><strong>Jiyan\u00a0 bi ked \u00fb baweriya ji serkeftin\u00ea<\/strong> <strong>re t\u00ea avakirin<\/strong><\/p>\n<p>Heval Teko\u015fin li pey l\u00eager\u00een\u00ean xwe di\u00e7e \u00fb serbilindiyek mezin ber\u00ea xwe dide riya r\u00fbmet e. Heval Teko\u015f\u00een pi\u015ft\u00ee tevl\u00ee nava ref\u00ean azadiy\u00ea dibe ji bo ku l\u00eager\u00een\u00ean xwe re bibe bersiv \u00fb bibe ke\u00e7ek Kurd ya layiq\u00ee doza gel\u00ea xwe, b\u00ea rawest\u00een \u00fb b\u00ea navber ber\u00ea xwe dide qaden her\u00ee zehmet. Li hember hem\u00fb eri\u015f\u00ean dijmin y\u00ean fizik\u00ee \u00fb zihn\u00ee teko\u015f\u00een dime\u015f\u00een\u00ea. R\u00eaheval Teko\u015f\u00een di ferqa erk \u00fb berpirsyartiy\u00ean xwe y\u00ean dirok\u00ee dabu. Jiyan \u00a0bi ked \u00fb baweriya ji serkeftin\u00ea re t\u00ea avakirin, heval Teko\u015f\u00een j\u00ee ev ji xwe re kirib\u00fb p\u00eevan\u00ea esasi ya jiyan \u00ea. Dijmin bi hezaran sale dixwaze gel\u00ea Kurd y\u00ea es\u00eel \u00a0biper\u00e7iq\u00eene. Sekna serhild\u00ear\u00ean weke hevr\u00ea Teko\u015f\u00een ev hewildan\u00ean dijmin vala hate derxistin. Teko\u015f\u00een,\u00a0 ji dil\u00ea xwe y\u00ea germ ji Botan\u00ea heta Efr\u00eene b\u00fb tolhildana gel\u00ea xwe.<\/p>\n<p>&nbsp;<\/p>\n<p><strong>Cihe ku heval Teko\u015fin l\u00ea bu Ew der hertim bi rihe hevaltiya APO\u2019yi di xemil\u00ee <\/strong><\/p>\n<p>Bi rih\u00ea hevaltiya xwe ya ji dil bersiva her\u00ee t\u00fbj da dijminan. Ew heman dem\u00ea fermandarek bu ku hertim \u015fervan\u00ean xwe re pe\u015fengt\u00ee dikir \u00fb ew p\u00ea\u015f dixistin. Di \u00e7av\u00ean w\u00ea de h\u00eav\u00ee li ser r\u00fby\u00ean w\u00ea\u00a0 j\u00ee ken k\u00eam nedib\u00fb. Baweriya di dil\u00ea w\u00ea de ewqas\u00ee mezin b\u00fb ku ji bo heval\u00ean xwe \u00a0her tim dib\u00fb \u00e7avkaniyeke ilham\u00ea. Cihe ku heval Teko\u015f\u00een l\u00ea bu ew der hertim bi rih\u00ea hevaltiya APO\u2019yi di xemil\u00ee. Van taybetmendiy\u00ean w\u00ea hi\u015ft ku\u00a0 di dil\u00ea her hevr\u00ea \u00fb \u015fervaneke\u00a0 xwe de cih\u00ea xwe bigre. Dil\u00ea w\u00ea bi hesreta ji axa welat re \u00a0tij\u00ee b\u00fb.\u00a0 Ji bona v\u00ea j\u00ee \u00e7i pewist b\u00ea, b\u00ea ku d\u00fbd\u00eel\u00ee jiyan bike p\u00eak dan\u00ee. Ew \u015fervana gel\u00ea xw\u00ea \u00fb fedaiya axa xwe b\u00fb \u00fb bi v\u00ea berpirsyartiy\u00ea j\u00ee ber\u00ea xwe da qad\u00ean \u015fer. Ew bi qer\u00eena zarok, jin \u00fb\u00a0 dayikan hesiya bu, hawara gel\u00ea xwe bih\u00eesti b\u00fb \u00fb bi dilxwe\u015fiyek\u00ea mezin tevl\u00ee me\u015fa serkeftin\u00ea b\u00fb. Di Rojavay\u00ea Kurdistan\u00ea\u2019de tevl\u00ee gelek p\u00eangav\u00ean rizgarkirin\u00ea bu. Li hember\u00ee ew dijmin\u00ea hov ku armanca w\u00ee t\u00fbnekirina fikr\u00ea netewa demokrat\u00eek b\u00fb, heval Teko\u015f\u00een ne ten\u00ea ji bo Kurdan ji bo hem\u00fb gelan b\u00fb teko\u015f\u00eenvaneke azadiy\u00ea. W\u00ea ji bona mirovahiye \u015fer dikir. W\u00ea \u00ea\u015fa ko\u00e7beriy\u00ea dizanibu \u00fb ne dixwest\u00a0 \u00ead\u00ee gel\u00ea Kurd bi heman \u00e7aren\u00fbsa re r\u00fb bi r\u00fb bim\u00eene. Ji ber w\u00ea j\u00ee dil \u00fb mejiy\u00ea xwe xistibu xizmeta v\u00ea teko\u015fin\u00ea.<\/p>\n<p>&nbsp;<\/p>\n<p>Her\u00ee daw\u00eeye di d\u00eeroka 20 \u00c7ileya 2018\u2019an Dewleta Tirk a xwinmij \u00fb \u00e7etey\u00ean w\u00ee bi 72 balafir\u00ean \u015fer \u00eari\u015f\u00ee bajar\u00ea Efr\u00een\u00ea kir, heval Teko\u015fin bi israr \u00fb bi baweriya xwe ya ji serkeftine re ber\u00ea xwe da Berxwedana Serdem \u00ea. Di en\u00eey\u00ean her\u00ee pe\u015fde wek fermandarek p\u00ea\u015feng cihe xwe girt. Bi kesayeta xwe ya Apoy\u00ee di dil \u00fb mejiy\u00ea dijmin de fi\u015feka esas\u00ee teqandib\u00fb.\u00a0 Di en\u00eeyen \u015fer de j\u00ee bi germahiya dil\u00ea xwe\u00a0 ve h\u00eaviya ronahiy\u00ea\u00a0 dida derdor\u00ea xwe. Weke gelek fermandaran bi qehremant\u00ee \u00fb p\u00ea\u015fengtiyeke b\u00eahempa mohra xwe li dirok\u00ea xist \u00fb bi tip\u00ean zer\u00een nav\u00ea xwe li ser r\u00fbpel\u00ean d\u00eerok\u00ea daniv\u00eesand. Heval Teko\u015fin j\u00ee, \u00a0ji bo ku heval\u00ea xwe xilas bike, xwe di dil\u00ea \u00a0qirker\u00ea Kurdan de teqand. \u00db di diroka 10 Adara 2018\u2019an de li Gir\u00ea Kefersefre a nav\u00e7eya Cindires\u00ea ya bajar\u00ea Efrine g\u00eahi\u015fte asta \u015fahadet \u00ea. Heval Teko\u015f\u00een heta nefesa xwe ya daw\u00ee j\u00ee bi heskirina xwe ye ji ax,welat \u00fb hevr\u00eatiya doze re li hember\u00ee dijmin\u00ea hov \u015fer kir \u00fb di nava taritiya serdem\u00ea de b\u00fb yek ji \u00e7iray\u00ean ku r\u00eaya gelan ron\u00ee kir. W\u00ea bi v\u00ea helwesta xwe hi\u015ft ku \u015fopa w\u00ea di dirok\u00ea de bim\u00eene \u00fb teko\u015fina gel\u00ean azadixwaz mezin bibe.<\/p>\n<p>&nbsp;<\/p>\n<p><img loading=\"lazy\" decoding=\"async\" class=\"alignnone size-medium wp-image-16049\" src=\"https:\/\/ypjrojava.net\/wp-content\/uploads\/2023\/04\/20180213_100459-1-1-300x266.jpg\" alt=\"\" width=\"300\" height=\"266\" srcset=\"https:\/\/ypjrojava.net\/wp-content\/uploads\/2023\/04\/20180213_100459-1-1-300x266.jpg 300w, https:\/\/ypjrojava.net\/wp-content\/uploads\/2023\/04\/20180213_100459-1-1.jpg 725w\" sizes=\"auto, (max-width: 300px) 100vw, 300px\" \/><img loading=\"lazy\" decoding=\"async\" class=\"alignnone size-medium wp-image-16050\" src=\"https:\/\/ypjrojava.net\/wp-content\/uploads\/2023\/04\/1626875580_39-p-krasno-bezhevii-fon-41-Recovered-Kopya-300x188.png\" alt=\"\" width=\"300\" height=\"188\" srcset=\"https:\/\/ypjrojava.net\/wp-content\/uploads\/2023\/04\/1626875580_39-p-krasno-bezhevii-fon-41-Recovered-Kopya-300x188.png 300w, https:\/\/ypjrojava.net\/wp-content\/uploads\/2023\/04\/1626875580_39-p-krasno-bezhevii-fon-41-Recovered-Kopya-1024x640.png 1024w, https:\/\/ypjrojava.net\/wp-content\/uploads\/2023\/04\/1626875580_39-p-krasno-bezhevii-fon-41-Recovered-Kopya-768x480.png 768w, https:\/\/ypjrojava.net\/wp-content\/uploads\/2023\/04\/1626875580_39-p-krasno-bezhevii-fon-41-Recovered-Kopya-1536x960.png 1536w, https:\/\/ypjrojava.net\/wp-content\/uploads\/2023\/04\/1626875580_39-p-krasno-bezhevii-fon-41-Recovered-Kopya.png 2048w\" sizes=\"auto, (max-width: 300px) 100vw, 300px\" \/><\/p>\n<p>&nbsp;<\/p>\n<p>&nbsp;<\/p>\n<p><strong>\u00a0<\/strong><\/p>\n","protected":false},"excerpt":{"rendered":"<p>\u00a0Teko\u015f\u00eeneke ji Botan\u2019\u00ea heya Efr\u00een\u2019\u00ea K\u00eenem Tolhildan\/ HESEK\u00ca Ji bo ku bibe ke\u00e7ek Kurd ya layiq\u00ee doza gel\u00ea xwe, b\u00ea rawest\u00een \u00fb b\u00ea navber ber\u00ea xwe da qad\u00ean her\u00ee zehmet. Erdn\u00eegar\u00eeya Kurdistan\u2019\u00ea\u00a0 bi hezaran sale \u015fah\u00eediya lehengiyan dike. Leheng\u00ee \u00fb teko\u015f\u00eena ku li ser xaka Kurdistan\u00ea hatiye jiyin, wek miras\u00ean her\u00ee bi nirx heta roja [&hellip;]<\/p>\n","protected":false},"author":1,"featured_media":16050,"comment_status":"open","ping_status":"closed","sticky":false,"template":"","format":"standard","meta":{"footnotes":""},"categories":[56,38,40],"tags":[],"class_list":{"0":"post-16048","1":"post","2":"type-post","3":"status-publish","4":"format-standard","5":"has-post-thumbnail","7":"category-56","8":"category-nuce","9":"category-wene"},"_links":{"self":[{"href":"https:\/\/ypjrojava.net\/index.php?rest_route=\/wp\/v2\/posts\/16048","targetHints":{"allow":["GET"]}}],"collection":[{"href":"https:\/\/ypjrojava.net\/index.php?rest_route=\/wp\/v2\/posts"}],"about":[{"href":"https:\/\/ypjrojava.net\/index.php?rest_route=\/wp\/v2\/types\/post"}],"author":[{"embeddable":true,"href":"https:\/\/ypjrojava.net\/index.php?rest_route=\/wp\/v2\/users\/1"}],"replies":[{"embeddable":true,"href":"https:\/\/ypjrojava.net\/index.php?rest_route=%2Fwp%2Fv2%2Fcomments&post=16048"}],"version-history":[{"count":1,"href":"https:\/\/ypjrojava.net\/index.php?rest_route=\/wp\/v2\/posts\/16048\/revisions"}],"predecessor-version":[{"id":16051,"href":"https:\/\/ypjrojava.net\/index.php?rest_route=\/wp\/v2\/posts\/16048\/revisions\/16051"}],"wp:featuredmedia":[{"embeddable":true,"href":"https:\/\/ypjrojava.net\/index.php?rest_route=\/wp\/v2\/media\/16050"}],"wp:attachment":[{"href":"https:\/\/ypjrojava.net\/index.php?rest_route=%2Fwp%2Fv2%2Fmedia&parent=16048"}],"wp:term":[{"taxonomy":"category","embeddable":true,"href":"https:\/\/ypjrojava.net\/index.php?rest_route=%2Fwp%2Fv2%2Fcategories&post=16048"},{"taxonomy":"post_tag","embeddable":true,"href":"https:\/\/ypjrojava.net\/index.php?rest_route=%2Fwp%2Fv2%2Ftags&post=16048"}],"curies":[{"name":"wp","href":"https:\/\/api.w.org\/{rel}","templated":true}]}}