{"id":16190,"date":"2023-05-01T08:36:51","date_gmt":"2023-05-01T07:36:51","guid":{"rendered":"https:\/\/ypjrojava.net\/?p=16190"},"modified":"2023-05-01T10:32:03","modified_gmt":"2023-05-01T09:32:03","slug":"em-minnetdare-fermandar-gulciya-gabar-in","status":"publish","type":"post","link":"https:\/\/ypjrojava.net\/?p=16190","title":{"rendered":"Em Minnetdar\u00ea Fermandar G\u00fbl\u00e7iya Gabar in"},"content":{"rendered":"<p><strong>\u00a0<\/strong><\/p>\n<p><strong>Em Minnetdar\u00ea Fermandar G\u00fbl\u00e7iya Gabar in <\/strong><\/p>\n<p>Teko\u015f\u00eena li hember\u00ee feraseta m\u00ear dewlet a ku \u00e7avkaniya fa\u015f\u00eezm\u00eay\u00ea bi berxwedaniya Fermandar\u00ean weke G\u00fbl\u00e7iya ve t\u00ea t\u00eak birin. Hevr\u00ea G\u00fbl\u00e7iya li ser xaka welat bih\u00fbst bi bih\u00fbst teko\u015f\u00eeneke b\u00ea eman a azadiy\u00ea da me\u015fandin. Bi rih\u00ea xwe ye ku g\u00eahi\u015ftiye sirra b\u00ea daw\u00eeb\u00fbn\u00ea, \u00a0b\u00fb yek ji afirener\u00ean jiyana azad.<\/p>\n<p>Hevr\u00ea G\u00fbl\u00e7iya weke jineke Kurd bi armanca ku nasname \u00fb heb\u00fbna gelan ji dagirkeriy\u00ea xilas bike, her k\u00ealiya jiyana xwe bi rih\u00ea berxwedaniya jin \u00a0ve h\u00fbnand. Ji bo tevah\u00ee jinan j\u00ee m\u00eerateyeke berxwedaniy\u00ea a d\u00eerok\u00ee h\u00eali\u015ft.\u00a0 Xeta jiyana azad di kesayeta hevr\u00ea G\u00fbl\u00e7iya de xwe \u015f\u00eanber kiri b\u00fb. Teko\u015f\u00eena \u015fore\u015fger\u00ee a ku li hember\u00ee art\u00ea\u015f\u00ean dewletan hate day\u00een de, Fermandar G\u00fbl\u00e7iya bi fedakariyeke mezin ji bo maf\u00ea jiyan\u00ea \u015fer kir \u00fb ev yek kire navg\u00eena jiyana xwe ye \u015fore\u015fger\u00ee. Hevr\u00ea G\u00fbl\u00e7iya ji \u00e7iyay\u00ean Kurdistan\u00ea weke hawariya serdem\u00ea ji bo gel\u00ea xwe ye Bak\u00fbr Rojhilat\u00ea S\u00fbr\u00ee ji belaya c\u00eehan\u00ee a DAI\u015e\u2019\u00ea bipar\u00eaze ber\u00ea xwe da \u015eore\u015fa Jin a Rojava. Fermandar G\u00fbl\u00e7iya dema ku \u00e7etey\u00ean DAI\u015e\u2019\u00ea \u015f\u00fbr\u00ea xwe ba dikirin \u00fb li ser gel\u00ea her\u00eam\u00ea ve dihatin, bi rih\u00ea werekiya jina Kurd can\u00ea kire mertal. Fermandar G\u00fbl\u00e7iya di p\u00eangav\u00ean rizgarkirina Tilberak,\u015eedad\u00ea,Tilhem\u00ees,Hol, \u00c7iyay\u00ea Kezwanan, Sil\u00fbk,Eyn\u00eesa, vekirina kor\u00eedora di navbera Gir\u00easip\u00ee \u00fb Koban\u00ea de, Mebr\u00fbka, Ser\u00eakaniy\u00ea, Cezaa \u00fb heta Mekmena D\u00earazor\u00ea cih\u00ea xwe di nava berxwedaniya d\u00eerok\u00ee a Rojava de girt. Di nava berxwedaniya \u015eore\u015fa Rojava da, hem li hember\u00ee zilm\u00ea\u00a0 \u015fer kir hem j\u00ee weke fermandareke jin \u015fer bir\u00eavebir. G\u00fbl\u00e7iya serp\u00eahatiy\u00ea Eg\u00eediya jina ku R\u00eaber Apo afirandiye ye.<\/p>\n<p>Li ser v\u00ea bingeh\u00ea em di ser\u00ee de ji bo malbata h\u00eaja a Fermandar G\u00fbl\u00e7iya Gabar \u00fb gel\u00ea xwe ye ku xwed\u00ee nirx\u00ean wiha y\u00ean p\u00eerozin sersaxiy\u00ea dixwazin. Em weke YPJ minnetdar\u00ea \u00a0fermandar \u00a0\u00a0G\u00fbl\u00e7iya Gabar in. Hevr\u00ea G\u00fbl\u00e7iya ji bo p\u00eakan\u00een \u00fb may\u00een de kirina\u00a0 \u015fore\u015f\u00ea bi rihek\u00ee berz \u00fb p\u00eeroz teko\u015f\u00een kir. Xeta azadiya civaka me a ku \u00eero \u015f\u00eanber b\u00fbye \u00fb ber bi serkeftineke teqez ve di\u00e7e j\u00ee bi saya keda Fermandar\u00ean weke G\u00fbl\u00e7iya ve g\u00eah\u00ee\u015ftiye van rojan. Em\u00ea weke YPJ, weke \u015fervan\u00ean Fermandar G\u00fbl\u00e7iya Gabar heta daw\u00ee bibin sozdar\u00ea p\u00eakan\u00eena armanc \u00fb doza w\u00ea.<\/p>\n<p><strong>Fermandariya Gi\u015ft\u00ee a YPJ\u2019\u00ea <\/strong><\/p>\n<p><strong>01.05.2023<\/strong><\/p>\n<p><img loading=\"lazy\" decoding=\"async\" class=\"alignnone size-medium wp-image-16192\" src=\"https:\/\/ypjrojava.net\/wp-content\/uploads\/2023\/05\/FILE00273-2-264x300.jpg\" alt=\"\" width=\"264\" height=\"300\" srcset=\"https:\/\/ypjrojava.net\/wp-content\/uploads\/2023\/05\/FILE00273-2-264x300.jpg 264w, https:\/\/ypjrojava.net\/wp-content\/uploads\/2023\/05\/FILE00273-2.jpg 440w\" sizes=\"auto, (max-width: 264px) 100vw, 264px\" \/><\/p>\n","protected":false},"excerpt":{"rendered":"<p>\u00a0 Em Minnetdar\u00ea Fermandar G\u00fbl\u00e7iya Gabar in Teko\u015f\u00eena li hember\u00ee feraseta m\u00ear dewlet a ku \u00e7avkaniya fa\u015f\u00eezm\u00eay\u00ea bi berxwedaniya Fermandar\u00ean weke G\u00fbl\u00e7iya ve t\u00ea t\u00eak birin. Hevr\u00ea G\u00fbl\u00e7iya li ser xaka welat bih\u00fbst bi bih\u00fbst teko\u015f\u00eeneke b\u00ea eman a azadiy\u00ea da me\u015fandin. Bi rih\u00ea xwe ye ku g\u00eahi\u015ftiye sirra b\u00ea daw\u00eeb\u00fbn\u00ea, \u00a0b\u00fb yek ji afirener\u00ean [&hellip;]<\/p>\n","protected":false},"author":1,"featured_media":16202,"comment_status":"open","ping_status":"closed","sticky":false,"template":"","format":"standard","meta":{"footnotes":""},"categories":[39,38],"tags":[],"class_list":{"0":"post-16190","1":"post","2":"type-post","3":"status-publish","4":"format-standard","5":"has-post-thumbnail","7":"category-daxuyani","8":"category-nuce"},"_links":{"self":[{"href":"https:\/\/ypjrojava.net\/index.php?rest_route=\/wp\/v2\/posts\/16190","targetHints":{"allow":["GET"]}}],"collection":[{"href":"https:\/\/ypjrojava.net\/index.php?rest_route=\/wp\/v2\/posts"}],"about":[{"href":"https:\/\/ypjrojava.net\/index.php?rest_route=\/wp\/v2\/types\/post"}],"author":[{"embeddable":true,"href":"https:\/\/ypjrojava.net\/index.php?rest_route=\/wp\/v2\/users\/1"}],"replies":[{"embeddable":true,"href":"https:\/\/ypjrojava.net\/index.php?rest_route=%2Fwp%2Fv2%2Fcomments&post=16190"}],"version-history":[{"count":2,"href":"https:\/\/ypjrojava.net\/index.php?rest_route=\/wp\/v2\/posts\/16190\/revisions"}],"predecessor-version":[{"id":16199,"href":"https:\/\/ypjrojava.net\/index.php?rest_route=\/wp\/v2\/posts\/16190\/revisions\/16199"}],"wp:featuredmedia":[{"embeddable":true,"href":"https:\/\/ypjrojava.net\/index.php?rest_route=\/wp\/v2\/media\/16202"}],"wp:attachment":[{"href":"https:\/\/ypjrojava.net\/index.php?rest_route=%2Fwp%2Fv2%2Fmedia&parent=16190"}],"wp:term":[{"taxonomy":"category","embeddable":true,"href":"https:\/\/ypjrojava.net\/index.php?rest_route=%2Fwp%2Fv2%2Fcategories&post=16190"},{"taxonomy":"post_tag","embeddable":true,"href":"https:\/\/ypjrojava.net\/index.php?rest_route=%2Fwp%2Fv2%2Ftags&post=16190"}],"curies":[{"name":"wp","href":"https:\/\/api.w.org\/{rel}","templated":true}]}}