{"id":16275,"date":"2023-05-14T06:53:47","date_gmt":"2023-05-14T05:53:47","guid":{"rendered":"https:\/\/ypjrojava.net\/?p=16275"},"modified":"2023-05-14T07:09:42","modified_gmt":"2023-05-14T06:09:42","slug":"ji-gele-me-u-raya-gisti-re-10","status":"publish","type":"post","link":"https:\/\/ypjrojava.net\/?p=16275","title":{"rendered":"Ji Gel\u00ea Me \u00fb Raya Gi\u015ft\u00ee Re!"},"content":{"rendered":"<p>\u015eore\u015fa\u00a0 Jin a Rojava\u00a0 ji bo hem\u00fb rih\u00ean ku dixwazin azad bibin re b\u00fb stargeheke p\u00eeroz. Ev axa qed\u00eem \u015fahidiya gelek g\u00fbl\u00eemoran kir. S\u00eenor\u00ean ku bi dest\u00ea h\u00eaz\u00ean desthildar hatib\u00fbn x\u00eaz kirin bi \u015fore\u015fa Rojava re wateya xwe winda kir \u00fb gelan li hember\u00ee feraseta qirker bi rih\u00ea berxwedaniya jin\u00ean qehreman ve n\u00fb da yek\u00eetiya gelan z\u00eend\u00ee kir.<\/p>\n<p>Hevr\u00eaya me Tu\u011fba Karako\u00e7 bi nasnav C\u00fbd\u00ee Eg\u00eed di sala 1995\u2019an de li bajar\u00ea Amed\u00ea, di nava malbateke welatpar\u00eaz de \u00e7av\u00ea xwe li jiyan\u00ea vedike. Ameda berxwed\u00ear di her dema d\u00eerok\u00ea de di paxila xwe de leheng\u00ee hewand. Axa ku mirov li ser dayik dibe di t\u00ea\u015fe girtina kesayet\u00ea mirovan de roleke diyarker dileyze. Ji bo w\u00ea j\u00ee mirov\u00ean ku li ser w\u00ea ax\u00ea dij\u00een weke S\u00fbr\u00ean Amed\u00ea y\u00ean bi heybet hertim li hember\u00ee zaliman berxwe didin \u00fb ser\u00ee natew\u00een\u00een. Ev kevne\u015fopiya berxwedan\u00ea di vebij\u00eark\u00ean jiyana hevr\u00ea C\u00fbd\u00ee de r\u00eaka hilbijartina \u00a0jiyana \u015fore\u015fger\u00ee vedike. Di nava malbata hevr\u00ea C\u00fbd\u00ee de tevl\u00eeb\u00fbn\u00ean ku ji bo tevgera azadiy\u00ea \u00e7\u00eadibin j\u00ee dih\u00eale ku hevr\u00ea C\u00fbd\u00ee di l\u00eagera xwe ye jiyana azad de biryar\u00ean \u015f\u00eanber bide. Bi taybet j\u00ee tevl\u00eeb\u00fbna du biray\u00ean hevr\u00ea C\u00fbd\u00ee bandoreke mezin l\u00ea dike. Di nava \u00e7andeke wiha a ku heta daw\u00ee xwed\u00ee nirx\u00ean azadiya welat derdikevin de l\u00eagera azadiy\u00ea a hevr\u00ea C\u00fbd\u00ee j\u00ee bi tevl\u00eeb\u00fbna nava ref\u00ean azadiy\u00ea ve digih\u00eeje wateya xwe ye rasteq\u00een. Hevala me C\u00fbd\u00ee li hember\u00ee feraseta qirker a dewleta Tirk ser\u00ee hildide \u00fb bi rih\u00ea berxwedaniya bajar\u00ea Amed\u00ea di sala 2013\u2019an de ber\u00ea xwe dide \u00e7iyay\u00ean Kurdistan \u00ea. Hevr\u00ea ye me C\u00fbd\u00ee di me\u015fa xwe ye li \u00e7iyay\u00ean Kurdistan\u00ea de dibe xwed\u00ee ezm\u00fbn\u00ean mezin \u00fb di nava dil\u00ea xwe de di her kevir, lat \u00fb ava ku diherike de xeyala Kurdistaneke azad \u00fb serbixwe mezin dike. Bi v\u00ea h\u00eaviya mezin j\u00ee hem di war\u00ea le\u015fker\u00ee de hem j\u00ee di war\u00ea birdoz\u00ee \u00a0de xwe p\u00ea\u015f dix\u00eene.<\/p>\n<p>Hevr\u00ea C\u00fbd\u00ee pi\u015ft\u00ee teko\u015f\u00eena xwe ya li \u00e7iyay\u00ean azad, ji ber \u00ear\u00ee\u015f\u00ean hovane y\u00ean \u00e7etey\u00ean DAI\u015e\u2019\u00ea v\u00ea car\u00ea ber\u00ea xwe dide Rojavay\u00ea Kurdistan \u00ea. Li hember\u00ee hovitiya sedsal\u00ea teko\u015f\u00eeneke b\u00ea eman da me\u015fandin \u00fb di nava ref\u00ean YPJ\u2019\u00ea de weke m\u00eel\u00eetaneke jin bi erk\u00ean xwe y\u00ean dem\u00ea rab\u00fb. Di nava hevr\u00eay\u00ean xwe de bi sekna xwe ye fedakar, dilnizm \u00fb bi kelecan cihek\u00ee xwe ye taybet \u00e7\u00eakir. Li hember\u00ee dagirker\u00ee \u00fb desthiladariy\u00ea hem \u015fer\u00ea \u00e7ekdar\u00ee da me\u015fandin hem j\u00ee b\u00fb\u00a0 ziman\u00ea vegotina lehengiy\u00ean ku li ser v\u00ea ax\u00ea t\u00eane jiy\u00een \u00ea. Bi v\u00ea sekna xwe ye \u00a0piral\u00ee ve di nava ref\u00ean \u015fore\u015f\u00ea de her roj bi co\u015f \u00fb kelecana roja yekem tevl\u00ee b\u00fb \u00fb di gelek qad\u00ean c\u00fbda y\u00ean \u015fore\u015f\u00ea de cih\u00ea xwe girt. Ji bo avakirina civakeke azad, demokrat\u00eek \u00fb azad\u00eexwaziya jin\u00ea \u00a0bi rihek\u00ee feday\u00ee di hem\u00fb \u015fert \u00fb merc\u00ean zehmet de bar\u00ea \u015fore\u015f\u00ea da sermil\u00ean xwe.<\/p>\n<p>Hevr\u00ea ye me C\u00fbd\u00ee Eg\u00eed di 11\u2019\u00ea meha Gulan\u00ea de di encama l\u00eadana balafir\u00ean b\u00ea mirov \u00ean dewleta Tirk a dagirker de g\u00eah\u00ee\u015ft asta \u015fahadet \u00ea. Dewleta Tirk a dagirker \u00ear\u00ee\u015f\u00ean bi v\u00ee reng\u00ee y\u00ean namerdane, bi armanca tasfiye kirina p\u00ea\u015feng\u00ean \u015fore\u015fa jin a Rojava p\u00eakt\u00eene. Asta biryardariya \u015fore\u015fa me, hem weke h\u00eaza parastin\u00ea hem j\u00ee weke gel di \u015f\u00eanberiya p\u00ea\u015fengtiya jin de xwe dide ni\u015fandan. Ev yek di dil\u00ea neyar\u00ean weke Erdoxan de xofeke mezin dide avakirin. \u00a0Erdoxan \u00fb dewleta tirk a ku xwed\u00ee d\u00eerokeke qirkere, bi \u00ear\u00ee\u015f\u00ean xwe y\u00ean v\u00ee reng\u00ee re hewldide ps\u00eekolojiya xwe ye t\u00eak \u00e7\u00fby\u00ee rehet bike. L\u00ea xwed\u00ee derketina m\u00eerateya \u015feh\u00eed\u00ean doza azadiy\u00ea sonda me ye. Teko\u015f\u00eena b\u00ea navber a ku didome bi xwe re gelek ke\u00e7 \u00fb xort\u00ean leheng\u00a0 welidand. Hevala me C\u00fbd\u00ee j\u00ee yek j\u00ee ji wan lehengan b\u00fb ku heta h\u00eanaseya xwe daw\u00ee ji bo t\u00eak birina feraseta qirker t\u00eako\u015fiya.<\/p>\n<p>Em sozdar\u00ea \u015feh\u00eed\u00ean xwe ne. Sozdariya me ye ji bo \u015feh\u00eed\u00ean azadiya gelan w\u00ea bi m\u00eesoger kirina p\u00ea\u015ferojeke azad ve bigihij\u00ea wateya xwe ye rasteq\u00een. Em di ser\u00ee de ji bo malbata welatpar\u00eaz a Karako\u00e7 \u00fb hem\u00fb gel\u00ea xwe ye ku xwed\u00ee kerameta xwe ye azadiy\u00ea derdikevin, sersaxiy\u00ea dixwazin. W\u00ea soza me bibe tolhildan me.<\/p>\n<p><strong>Nasnameya Hevr\u00ea ya me ye \u015feh\u00eed wiha ye:<\/strong><\/p>\n<p>Nasnav: C\u00fbd\u00ee Eg\u00eed<\/p>\n<p>Nav \u00fb Pa\u015fnav:\u00a0Tu\u011fba Karako\u00e7<\/p>\n<p>Nav\u00ea day\u00eek:\u00a0M\u00fbzeyyen<\/p>\n<p>Nav\u00ea bav:\u00a0Mehmet Sadiq<\/p>\n<p>Cih\u00ea ji Day\u00eekb\u00fbn\u00ea: 1995\/Amed<\/p>\n<p>Cih \u00fb D\u00eeroka \u015fehadete: 11.05.2023\/\u00c7elebiy\u00ea<\/p>\n<p><strong>Fermandariya Gi\u015ft\u00ee a YPJ\u2019\u00ea <\/strong><\/p>\n<p><strong>14.05.2023<\/strong><\/p>\n<p><img loading=\"lazy\" decoding=\"async\" class=\"alignnone size-medium wp-image-16276\" src=\"https:\/\/ypjrojava.net\/wp-content\/uploads\/2023\/05\/sehid-cudi-egid-224x300.png\" alt=\"\" width=\"224\" height=\"300\" srcset=\"https:\/\/ypjrojava.net\/wp-content\/uploads\/2023\/05\/sehid-cudi-egid-224x300.png 224w, https:\/\/ypjrojava.net\/wp-content\/uploads\/2023\/05\/sehid-cudi-egid-766x1024.png 766w, https:\/\/ypjrojava.net\/wp-content\/uploads\/2023\/05\/sehid-cudi-egid-768x1027.png 768w, https:\/\/ypjrojava.net\/wp-content\/uploads\/2023\/05\/sehid-cudi-egid.png 849w\" sizes=\"auto, (max-width: 224px) 100vw, 224px\" \/><\/p>\n","protected":false},"excerpt":{"rendered":"<p>\u015eore\u015fa\u00a0 Jin a Rojava\u00a0 ji bo hem\u00fb rih\u00ean ku dixwazin azad bibin re b\u00fb stargeheke p\u00eeroz. Ev axa qed\u00eem \u015fahidiya gelek g\u00fbl\u00eemoran kir. S\u00eenor\u00ean ku bi dest\u00ea h\u00eaz\u00ean desthildar hatib\u00fbn x\u00eaz kirin bi \u015fore\u015fa Rojava re wateya xwe winda kir \u00fb gelan li hember\u00ee feraseta qirker bi rih\u00ea berxwedaniya jin\u00ean qehreman ve n\u00fb da yek\u00eetiya [&hellip;]<\/p>\n","protected":false},"author":1,"featured_media":16278,"comment_status":"open","ping_status":"closed","sticky":false,"template":"","format":"standard","meta":{"footnotes":""},"categories":[39,38],"tags":[],"class_list":{"0":"post-16275","1":"post","2":"type-post","3":"status-publish","4":"format-standard","5":"has-post-thumbnail","7":"category-daxuyani","8":"category-nuce"},"_links":{"self":[{"href":"https:\/\/ypjrojava.net\/index.php?rest_route=\/wp\/v2\/posts\/16275","targetHints":{"allow":["GET"]}}],"collection":[{"href":"https:\/\/ypjrojava.net\/index.php?rest_route=\/wp\/v2\/posts"}],"about":[{"href":"https:\/\/ypjrojava.net\/index.php?rest_route=\/wp\/v2\/types\/post"}],"author":[{"embeddable":true,"href":"https:\/\/ypjrojava.net\/index.php?rest_route=\/wp\/v2\/users\/1"}],"replies":[{"embeddable":true,"href":"https:\/\/ypjrojava.net\/index.php?rest_route=%2Fwp%2Fv2%2Fcomments&post=16275"}],"version-history":[{"count":1,"href":"https:\/\/ypjrojava.net\/index.php?rest_route=\/wp\/v2\/posts\/16275\/revisions"}],"predecessor-version":[{"id":16277,"href":"https:\/\/ypjrojava.net\/index.php?rest_route=\/wp\/v2\/posts\/16275\/revisions\/16277"}],"wp:featuredmedia":[{"embeddable":true,"href":"https:\/\/ypjrojava.net\/index.php?rest_route=\/wp\/v2\/media\/16278"}],"wp:attachment":[{"href":"https:\/\/ypjrojava.net\/index.php?rest_route=%2Fwp%2Fv2%2Fmedia&parent=16275"}],"wp:term":[{"taxonomy":"category","embeddable":true,"href":"https:\/\/ypjrojava.net\/index.php?rest_route=%2Fwp%2Fv2%2Fcategories&post=16275"},{"taxonomy":"post_tag","embeddable":true,"href":"https:\/\/ypjrojava.net\/index.php?rest_route=%2Fwp%2Fv2%2Ftags&post=16275"}],"curies":[{"name":"wp","href":"https:\/\/api.w.org\/{rel}","templated":true}]}}