{"id":16298,"date":"2023-05-25T09:54:07","date_gmt":"2023-05-25T08:54:07","guid":{"rendered":"https:\/\/ypjrojava.net\/?p=16298"},"modified":"2023-05-25T10:09:47","modified_gmt":"2023-05-25T09:09:47","slug":"fermandara-ypje-li-katalonyaye-ye","status":"publish","type":"post","link":"https:\/\/ypjrojava.net\/?p=16298","title":{"rendered":"Fermandara YPJ\u2019\u00ea li Katalonyay\u00ea ye"},"content":{"rendered":"<p>&nbsp;<\/p>\n<p><strong>Endama Fermandariya Gi\u015ft\u00ee a YPJ\u2019\u00ea Sozdar D\u00earik li her\u00eama xweser a Katalonyay\u00ea, bi Seroka Parlamentoy\u00ea \u00fb n\u00fbner\u00ean partiy\u00ean siyas\u00ee y\u00ean li parlamentoy\u00ea re hevd\u00eetin p\u00eak an\u00een.<\/strong><\/p>\n<p>Sozdar D\u00earik li ser vexwendina parlamentoya Katalonya ku her\u00eamek xweser a gir\u00eaday\u00ee \u00cespanyay\u00ea ye, \u00e7\u00fb v\u00ee welat\u00ee.<\/p>\n<p>Fermandara YPJ\u2019\u00ea Sozdar D\u00earik li vir bi Seroka Parlamentoya Katalonyay\u00ea\u00a0Alba Verg\u00e9s\u00a0 Bosch, n\u00fbner\u00ea Partiya Namzetiya Yek\u00eetiya Gel (CUP \u2013Candidatura d\u2019Unitat Popular) Carles Riera \u00fb n\u00fbner\u00ea Partiya \u00c7epa Komarpar\u00eaz a Katalonyay\u00ea ( ERC \u2013 Esquerra Republicana de Katalonya)\u00a0 \u00a0Wagensberg re hevd\u00eetin p\u00eak an\u00een.<\/p>\n<p>Di hevd\u00eetinan de li ser mijar\u00ean ewlekariy\u00ea y\u00ean li Bak\u00fbr \u00fb Rojhilat\u00ea Suriyey\u00ea, metirsiya DAI\u015e\u2019\u00ea \u00fb t\u00eako\u015f\u00eena bi w\u00ea re, rew\u015fa kampa Hol\u00ea, \u00ear\u00ee\u015f \u00fb \u015fantaj\u00ean (mijara av\u00ea \u00fb hwd.) dewleta Tirk \u00ean li ser her\u00eam\u00ea gotub\u00eaj hatin kirin.<\/p>\n<p>T\u00eako\u015f\u00eena jinan a li Bak\u00fbr \u00fb Rojhilat\u00ea Suriyey\u00ea di war\u00ea le\u015fkeri, siyas\u00ee \u00fb civak\u00ee de t\u00ea me\u015fandin j\u00ee mijarek sereke ya hevd\u00eetinan b\u00fb.<\/p>\n<p>Di hevd\u00eetinan de li ser r\u00eay\u00ean \u00e7areseriy\u00ea y\u00ean pirsgir\u00eakan j\u00ee hat rawest\u00een \u00fb bal hat ki\u015fandin ku DAI\u015e ji bo tevahiya c\u00eehan\u00ea metirs\u00ee ye, ev metirs\u00ee h\u00een j\u00ee didome, lewma div\u00ea hem\u00fb al\u00ee t\u00eakildar\u00ee DAI\u015e\u2019\u00ea xwe berpirsyar bib\u00eenin.<\/p>\n<p><strong>TEVL\u00ce PANEL \u00db P\u00ca\u015eENGEHAN B\u00db<\/strong><\/p>\n<p>Endama Fermandariya Gi\u015ft\u00ee a YPJ\u2019\u00ea Sozdar D\u00earik ku rojnamevan\u00ean Katalonyay\u00ea eleqeyek mezin n\u00ee\u015fan\u00ee w\u00ea da, tevl\u00ee bernamey\u00ean telev\u00eezyon\u00ean her\u00eam\u00ea b\u00fb. Her wiha di panelek ku ji aliy\u00ea\u00a0rojnamevan M\u00f2nica Terribas\u00a0ve hat bir\u00eavebirin \u00fb z\u00eadetir\u00ee 400 kes be\u015fdar b\u00fbn de j\u00ee, pirs\u00ean m\u00eavanan bersivandin. H\u00fbn dikarin li ser v\u00ea l\u00eenk\u00ee tema\u015fe bikin:<\/p>\n<p><span style=\"color: #ffcc00;\"><a style=\"color: #ffcc00;\" href=\"https:\/\/peertube.plataformess.org\/w\/iyYtFgTMyQLVscSgGkxo6Z\">https:\/\/peertube.plataformess.org\/w\/iyYtFgTMyQLVscSgGkxo6Z<\/a><\/span><\/p>\n<p>Sozdar D\u00earik tevl\u00ee fuara pirt\u00fbkan a li Barcelonay\u00ea j\u00ee b\u00fb. Di dema serdana D\u00earik a fuar\u00ea de pirt\u00fbka niv\u00eeskar Dilar Dirik a bi nav\u00ea \u201cTevgera Jin\u00ean Kurd\/D\u00eerok, Teor\u00ee \u00fb Prat\u00eek\u201d ku t\u00eako\u015f\u00eena jin\u00ean Kurd vedib\u00eaje j\u00ee, hat danas\u00een.<\/p>\n<p>Hevditin\u00ean Endama Fermandariya Gi\u015ft\u00ee a YPJ\u2019\u00ea Sozdar D\u00earik didomin.<\/p>\n<p>H\u00fbn dikarin hevd\u00eetina ji aliy\u00ea kanala Katalan\u00ee a bi Endama Fermandariya Gi\u015ft\u00ee a Sozdar D\u00earik re li ser v\u00ea l\u00eenk\u00ea tema\u015fe bikin:<\/p>\n<p><span style=\"color: #ffcc00;\"><a style=\"color: #ffcc00;\" href=\"https:\/\/www.ccma.cat\/tv3\/alacarta\/mes-324\/sozdar-derik-si-erdogan-guanya-les-eleccions-a-turquia-les-dificultats-per-al-poble-kurd-seran-mes-grans\/video\/6222328\/\">https:\/\/www.ccma.cat\/tv3\/alacarta\/mes-324\/sozdar-derik-si-erdogan-guanya-les-eleccions-a-turquia-les-dificultats-per-al-poble-kurd-seran-mes-grans\/video\/6222328\/<\/a><\/span><\/p>\n<p>&nbsp;<\/p>\n","protected":false},"excerpt":{"rendered":"<p>&nbsp; Endama Fermandariya Gi\u015ft\u00ee a YPJ\u2019\u00ea Sozdar D\u00earik li her\u00eama xweser a Katalonyay\u00ea, bi Seroka Parlamentoy\u00ea \u00fb n\u00fbner\u00ean partiy\u00ean siyas\u00ee y\u00ean li parlamentoy\u00ea re hevd\u00eetin p\u00eak an\u00een. Sozdar D\u00earik li ser vexwendina parlamentoya Katalonya ku her\u00eamek xweser a gir\u00eaday\u00ee \u00cespanyay\u00ea ye, \u00e7\u00fb v\u00ee welat\u00ee. Fermandara YPJ\u2019\u00ea Sozdar D\u00earik li vir bi Seroka Parlamentoya Katalonyay\u00ea\u00a0Alba Verg\u00e9s\u00a0 [&hellip;]<\/p>\n","protected":false},"author":1,"featured_media":16303,"comment_status":"open","ping_status":"closed","sticky":false,"template":"","format":"standard","meta":{"footnotes":""},"categories":[38],"tags":[],"class_list":{"0":"post-16298","1":"post","2":"type-post","3":"status-publish","4":"format-standard","5":"has-post-thumbnail","7":"category-nuce"},"_links":{"self":[{"href":"https:\/\/ypjrojava.net\/index.php?rest_route=\/wp\/v2\/posts\/16298","targetHints":{"allow":["GET"]}}],"collection":[{"href":"https:\/\/ypjrojava.net\/index.php?rest_route=\/wp\/v2\/posts"}],"about":[{"href":"https:\/\/ypjrojava.net\/index.php?rest_route=\/wp\/v2\/types\/post"}],"author":[{"embeddable":true,"href":"https:\/\/ypjrojava.net\/index.php?rest_route=\/wp\/v2\/users\/1"}],"replies":[{"embeddable":true,"href":"https:\/\/ypjrojava.net\/index.php?rest_route=%2Fwp%2Fv2%2Fcomments&post=16298"}],"version-history":[{"count":6,"href":"https:\/\/ypjrojava.net\/index.php?rest_route=\/wp\/v2\/posts\/16298\/revisions"}],"predecessor-version":[{"id":16309,"href":"https:\/\/ypjrojava.net\/index.php?rest_route=\/wp\/v2\/posts\/16298\/revisions\/16309"}],"wp:featuredmedia":[{"embeddable":true,"href":"https:\/\/ypjrojava.net\/index.php?rest_route=\/wp\/v2\/media\/16303"}],"wp:attachment":[{"href":"https:\/\/ypjrojava.net\/index.php?rest_route=%2Fwp%2Fv2%2Fmedia&parent=16298"}],"wp:term":[{"taxonomy":"category","embeddable":true,"href":"https:\/\/ypjrojava.net\/index.php?rest_route=%2Fwp%2Fv2%2Fcategories&post=16298"},{"taxonomy":"post_tag","embeddable":true,"href":"https:\/\/ypjrojava.net\/index.php?rest_route=%2Fwp%2Fv2%2Ftags&post=16298"}],"curies":[{"name":"wp","href":"https:\/\/api.w.org\/{rel}","templated":true}]}}