{"id":16334,"date":"2023-06-17T05:53:33","date_gmt":"2023-06-17T04:53:33","guid":{"rendered":"https:\/\/ypjrojava.net\/?p=16334"},"modified":"2023-06-17T05:57:19","modified_gmt":"2023-06-17T04:57:19","slug":"eme-be-rawestin-li-pey-doza-avrinan-bin","status":"publish","type":"post","link":"https:\/\/ypjrojava.net\/?p=16334","title":{"rendered":"\u00a0Em\u00ea B\u00ea Rawest\u00een Li Pey Doza Avr\u00eenan Bin"},"content":{"rendered":"<p><strong>\u00a0Em\u00ea B\u00ea Rawest\u00een Li Pey Doza Avr\u00eenan Bin <\/strong><\/p>\n<p>Kevne\u015fopiya \u00e7apemeniya azad bi teko\u015f\u00eena hevr\u00eay\u00ean weke Avr\u00een Mahs\u00fbm re li Rojava Kurdistan\u00ea \u015fax berda. \u00c7apemeniya azad ji bo r\u00fbye kir\u00eat a dewleta Tirk ji c\u00eehan\u00ea rabig\u00eeh\u00eene, gelek berdel\u00ean giranbiha da. Hevr\u00ea Avr\u00een j\u00ee yek ji wan hevalan\u00ea ku b\u00fb \u015fopdara m\u00eerateya Gurbetel\u00ee Ersoz \u00fb Ap\u00ea Musa.<\/p>\n<p>Hevr\u00ea Avr\u00een li bajar\u00ea Efr\u00een\u00ea di nava malbateke xwed\u00ee kevne\u015fopiya welatpar\u00eaziy\u00ea \u00a0mezin dibe \u00fb di sala 2014\u2019an de biryara be\u015fdarb\u00fbna nava \u015fore\u015fa Rojava dide. Li hember\u00ee \u00ear\u00ee\u015f\u00ean DAI\u015e\u2019\u00ea weke jineke berxwed\u00ear her dem li eniy\u00ean p\u00ea\u015f y\u00ean ceng\u00ea de cih\u00ea xwe girt. Hevr\u00ea Avr\u00een hem \u015fervantiya \u015fore\u015f\u00ea kir hem j\u00ee heq\u00eeqeta \u015fore\u015f\u00ea ji c\u00eehan\u00ea re ragihand.<\/p>\n<p>Di kar \u00fb xebat\u00ean navenda Ragihandina YPJ\u2019\u00ea de bi sekna xwe ye bi co\u015f \u00fb kelecan herdem b\u00fb navg\u00eena rih\u00ea \u015fore\u015fgertiya dem\u00ea. Hevr\u00ea Avr\u00een di k\u00ealiy\u00ean her\u00ee zor \u00fb zehmet de tu car b\u00ea h\u00eav\u00eet\u00ee nejiya. Ev taybetmendiya w\u00ea dema dewleta Tirk a dagirker \u00ear\u00ee\u015f\u00ee Efr\u00een\u00ea kir, r\u00fbxm\u00fb ji heval\u00ean xwe d\u00fbrketib\u00fb \u00fb bir\u00eendar bib\u00fb j\u00ee, 26 rojan di nava art\u00ea\u015fa dest bi xw\u00een a dewleta Tirk de xwe ve\u015fart \u00fb pi\u015ft\u00ee w\u00ea xwe cardin g\u00eehand heval\u00ean xwe. Ev rih\u00ea berz \u00fb p\u00eeroz a ku hevr\u00ea Avr\u00een di dil\u00ea xwe de dihewand, herdem sekneke werek \u00fb dilsoz bi xwe re afirand. Ji Efr\u00een\u00ea heta P\u00eangava Tunekirina DAI\u015e\u2019\u00ea hevr\u00ea Avr\u00een hem bi \u00e7ek \u00fb hem j\u00ee bi kameraya xwe teko\u015f\u00eeneke b\u00ea eman da me\u015fandin. Di hem\u00fb eniy\u00ean \u015fer de b\u00fb ziman\u00ea berxwedaniya doza mafdar a teko\u015f\u00eena azadiya jinan.<\/p>\n<p>Hevr\u00ea Avr\u00een di sala 2020\u2019an de biryara tevl\u00ee b\u00fbna nava tevgera azadiya Kurdistan\u00ea da \u00fb ber\u00ea xwe da \u00e7iyay\u00ean azad a ku ji d\u00eerok\u00ea heta niha ji bo gel\u00ea Kurd b\u00fbye stargeh. Hevr\u00eaya me Avr\u00een teko\u015f\u00eena ku li hember\u00ee dagirker \u00fb teror\u00eestan dame\u015fandin de s\u00eenor\u00ean ku hey\u00ee ji hol\u00ea rakir \u00fb bi rih\u00ea xwe ye netew\u00ee xwe li hember\u00ee azadiya tevahiya Kurdistan\u00ea berpirsiyar d\u00eet. Bi biryar \u00fb \u00eeradeya xwe ye azad xwest li k\u00ealeka heval\u00ean xwe y\u00ean li \u00e7iyay\u00ean azad y\u00ean ku berxwedaniy\u00ean d\u00eerok\u00ee didin me\u015fandin,cih bigre. Li ser v\u00ea biryar \u00fb armanc\u00ea r\u00eaw\u00eetiya w\u00ea ye ber bi \u00e7iyay\u00ean azad re destp\u00ea kir. Li war\u00ea ku berxwedaniy\u00ean b\u00ea hempa t\u00ea me\u015fandin, li hember\u00ee hov\u00eetiya sedsal\u00ea a dewleta Tirk di demeke k\u00fbrt de \u00a0b\u00fb xwed\u00ee kedeke diyarker. Ev taybetmendiy\u00ean hevr\u00ea Avr\u00een p\u00eanaseya xwedina rih\u00ea dem\u00ea \u00eefade dike. Hevala me Avr\u00een li qad\u00ean azad heb\u00fbna xwe g\u00eehand wateya rasteq\u00een \u00fb heta dawiy\u00ea j\u00ee me\u015fa xwe ye azadiy\u00ea bi kelecaneke mezin domand.<\/p>\n<p>Em weke Navenda Ragihandina YPJ\u2019\u00ea di ser\u00ee de ji bo malbata hevr\u00ea xwe ye h\u00eaja Avr\u00een Mahs\u00fbm \u00fb tevah\u00ee gel\u00ea xwe ye welatpar\u00eaz re sersaxiy\u00ea dixwazin. Em di \u015fexs\u00ea hevr\u00ea Avr\u00een Mahs\u00fbm \u00fb tevah\u00ee \u015feh\u00eed\u00ean \u00e7apemaniya azad de cardin sozdariya xwe ye li pey heq\u00eeqet\u00ea \u00e7\u00fby\u00een\u00ea n\u00fb dikin. Em soz didin ku em\u00ea di her k\u00ealiya jiyan\u00ea de r\u00fbye kir\u00eat a dagirkeran derxin\u00een \u00a0hol\u00ea \u00fb ji raya gi\u015ft\u00ee re rabig\u00eeh\u00eenin.<\/p>\n<p>Em\u00ea heta h\u00eanase xwe ye daw\u00ee b\u00ea ku yek k\u00eal\u00ee j\u00ee rawestin, teko\u015f\u00eena ku hevr\u00ea Avr\u00een daye me\u015fandin big\u00eehinin serkeftin\u00ea.<\/p>\n<p><strong>Navenda Ragihandina YPJ\u2019\u00ea <\/strong><\/p>\n<p><strong>17.06.2023<\/strong><\/p>\n<p><img loading=\"lazy\" decoding=\"async\" class=\"alignnone size-medium wp-image-16335\" src=\"https:\/\/ypjrojava.net\/wp-content\/uploads\/2023\/06\/WENE-1-1-300x200.png\" alt=\"\" width=\"300\" height=\"200\" srcset=\"https:\/\/ypjrojava.net\/wp-content\/uploads\/2023\/06\/WENE-1-1-300x200.png 300w, https:\/\/ypjrojava.net\/wp-content\/uploads\/2023\/06\/WENE-1-1-1024x683.png 1024w, https:\/\/ypjrojava.net\/wp-content\/uploads\/2023\/06\/WENE-1-1-768x512.png 768w, https:\/\/ypjrojava.net\/wp-content\/uploads\/2023\/06\/WENE-1-1-1536x1024.png 1536w, https:\/\/ypjrojava.net\/wp-content\/uploads\/2023\/06\/WENE-1-1.png 2048w\" sizes=\"auto, (max-width: 300px) 100vw, 300px\" \/> <img loading=\"lazy\" decoding=\"async\" class=\"alignnone size-medium wp-image-16336\" src=\"https:\/\/ypjrojava.net\/wp-content\/uploads\/2023\/06\/WENE-1-2-300x200.png\" alt=\"\" width=\"300\" height=\"200\" srcset=\"https:\/\/ypjrojava.net\/wp-content\/uploads\/2023\/06\/WENE-1-2-300x200.png 300w, https:\/\/ypjrojava.net\/wp-content\/uploads\/2023\/06\/WENE-1-2-1024x683.png 1024w, https:\/\/ypjrojava.net\/wp-content\/uploads\/2023\/06\/WENE-1-2-768x512.png 768w, https:\/\/ypjrojava.net\/wp-content\/uploads\/2023\/06\/WENE-1-2-1536x1024.png 1536w, https:\/\/ypjrojava.net\/wp-content\/uploads\/2023\/06\/WENE-1-2-2048x1365.png 2048w\" sizes=\"auto, (max-width: 300px) 100vw, 300px\" \/><\/p>\n","protected":false},"excerpt":{"rendered":"<p>\u00a0Em\u00ea B\u00ea Rawest\u00een Li Pey Doza Avr\u00eenan Bin Kevne\u015fopiya \u00e7apemeniya azad bi teko\u015f\u00eena hevr\u00eay\u00ean weke Avr\u00een Mahs\u00fbm re li Rojava Kurdistan\u00ea \u015fax berda. \u00c7apemeniya azad ji bo r\u00fbye kir\u00eat a dewleta Tirk ji c\u00eehan\u00ea rabig\u00eeh\u00eene, gelek berdel\u00ean giranbiha da. Hevr\u00ea Avr\u00een j\u00ee yek ji wan hevalan\u00ea ku b\u00fb \u015fopdara m\u00eerateya Gurbetel\u00ee Ersoz \u00fb Ap\u00ea Musa. [&hellip;]<\/p>\n","protected":false},"author":1,"featured_media":16336,"comment_status":"open","ping_status":"closed","sticky":false,"template":"","format":"standard","meta":{"footnotes":""},"categories":[39,38],"tags":[],"class_list":{"0":"post-16334","1":"post","2":"type-post","3":"status-publish","4":"format-standard","5":"has-post-thumbnail","7":"category-daxuyani","8":"category-nuce"},"_links":{"self":[{"href":"https:\/\/ypjrojava.net\/index.php?rest_route=\/wp\/v2\/posts\/16334","targetHints":{"allow":["GET"]}}],"collection":[{"href":"https:\/\/ypjrojava.net\/index.php?rest_route=\/wp\/v2\/posts"}],"about":[{"href":"https:\/\/ypjrojava.net\/index.php?rest_route=\/wp\/v2\/types\/post"}],"author":[{"embeddable":true,"href":"https:\/\/ypjrojava.net\/index.php?rest_route=\/wp\/v2\/users\/1"}],"replies":[{"embeddable":true,"href":"https:\/\/ypjrojava.net\/index.php?rest_route=%2Fwp%2Fv2%2Fcomments&post=16334"}],"version-history":[{"count":1,"href":"https:\/\/ypjrojava.net\/index.php?rest_route=\/wp\/v2\/posts\/16334\/revisions"}],"predecessor-version":[{"id":16337,"href":"https:\/\/ypjrojava.net\/index.php?rest_route=\/wp\/v2\/posts\/16334\/revisions\/16337"}],"wp:featuredmedia":[{"embeddable":true,"href":"https:\/\/ypjrojava.net\/index.php?rest_route=\/wp\/v2\/media\/16336"}],"wp:attachment":[{"href":"https:\/\/ypjrojava.net\/index.php?rest_route=%2Fwp%2Fv2%2Fmedia&parent=16334"}],"wp:term":[{"taxonomy":"category","embeddable":true,"href":"https:\/\/ypjrojava.net\/index.php?rest_route=%2Fwp%2Fv2%2Fcategories&post=16334"},{"taxonomy":"post_tag","embeddable":true,"href":"https:\/\/ypjrojava.net\/index.php?rest_route=%2Fwp%2Fv2%2Ftags&post=16334"}],"curies":[{"name":"wp","href":"https:\/\/api.w.org\/{rel}","templated":true}]}}