{"id":16351,"date":"2023-06-27T18:56:38","date_gmt":"2023-06-27T17:56:38","guid":{"rendered":"https:\/\/ypjrojava.net\/?p=16351"},"modified":"2023-06-27T18:56:38","modified_gmt":"2023-06-27T17:56:38","slug":"em-cejna-tevahiya-civaka-islami-piroz-dikin","status":"publish","type":"post","link":"https:\/\/ypjrojava.net\/?p=16351","title":{"rendered":"Em Cejna Tevahiya Civaka \u00ceslam\u00ee P\u00eeroz Dikin"},"content":{"rendered":"<p>\u00c7anda civakb\u00fbn\u00ea di hem\u00fb serdeman de b\u00fbye h\u00eaza bingeh\u00een a berxwedana gelan. Ji bo ku civak xwe li hember\u00ee h\u00eaz\u00ean dagirker li ser piyan bigrin helbette hem\u00fb kevne\u015fopiy\u00ean ku civakb\u00fbne x\u00fbrt dikin \u00fb dibin nasnameya esas\u00ee a civakan ristek\u00ee gir\u00eeng dileyzin. Civak\u00ean \u00ceslam\u00ee j\u00ee di her dema d\u00eerok\u00ea de bi h\u00eaviya ku cejn bibin wesileya azad\u00ee,a\u015f\u00eet\u00ee \u00fb aramiy\u00ea p\u00ea\u015fwaziya cejnan kirine. Em j\u00ee weke YPJ bi biryardariyeke bilind a berxwedaniy\u00ea ya ku w\u00ea azadiya civakan m\u00eesoger bike, p\u00ea\u015fwaziya cejna Q\u00fbrban\u00ea dikin \u00fb em cejna tevahiya civaka \u00ceslam\u00ee p\u00eeroz dikin.<\/p>\n","protected":false},"excerpt":{"rendered":"<p>\u00c7anda civakb\u00fbn\u00ea di hem\u00fb serdeman de b\u00fbye h\u00eaza bingeh\u00een a berxwedana gelan. Ji bo ku civak xwe li hember\u00ee h\u00eaz\u00ean dagirker li ser piyan bigrin helbette hem\u00fb kevne\u015fopiy\u00ean ku civakb\u00fbne x\u00fbrt dikin \u00fb dibin nasnameya esas\u00ee a civakan ristek\u00ee gir\u00eeng dileyzin. Civak\u00ean \u00ceslam\u00ee j\u00ee di her dema d\u00eerok\u00ea de bi h\u00eaviya ku cejn bibin wesileya [&hellip;]<\/p>\n","protected":false},"author":1,"featured_media":16352,"comment_status":"open","ping_status":"closed","sticky":false,"template":"","format":"standard","meta":{"footnotes":""},"categories":[39],"tags":[],"class_list":{"0":"post-16351","1":"post","2":"type-post","3":"status-publish","4":"format-standard","5":"has-post-thumbnail","7":"category-daxuyani"},"_links":{"self":[{"href":"https:\/\/ypjrojava.net\/index.php?rest_route=\/wp\/v2\/posts\/16351","targetHints":{"allow":["GET"]}}],"collection":[{"href":"https:\/\/ypjrojava.net\/index.php?rest_route=\/wp\/v2\/posts"}],"about":[{"href":"https:\/\/ypjrojava.net\/index.php?rest_route=\/wp\/v2\/types\/post"}],"author":[{"embeddable":true,"href":"https:\/\/ypjrojava.net\/index.php?rest_route=\/wp\/v2\/users\/1"}],"replies":[{"embeddable":true,"href":"https:\/\/ypjrojava.net\/index.php?rest_route=%2Fwp%2Fv2%2Fcomments&post=16351"}],"version-history":[{"count":1,"href":"https:\/\/ypjrojava.net\/index.php?rest_route=\/wp\/v2\/posts\/16351\/revisions"}],"predecessor-version":[{"id":16353,"href":"https:\/\/ypjrojava.net\/index.php?rest_route=\/wp\/v2\/posts\/16351\/revisions\/16353"}],"wp:featuredmedia":[{"embeddable":true,"href":"https:\/\/ypjrojava.net\/index.php?rest_route=\/wp\/v2\/media\/16352"}],"wp:attachment":[{"href":"https:\/\/ypjrojava.net\/index.php?rest_route=%2Fwp%2Fv2%2Fmedia&parent=16351"}],"wp:term":[{"taxonomy":"category","embeddable":true,"href":"https:\/\/ypjrojava.net\/index.php?rest_route=%2Fwp%2Fv2%2Fcategories&post=16351"},{"taxonomy":"post_tag","embeddable":true,"href":"https:\/\/ypjrojava.net\/index.php?rest_route=%2Fwp%2Fv2%2Ftags&post=16351"}],"curies":[{"name":"wp","href":"https:\/\/api.w.org\/{rel}","templated":true}]}}