{"id":16386,"date":"2023-07-15T11:25:53","date_gmt":"2023-07-15T10:25:53","guid":{"rendered":"https:\/\/ypjrojava.net\/?p=16386"},"modified":"2023-07-15T11:26:56","modified_gmt":"2023-07-15T10:26:56","slug":"ji-gele-me-u-raya-gisti-re-11","status":"publish","type":"post","link":"https:\/\/ypjrojava.net\/?p=16386","title":{"rendered":"Ji Gel\u00ea Me \u00fb Raya Gi\u015ft\u00ee Re!"},"content":{"rendered":"<p>D\u00eerok careke din di \u015fexs\u00ea leheng\u00ean v\u00ee welat\u00ee de xwe d\u00fbbare dike. Dildar \u00fb dilsoz\u00ean v\u00ea xak\u00ea bi heb\u00fbna xwe ve bi destan\u00ean ku afirandine re mohra xwe li serdem\u00ea azadiya gelan dixin. Hevr\u00ea ya me \u00c7\u00ee\u00e7ek Kili\u00e7 bi nasnav Mezra Botan di temen\u00ea xwe y\u00ea ciwan de bi armanca ji pergala qir\u00eaj ya dewleta tirk a dagirker \u00fb qirker tol\u00ea hil\u00een\u00ea, di sala 2015\u2019an tevl\u00ee nava ref\u00ean azadiy\u00ea dibe. Hevr\u00ea Mezra di nava ref\u00ean azadiy\u00ea de b\u00fb xwed\u00ee kesayeteke w\u00earek \u00fb di \u015fexs\u00ea xwe de \u00e7anda gel\u00ea Botana berxwed\u00ear \u00eefade kir. Hevr\u00ea Mezra di nava \u015eore\u015fa Rojava de b\u00fb xwed\u00ee kesayeteke wisa ku di dil \u00fb mejiy\u00ea hem\u00fb hevr\u00eay\u00ean xwe de c\u00eeh girt \u00fb b\u00fb ji kedkar\u00ean v\u00ea \u015fore\u015f\u00ea.\u00a0 \u00c7awa ku \u015fore\u015f di nava co\u015f \u00fb kelecaneke mezin de diherike \u00fb ji n\u00fbve can dide hem\u00fb giyan\u00ean v\u00ea xak\u00ea, hevr\u00ea Mezra j\u00ee ji hevr\u00eay\u00ean xwe re dib\u00fb heman co\u015f \u00fb moraleke mezin.<\/p>\n<p>Di dil \u00fb mejiy\u00ea w\u00ea de baweriya serkeftin\u00ea t\u00fb caran k\u00eam nab\u00fb. Ji ber p\u00ea bawer e ku serkeftin encax bi ked \u00fb berdelan t\u00ea bidestxistin. Hevr\u00ea Mezra bi v\u00ea zaneb\u00fbn\u00ea n\u00eaz\u00ee hem\u00fb peyw\u00eer\u00ean xwe y\u00ean \u015fore\u015f\u00ea b\u00fb. Ji bo ku bibe par\u00e7eyeke v\u00ea \u015fore\u015f\u00ea beriya her ti\u015ft\u00ee di r\u00eagez \u00fb birdoziya rizgariya jin\u00ea de xwe k\u00fbr kir. Ev kurb\u00fby\u00een j\u00ee di kesayeta hevr\u00ea Mezra de hetan\u00ee dawiy\u00ea hevr\u00eatiyeke dilnizim ava kirib\u00fb.<\/p>\n<p>Mezraya bi \u00e7anda berxwed\u00ear a Botan\u00ea mezin b\u00fbye b\u00ea ku deng\u00ea q\u00ear\u00eena leheng\u00ean j\u00ear zem\u00een\u00ean Ciz\u00eer\u00ea ji g\u00fbh\u00ean w\u00ea derkeve \u00fb b\u00ea ku day\u00eeka Taybet ya ku li kolan\u00ean Silop\u00ee bi rojan li erd\u00ea maye ji b\u00eer bike t\u00eadiko\u015fina xwe domand da ku tolgirtina wan q\u00ear\u00eenan hil\u00eene. Sonda lehengan m\u00eena hevr\u00ea Mezra Botan mezine ji ber w\u00ea j\u00ee her k\u00ealiya jiyana ku dij\u00een j\u00ee bi qas\u00ee r\u00fbmeta wan bi wate ye.<\/p>\n<p>Hevr\u00eaya Mezra ji bo ku xwe bigih\u00eene armanca xwe pi\u015ft\u00ee prat\u00eekeke t\u00eaj\u00ee \u015f\u00fbnde ber\u00ea xwe dide qada \u00a0perwerdeya Sekvantiy\u00ea. Di sala 2018\u2019an de di h\u00fbnera Sekvantiy\u00ea de p\u00ea\u015f dikeve \u00fb bi awayek\u00ee \u00e7alak di nava \u015fore\u015f\u00ea de kar \u00fb xebat me\u015fand. Di 9\u2019\u00ea Cotmeha 2019\u2019an de wexta dewleta Tirk a dagirker ber\u00ea xwe da xaka p\u00eeroz, \u00a0Mezraya leheng j\u00ee \u00e7eka xwe rakir ser mil\u00ean xwe \u00fb ber\u00ea xwe da ber\u00ea xwe da Gir\u00ea Sp\u00ee. \u00c7avnebar\u00ean ku dev ji xw\u00een mijandina zarok\u00ean v\u00ea xak\u00ea t\u00earneb\u00fbne bi awayek\u00ee qir\u00eaj \u00fb hovane ber\u00ea xwe didin w\u00earankirina welat\u00ea Eg\u00eed \u00fb G\u00fbl\u00eesor\u00ean v\u00ea xak\u00ea.\u00a0 Hevr\u00ea Mezra li hember\u00ee dagirkeran ji bo q\u00ear\u00eena zarok, hawara kal \u00fb lor\u00eek\u00ean day\u00eek\u00ean dil \u015fewat bi rihek\u00ee bilind \u015fer\u00ea dagirkeran kir. Weke hem\u00fb lehengan ke\u00e7a dil w\u00earek j\u00ee sond xwarib\u00fb ku w\u00ea \u00e7avnebar tu car ling\u00ean xwe neav\u00eajin li ser xaka p\u00eeroz. Bi qarnasa ku av\u00eatiye ser mil\u00ean xwe ve di her k\u00ealiya jiyana xwe de b\u00fb par\u00eazvana welat\u00ea xwe. Mezraya dil w\u00earek di her k\u00ealiy\u00ea de di \u00e7eper\u00ean berxwedan\u00ea de ji hevr\u00eay\u00ean xwe re b\u00fb \u00e7avkaniya moral, h\u00eaz \u00fb baweriya serkeftin\u00ea. G\u00fbl\u00eesora \u015eore\u015f\u00ea li ser xw\u00eena her\u00eay\u00ean xwe sondxwar ku hetan\u00ee par\u00e7eyek xaka v\u00ee welat\u00ee dagirkir\u00ee be ew \u00ea dev ji teko\u015f\u00eena xwe bernede \u00fb ew \u00ea di hem\u00fb wextan de bibe nobedara p\u00eakan\u00eena soza xwe. Pi\u015ft\u00ee d\u00eetina rastiy\u00ean dagirkeriy\u00ea \u015f\u00fbnde hevr\u00ea Mezra h\u00een z\u00eadetir bi nirx\u00ean \u015fore\u015f\u00ea ve t\u00ea gir\u00eadan \u00fb \u00e7alaktir dibe.<\/p>\n<p>Hevr\u00eaya me dilw\u00earek Mezra Botan dema ku di eniyan parastina r\u00fbmeta \u00fb nasnameya gel\u00ea xwe dikir, di d\u00eeroka 17\u2019\u00ea Hez\u00eerana 2023\u2019an de li bajar\u00ea Eyn \u00cesa di encama bombard\u00fbmana dewleta Tirk a dagirker de gih\u00ee\u015ft asta \u015fahadet\u00ea. Em di ser\u00ee de malbata hevr\u00eaya xwe ye h\u00eaja a Mezra Botan \u00fb tevah\u00ee gel\u00ea xwe ye ku \u00a0ji bo gih\u00ee\u015ftandina jina azad xwed\u00ee biryardarin sersaxiy\u00ea dixwazin.<\/p>\n<p>Dagirker \u00fb neyar ji b\u00eer dikin ku ev \u015eore\u015f bi hevr\u00eay\u00ean me y\u00ean ku \u015feh\u00eed dibin re h\u00een mezintir \u00fb bi h\u00eaztir dibe. Em\u00ea weke hevr\u00eay\u00ean hevr\u00ea Mezra neh\u00ealin ku ala ku me j\u00ea dewir girtiye t\u00fb caran li as\u00eeman\u00ean welat\u00ea roj\u00ea b\u00ea xwar\u00ea. Ew \u00ea her tim dildar \u00fb dilsoz\u00ean v\u00ee welat\u00ee bi armanca tolhildan\u00ea ber\u00ea xwe bidin p\u00eakan\u00eena xeyal\u00ean di n\u00eev\u00ee de mane. Em \u00ea t\u00fb caran soza ku me day\u00ee Eg\u00eed \u00fb G\u00fbl\u00eesor\u00ean v\u00ea xak\u00ea ji b\u00eer nekin. W\u00ea soza me p\u00eakan\u00eena xeyal\u00ean hevr\u00eay\u00ean me be.<\/p>\n<p><strong>Nasnameya Hevala Me Ye \u015eeh\u00eed Wiha Ye: <\/strong><\/p>\n<p><strong>Nasnav: <\/strong>Mezra Botan<\/p>\n<p>Nav \u00fb Pa\u015fnav:\u00a0\u00c7\u00ee\u00e7ek Kili\u00e7<\/p>\n<p>Nav\u00ea day\u00eek:\u00a0G\u00fbler<\/p>\n<p>Nav\u00ea bav:\u00a0Sed\u00eeq<\/p>\n<p>Cih\u00ea ji Day\u00eekb\u00fbn\u00ea: Silop\u00ee-\u015eirnex<\/p>\n<p>Cih \u00fb D\u00eeroka \u015fehadete: 17.06.2023\/ Eyn \u00cesa<\/p>\n<p>&nbsp;<\/p>\n<p>&nbsp;<\/p>\n<p><strong>Fermandariya Gi\u015ft\u00ee a YPJ\u2019\u00ea <\/strong><\/p>\n<p><strong>15-07-2023<\/strong><\/p>\n<p><img loading=\"lazy\" decoding=\"async\" class=\"alignnone size-medium wp-image-16387\" src=\"https:\/\/ypjrojava.net\/wp-content\/uploads\/2023\/07\/DSCN3740-300x225.jpg\" alt=\"\" width=\"300\" height=\"225\" srcset=\"https:\/\/ypjrojava.net\/wp-content\/uploads\/2023\/07\/DSCN3740-300x225.jpg 300w, https:\/\/ypjrojava.net\/wp-content\/uploads\/2023\/07\/DSCN3740-1024x768.jpg 1024w, https:\/\/ypjrojava.net\/wp-content\/uploads\/2023\/07\/DSCN3740-768x576.jpg 768w, https:\/\/ypjrojava.net\/wp-content\/uploads\/2023\/07\/DSCN3740-1536x1152.jpg 1536w, https:\/\/ypjrojava.net\/wp-content\/uploads\/2023\/07\/DSCN3740-2048x1536.jpg 2048w\" sizes=\"auto, (max-width: 300px) 100vw, 300px\" \/> <img loading=\"lazy\" decoding=\"async\" class=\"alignnone size-medium wp-image-16388\" src=\"https:\/\/ypjrojava.net\/wp-content\/uploads\/2023\/07\/DSCN3951-300x225.jpg\" alt=\"\" width=\"300\" height=\"225\" srcset=\"https:\/\/ypjrojava.net\/wp-content\/uploads\/2023\/07\/DSCN3951-300x225.jpg 300w, https:\/\/ypjrojava.net\/wp-content\/uploads\/2023\/07\/DSCN3951-1024x768.jpg 1024w, https:\/\/ypjrojava.net\/wp-content\/uploads\/2023\/07\/DSCN3951-768x576.jpg 768w, https:\/\/ypjrojava.net\/wp-content\/uploads\/2023\/07\/DSCN3951-1536x1152.jpg 1536w, https:\/\/ypjrojava.net\/wp-content\/uploads\/2023\/07\/DSCN3951-2048x1536.jpg 2048w\" sizes=\"auto, (max-width: 300px) 100vw, 300px\" \/> <img loading=\"lazy\" decoding=\"async\" class=\"alignnone size-medium wp-image-16389\" src=\"https:\/\/ypjrojava.net\/wp-content\/uploads\/2023\/07\/SEHID-MEZRA-BOTAN-224x300.png\" alt=\"\" width=\"224\" height=\"300\" srcset=\"https:\/\/ypjrojava.net\/wp-content\/uploads\/2023\/07\/SEHID-MEZRA-BOTAN-224x300.png 224w, https:\/\/ypjrojava.net\/wp-content\/uploads\/2023\/07\/SEHID-MEZRA-BOTAN-766x1024.png 766w, https:\/\/ypjrojava.net\/wp-content\/uploads\/2023\/07\/SEHID-MEZRA-BOTAN-768x1027.png 768w, https:\/\/ypjrojava.net\/wp-content\/uploads\/2023\/07\/SEHID-MEZRA-BOTAN-1149x1536.png 1149w, https:\/\/ypjrojava.net\/wp-content\/uploads\/2023\/07\/SEHID-MEZRA-BOTAN-1532x2048.png 1532w, https:\/\/ypjrojava.net\/wp-content\/uploads\/2023\/07\/SEHID-MEZRA-BOTAN.png 2048w\" sizes=\"auto, (max-width: 224px) 100vw, 224px\" \/> <img loading=\"lazy\" decoding=\"async\" class=\"alignnone size-medium wp-image-16391\" src=\"https:\/\/ypjrojava.net\/wp-content\/uploads\/2023\/07\/2-300x225.png\" alt=\"\" width=\"300\" height=\"225\" srcset=\"https:\/\/ypjrojava.net\/wp-content\/uploads\/2023\/07\/2-300x225.png 300w, https:\/\/ypjrojava.net\/wp-content\/uploads\/2023\/07\/2-1024x768.png 1024w, https:\/\/ypjrojava.net\/wp-content\/uploads\/2023\/07\/2-768x576.png 768w, https:\/\/ypjrojava.net\/wp-content\/uploads\/2023\/07\/2-1536x1152.png 1536w, https:\/\/ypjrojava.net\/wp-content\/uploads\/2023\/07\/2.png 2048w\" sizes=\"auto, (max-width: 300px) 100vw, 300px\" \/><\/p>\n","protected":false},"excerpt":{"rendered":"<p>D\u00eerok careke din di \u015fexs\u00ea leheng\u00ean v\u00ee welat\u00ee de xwe d\u00fbbare dike. Dildar \u00fb dilsoz\u00ean v\u00ea xak\u00ea bi heb\u00fbna xwe ve bi destan\u00ean ku afirandine re mohra xwe li serdem\u00ea azadiya gelan dixin. Hevr\u00ea ya me \u00c7\u00ee\u00e7ek Kili\u00e7 bi nasnav Mezra Botan di temen\u00ea xwe y\u00ea ciwan de bi armanca ji pergala qir\u00eaj ya dewleta [&hellip;]<\/p>\n","protected":false},"author":1,"featured_media":16391,"comment_status":"open","ping_status":"closed","sticky":false,"template":"","format":"standard","meta":{"footnotes":""},"categories":[39,40],"tags":[],"class_list":{"0":"post-16386","1":"post","2":"type-post","3":"status-publish","4":"format-standard","5":"has-post-thumbnail","7":"category-daxuyani","8":"category-wene"},"_links":{"self":[{"href":"https:\/\/ypjrojava.net\/index.php?rest_route=\/wp\/v2\/posts\/16386","targetHints":{"allow":["GET"]}}],"collection":[{"href":"https:\/\/ypjrojava.net\/index.php?rest_route=\/wp\/v2\/posts"}],"about":[{"href":"https:\/\/ypjrojava.net\/index.php?rest_route=\/wp\/v2\/types\/post"}],"author":[{"embeddable":true,"href":"https:\/\/ypjrojava.net\/index.php?rest_route=\/wp\/v2\/users\/1"}],"replies":[{"embeddable":true,"href":"https:\/\/ypjrojava.net\/index.php?rest_route=%2Fwp%2Fv2%2Fcomments&post=16386"}],"version-history":[{"count":1,"href":"https:\/\/ypjrojava.net\/index.php?rest_route=\/wp\/v2\/posts\/16386\/revisions"}],"predecessor-version":[{"id":16392,"href":"https:\/\/ypjrojava.net\/index.php?rest_route=\/wp\/v2\/posts\/16386\/revisions\/16392"}],"wp:featuredmedia":[{"embeddable":true,"href":"https:\/\/ypjrojava.net\/index.php?rest_route=\/wp\/v2\/media\/16391"}],"wp:attachment":[{"href":"https:\/\/ypjrojava.net\/index.php?rest_route=%2Fwp%2Fv2%2Fmedia&parent=16386"}],"wp:term":[{"taxonomy":"category","embeddable":true,"href":"https:\/\/ypjrojava.net\/index.php?rest_route=%2Fwp%2Fv2%2Fcategories&post=16386"},{"taxonomy":"post_tag","embeddable":true,"href":"https:\/\/ypjrojava.net\/index.php?rest_route=%2Fwp%2Fv2%2Ftags&post=16386"}],"curies":[{"name":"wp","href":"https:\/\/api.w.org\/{rel}","templated":true}]}}