{"id":16431,"date":"2023-07-18T16:44:24","date_gmt":"2023-07-18T15:44:24","guid":{"rendered":"https:\/\/ypjrojava.net\/?p=16431"},"modified":"2023-07-18T16:45:22","modified_gmt":"2023-07-18T15:45:22","slug":"soresa-rojava-bi-nave-ypj-gihist-wateya-xwe-ye-rasteqin","status":"publish","type":"post","link":"https:\/\/ypjrojava.net\/?p=16431","title":{"rendered":"\u00a0\u00a0\u015eore\u015fa Rojava Bi Nav\u00ea YPJ Gih\u00ee\u015ft Wateya Xwe Ye Rasteq\u00een"},"content":{"rendered":"<p>T\u00eageha \u015fore\u015fa gelan a li ser axa bak\u00fbr \u00fb rojhilata S\u00fbriy\u00ea bi p\u00ea\u015fengtiya jinan jiyaneke n\u00fb afirand. Di dem\u00ean ku her\u00eam ji ber pol\u00eet\u00eekay\u00ean rej\u00eema BAAS \u00fb h\u00eaz\u00ean hegemon di nava qeyran\u00ea dab\u00fb, weke gel derfet\u00ean \u00e7aren\u00fbsa xwe bi xwe diyar kirin\u00ea\u00a0 derkete hol\u00ea. \u00a0Li ser v\u00ea bingeh\u00ea j\u00ee me bi ked \u00fb teko\u015f\u00eeneke mezin, biryara avakirina pergala konfederal\u00eezma demokrat\u00eek da. B\u00ea ku em pi\u015ftevaniya t\u00fb h\u00eaz\u00eak\u00ee din bigrin, me bi h\u00eaza xwe ya cewher\u00ee \u00fb bi baweriya xwe ye ji jiyana azad re gav bi gav axa xwe ya ku bi\u00a0 desthilatdar\u00ee \u00fb \u00ear\u00ee\u015f\u00ean\u00a0 hegemonan re r\u00fb bi r\u00fb b\u00fb, ji hem\u00fb pol\u00eet\u00eekay\u00ean q\u00eerkirin\u00ea parast \u00fb rizgarkir.<\/p>\n<p>Di tevahiya \u015fore\u015f\u00ean ku li c\u00eehan\u00ea p\u00eak hatine de, heta dawiy\u00ea berjewendiy\u00ean gel \u00fb civakan nehatiye parastin. L\u00ea \u015fore\u015fa Bak\u00fbr \u00fb Rojhilata S\u00fbriy\u00ea paradigmaya civakeke ekolojik,demokrat\u00eek \u00fb azad\u00eexwaziy\u00ea jin\u00ea ji xwe re kir bingeheke esas\u00ee, ji ber w\u00ea j\u00ee \u00eero li erdn\u00eegariya me t\u00eageha \u015fore\u015f\u00ea li gor\u00ee cewhera xwe ye heq\u00eeq\u00ee bi wate b\u00fb. Li ser v\u00ea h\u00eem\u00ea j\u00ee YPJ weke h\u00eazeke sereke berpirsiyartiya pe\u015ferojeke azad a civaka xwe bi dilek\u00ee w\u00earek da ser mil\u00ean xwe. Di destp\u00eak\u00ea de cih girtina jinan a di nava YXK-YPG de ji bo r\u00eaxistinkirina jin \u00fb gelan roleke diyarker l\u00eay\u00eest \u00fb di heman dem\u00ea de rotayeke rast da h\u00eaz\u00ean parastin\u00ea da ku ji bo berjwendiy\u00ean gelan bi r\u00eabaz\u00ean rast teko\u015f\u00eena xwe bilind bikin. Helbet cih girtina YPJ\u2019\u00ea di nava h\u00eaz\u00ean parastin\u00ea de, b\u00fb modelek. Me di \u015f\u00eanberiya \u015fore\u015fa Rojava da d\u00eet ku ger hevretiyeke rast a jin \u00fb zilam p\u00eak were, encax w\u00ea dem\u00ea \u015fore\u015f dikarin bikevin bin xizmeta gelan. Di heman dem\u00ea de \u015eore\u015f\u00ea bi v\u00ea yek\u00ea re \u015f\u00eawaz\u00ea jiyana wekhev \u00fb azad a civakan \u00eefade kir. Bi \u015fore\u015fa jin a Bak\u00fbr \u00fb Rojhilata S\u00fbriy\u00ea re jinan carek din wateya heb\u00fbna xwe a ku bi hezaran salin, ji aliy\u00ea dest\u00ea zilam\u00ean serdest ve hatib\u00fb d\u00eez\u00een, n\u00fb da bidestxist. Bi r\u00eaxistinkirina gel heta perwerde kirin \u00fb di war\u00ea le\u015fker\u00ee de xwe p\u00ea\u015fxistina jinan, di \u00e7ar\u00e7oveya xeta parastina rewa de li hember\u00ee hem\u00fb dagirker\u00ee \u00fb \u00ear\u00ee\u015f\u00ean hey\u00ee asteke teko\u015f\u00een\u00ea a b\u00ea eman dan\u00ee hol\u00ea. \u00a0Heb\u00fbna jin a di qada \u015fer de li ser bingeha nirx\u00ean xwe y\u00ea civak\u00ea parastin\u00ea p\u00ea\u015fket. \u015eervan\u00ean YPJ li ser van nirxan di qada \u015fer de bi p\u00eevan\u00ean \u015fer\u00ea gel\u00ea \u015fore\u015fger\u00ee parastina nasname, heb\u00fbn, ziman, \u00e7and \u00fb v\u00eena azad a gel\u00ea xwe kir. Ji bo w\u00ea j\u00ee \u015eore\u015fa Rojava bi nav\u00ea YPJ gih\u00ee\u015ft wateya xwe ye rasteq\u00een.<\/p>\n<p>Li hember\u00ee hem\u00fb destdirej\u00ee \u00fb pol\u00eet\u00eekay\u00ean t\u00fbnekirina v\u00eena azad a gel\u00ea me, w\u00ea YPJ weke h\u00eazeke sereke teko\u015f\u00eena xwe ya b\u00ea eman \u00fb b\u00ea rawestin bidom\u00eene. Me 11 sal\u00ean ku di nava xwe de teko\u015f\u00een, berxwedan\u00ee, qehreman\u00ee \u00fb rih\u00ea feday\u00eetiyeke pir mezin dihew\u00eene, li pey xwe h\u00eal\u00ee\u015ft. Helbet de di nava v\u00ea serpehatiye me ya di nava \u015eore\u015f\u00ea de, gel\u00ea me her dem li keleka me b\u00fb. Ya ku h\u00ee\u015ft\u00a0 \u015eore\u015f p\u00eak were yekitiya gelan b\u00fb. Ji ber w\u00ea j\u00ee cardin w\u00ea ji bo domandin \u00fb may\u00eendekirina \u015eore\u015fa Jin a Rojava rih\u00ea yekitiya gelan rolek\u00ee diyarker bil\u00eayize.<\/p>\n<p>Gelek fermandar\u00ean me y\u00ean p\u00ea\u015feng \u00a0\u00fb \u015fervan\u00ean me y\u00ean h\u00eaja giyan\u00ea xwe diyar\u00ee \u015eore\u015fa Jin a Rojava kirin. Weke YPJ\u2019\u00ea em\u00ea j\u00ee di oxira doza azadiya gel\u00ea xwe de her dem li pey van nirx\u00ean xwe y\u00ean p\u00eeroz bin \u00fb \u00a0ji bo may\u00eende kirina \u015fore\u015f\u00ea em\u00ea teko\u015f\u00eena xwe bidom\u00eenin. Em li ser van h\u00eeman salvegera \u015fore\u015fa jin \u00fb gelan a 19\u2019\u00ea T\u00eermeh\u00ea di ser\u00ee de li gel\u00ea her\u00eam\u00ea \u00fb\u00a0 tevah\u00ee civak\u00ean azad\u00eexwaz p\u00eeroz dikin.<\/p>\n<p><strong>Fermandariya Gi\u015ft\u00ee a YPJ\u2019\u00ea<\/strong><\/p>\n<p><strong>18.07.2023<\/strong><\/p>\n<p><img loading=\"lazy\" decoding=\"async\" class=\"alignnone size-medium wp-image-16432\" src=\"https:\/\/ypjrojava.net\/wp-content\/uploads\/2023\/07\/1-300x200.png\" alt=\"\" width=\"300\" height=\"200\" srcset=\"https:\/\/ypjrojava.net\/wp-content\/uploads\/2023\/07\/1-300x200.png 300w, https:\/\/ypjrojava.net\/wp-content\/uploads\/2023\/07\/1-1024x682.png 1024w, https:\/\/ypjrojava.net\/wp-content\/uploads\/2023\/07\/1-768x512.png 768w, https:\/\/ypjrojava.net\/wp-content\/uploads\/2023\/07\/1.png 1048w\" sizes=\"auto, (max-width: 300px) 100vw, 300px\" \/><\/p>\n","protected":false},"excerpt":{"rendered":"<p>T\u00eageha \u015fore\u015fa gelan a li ser axa bak\u00fbr \u00fb rojhilata S\u00fbriy\u00ea bi p\u00ea\u015fengtiya jinan jiyaneke n\u00fb afirand. Di dem\u00ean ku her\u00eam ji ber pol\u00eet\u00eekay\u00ean rej\u00eema BAAS \u00fb h\u00eaz\u00ean hegemon di nava qeyran\u00ea dab\u00fb, weke gel derfet\u00ean \u00e7aren\u00fbsa xwe bi xwe diyar kirin\u00ea\u00a0 derkete hol\u00ea. \u00a0Li ser v\u00ea bingeh\u00ea j\u00ee me bi ked \u00fb teko\u015f\u00eeneke mezin, [&hellip;]<\/p>\n","protected":false},"author":1,"featured_media":16432,"comment_status":"open","ping_status":"closed","sticky":false,"template":"","format":"standard","meta":{"footnotes":""},"categories":[39,38,40],"tags":[],"class_list":{"0":"post-16431","1":"post","2":"type-post","3":"status-publish","4":"format-standard","5":"has-post-thumbnail","7":"category-daxuyani","8":"category-nuce","9":"category-wene"},"_links":{"self":[{"href":"https:\/\/ypjrojava.net\/index.php?rest_route=\/wp\/v2\/posts\/16431","targetHints":{"allow":["GET"]}}],"collection":[{"href":"https:\/\/ypjrojava.net\/index.php?rest_route=\/wp\/v2\/posts"}],"about":[{"href":"https:\/\/ypjrojava.net\/index.php?rest_route=\/wp\/v2\/types\/post"}],"author":[{"embeddable":true,"href":"https:\/\/ypjrojava.net\/index.php?rest_route=\/wp\/v2\/users\/1"}],"replies":[{"embeddable":true,"href":"https:\/\/ypjrojava.net\/index.php?rest_route=%2Fwp%2Fv2%2Fcomments&post=16431"}],"version-history":[{"count":1,"href":"https:\/\/ypjrojava.net\/index.php?rest_route=\/wp\/v2\/posts\/16431\/revisions"}],"predecessor-version":[{"id":16433,"href":"https:\/\/ypjrojava.net\/index.php?rest_route=\/wp\/v2\/posts\/16431\/revisions\/16433"}],"wp:featuredmedia":[{"embeddable":true,"href":"https:\/\/ypjrojava.net\/index.php?rest_route=\/wp\/v2\/media\/16432"}],"wp:attachment":[{"href":"https:\/\/ypjrojava.net\/index.php?rest_route=%2Fwp%2Fv2%2Fmedia&parent=16431"}],"wp:term":[{"taxonomy":"category","embeddable":true,"href":"https:\/\/ypjrojava.net\/index.php?rest_route=%2Fwp%2Fv2%2Fcategories&post=16431"},{"taxonomy":"post_tag","embeddable":true,"href":"https:\/\/ypjrojava.net\/index.php?rest_route=%2Fwp%2Fv2%2Ftags&post=16431"}],"curies":[{"name":"wp","href":"https:\/\/api.w.org\/{rel}","templated":true}]}}