{"id":16434,"date":"2023-07-18T19:07:51","date_gmt":"2023-07-18T18:07:51","guid":{"rendered":"https:\/\/ypjrojava.net\/?p=16434"},"modified":"2023-07-18T19:07:51","modified_gmt":"2023-07-18T18:07:51","slug":"li-bajare-qamislo-pakrewanen-doza-azadiye-hatin-bi-biranin","status":"publish","type":"post","link":"https:\/\/ypjrojava.net\/?p=16434","title":{"rendered":"Li Bajar\u00ea Qami\u015flo Pakrewan\u00ean Doza Azadiy\u00ea Hatin Bi B\u00eeran\u00een"},"content":{"rendered":"<p>Bi Boneya Salvegera 11&#8217;m\u00een a \u015eore\u015fa Rojava Li Bajar\u00ea Qami\u015flo Bi Girseyek\u00ee Mezin Gel Herik\u00ee \u00a0Goristana \u015eeh\u00eed Del\u00eel Sar\u00fbxan. Gel\u00ea Welat\u00ea Roj\u00ea Pi\u015ft\u00ee Deqeyek R\u00eazgirtina \u015eeh\u00eedan \u015e\u00fbnde Li Ser Gor\u00ean \u015eehid\u00ean Doza Azadiy\u00ea Bi Kelecaneke Pir Mezin Find Hatin P\u00eaxistin.<\/p>\n<p><img loading=\"lazy\" decoding=\"async\" class=\"alignnone size-medium wp-image-16435\" src=\"https:\/\/ypjrojava.net\/wp-content\/uploads\/2023\/07\/photo1689700347-300x200.jpeg\" alt=\"\" width=\"300\" height=\"200\" srcset=\"https:\/\/ypjrojava.net\/wp-content\/uploads\/2023\/07\/photo1689700347-300x200.jpeg 300w, https:\/\/ypjrojava.net\/wp-content\/uploads\/2023\/07\/photo1689700347-768x512.jpeg 768w, https:\/\/ypjrojava.net\/wp-content\/uploads\/2023\/07\/photo1689700347.jpeg 800w\" sizes=\"auto, (max-width: 300px) 100vw, 300px\" \/> <img loading=\"lazy\" decoding=\"async\" class=\"alignnone size-medium wp-image-16436\" src=\"https:\/\/ypjrojava.net\/wp-content\/uploads\/2023\/07\/photo1689700539-300x135.jpeg\" alt=\"\" width=\"300\" height=\"135\" srcset=\"https:\/\/ypjrojava.net\/wp-content\/uploads\/2023\/07\/photo1689700539-300x135.jpeg 300w, https:\/\/ypjrojava.net\/wp-content\/uploads\/2023\/07\/photo1689700539-1024x461.jpeg 1024w, https:\/\/ypjrojava.net\/wp-content\/uploads\/2023\/07\/photo1689700539-768x346.jpeg 768w, https:\/\/ypjrojava.net\/wp-content\/uploads\/2023\/07\/photo1689700539.jpeg 1280w\" sizes=\"auto, (max-width: 300px) 100vw, 300px\" \/> <img loading=\"lazy\" decoding=\"async\" class=\"alignnone size-medium wp-image-16437\" src=\"https:\/\/ypjrojava.net\/wp-content\/uploads\/2023\/07\/photo1689700339-300x200.jpeg\" alt=\"\" width=\"300\" height=\"200\" srcset=\"https:\/\/ypjrojava.net\/wp-content\/uploads\/2023\/07\/photo1689700339-300x200.jpeg 300w, https:\/\/ypjrojava.net\/wp-content\/uploads\/2023\/07\/photo1689700339-768x512.jpeg 768w, https:\/\/ypjrojava.net\/wp-content\/uploads\/2023\/07\/photo1689700339.jpeg 800w\" sizes=\"auto, (max-width: 300px) 100vw, 300px\" \/> <img loading=\"lazy\" decoding=\"async\" class=\"alignnone size-medium wp-image-16438\" src=\"https:\/\/ypjrojava.net\/wp-content\/uploads\/2023\/07\/photo1689700324-300x200.jpeg\" alt=\"\" width=\"300\" height=\"200\" srcset=\"https:\/\/ypjrojava.net\/wp-content\/uploads\/2023\/07\/photo1689700324-300x200.jpeg 300w, https:\/\/ypjrojava.net\/wp-content\/uploads\/2023\/07\/photo1689700324-768x512.jpeg 768w, https:\/\/ypjrojava.net\/wp-content\/uploads\/2023\/07\/photo1689700324.jpeg 800w\" sizes=\"auto, (max-width: 300px) 100vw, 300px\" \/><\/p>\n","protected":false},"excerpt":{"rendered":"<p>Bi Boneya Salvegera 11&#8217;m\u00een a \u015eore\u015fa Rojava Li Bajar\u00ea Qami\u015flo Bi Girseyek\u00ee Mezin Gel Herik\u00ee \u00a0Goristana \u015eeh\u00eed Del\u00eel Sar\u00fbxan. Gel\u00ea Welat\u00ea Roj\u00ea Pi\u015ft\u00ee Deqeyek R\u00eazgirtina \u015eeh\u00eedan \u015e\u00fbnde Li Ser Gor\u00ean \u015eehid\u00ean Doza Azadiy\u00ea Bi Kelecaneke Pir Mezin Find Hatin P\u00eaxistin.<\/p>\n","protected":false},"author":1,"featured_media":16437,"comment_status":"open","ping_status":"closed","sticky":false,"template":"","format":"standard","meta":{"footnotes":""},"categories":[38,40],"tags":[],"class_list":{"0":"post-16434","1":"post","2":"type-post","3":"status-publish","4":"format-standard","5":"has-post-thumbnail","7":"category-nuce","8":"category-wene"},"_links":{"self":[{"href":"https:\/\/ypjrojava.net\/index.php?rest_route=\/wp\/v2\/posts\/16434","targetHints":{"allow":["GET"]}}],"collection":[{"href":"https:\/\/ypjrojava.net\/index.php?rest_route=\/wp\/v2\/posts"}],"about":[{"href":"https:\/\/ypjrojava.net\/index.php?rest_route=\/wp\/v2\/types\/post"}],"author":[{"embeddable":true,"href":"https:\/\/ypjrojava.net\/index.php?rest_route=\/wp\/v2\/users\/1"}],"replies":[{"embeddable":true,"href":"https:\/\/ypjrojava.net\/index.php?rest_route=%2Fwp%2Fv2%2Fcomments&post=16434"}],"version-history":[{"count":1,"href":"https:\/\/ypjrojava.net\/index.php?rest_route=\/wp\/v2\/posts\/16434\/revisions"}],"predecessor-version":[{"id":16439,"href":"https:\/\/ypjrojava.net\/index.php?rest_route=\/wp\/v2\/posts\/16434\/revisions\/16439"}],"wp:featuredmedia":[{"embeddable":true,"href":"https:\/\/ypjrojava.net\/index.php?rest_route=\/wp\/v2\/media\/16437"}],"wp:attachment":[{"href":"https:\/\/ypjrojava.net\/index.php?rest_route=%2Fwp%2Fv2%2Fmedia&parent=16434"}],"wp:term":[{"taxonomy":"category","embeddable":true,"href":"https:\/\/ypjrojava.net\/index.php?rest_route=%2Fwp%2Fv2%2Fcategories&post=16434"},{"taxonomy":"post_tag","embeddable":true,"href":"https:\/\/ypjrojava.net\/index.php?rest_route=%2Fwp%2Fv2%2Ftags&post=16434"}],"curies":[{"name":"wp","href":"https:\/\/api.w.org\/{rel}","templated":true}]}}