{"id":16474,"date":"2023-07-21T18:53:54","date_gmt":"2023-07-21T17:53:54","guid":{"rendered":"https:\/\/ypjrojava.net\/?p=16474"},"modified":"2023-07-21T18:53:54","modified_gmt":"2023-07-21T17:53:54","slug":"endama-fermandariya-gisti-ya-yekineyen-parastina-jin-sozdar-derik-bi-reka-dimen-tevli-platforma-calakiyen-hevpar-en-jinen-li-elmanyaye-bu","status":"publish","type":"post","link":"https:\/\/ypjrojava.net\/?p=16474","title":{"rendered":"Endama Fermandariya Gi\u015ft\u00ee ya Yek\u00eeney\u00ean Parastina Jin Sozdar D\u00earik bi r\u00eaka d\u00eemen tevl\u00ee platforma \u00e7alakiy\u00ean hevpar \u00ean jin\u00ean li Elmanyay\u00ea b\u00fb."},"content":{"rendered":"<p>Endama Fermandariya Gi\u015ft\u00ee ya Yek\u00eeney\u00ean Parastina Jin Sozdar D\u00earik bi r\u00eaka d\u00eemen tevl\u00ee platforma \u00e7alakiy\u00ean hevpar \u00ean jin\u00ean li Elmanyay\u00ea b\u00fb.<\/p>\n<p>Di bin \u00e7avd\u00ear\u00ee \u00fb organ\u00eezasyona jin\u00ean Kurd \u00fb Elman de, jinan li Elmanyay\u00ea bi be\u015fdarb\u00fbna gelek jin\u00ean ku ji welat\u00ean cuda y\u00ean\u00a0 c\u00eehan\u00ea re platformeke hevpar a \u00e7alakiyan li dar xistin.<\/p>\n<p>Di platforma hevpar de\u00a0\u00a0 nirxandina t\u00eako\u015f\u00eena jinan a 11 salan a li hember\u00ee her cure neheq\u00ee \u00fb \u00e7ewisandin\u00eat\u00ea me\u015fandin, hate niqa\u015f kirin. Di \u00e7ar\u00e7oveya xebat\u00ean hevpar \u00ean tevger \u00fb r\u00eaxistin\u00ean jinan \u00ean li Elmanyay\u00ea de ku di encama \u015fore\u015f \u00fb t\u00eako\u015f\u00eena jinan a 11 sal\u00ean daw\u00ee de hatiye bidestxistin de, endama Fermandariya Gi\u015ft\u00ee Sozdar D\u00earik li ser nav\u00ea Yek\u00eeney\u00ean Parastina Jin\u00ea axaftinek kir. Fermandar Sozdar D\u00earik di destp\u00eaka axaftina xwe de xebat\u00ean jinan \u00ean ji bo lidarxistina v\u00ea platforma hevpar a ku deng\u00ea hem\u00fb jinan di nava xwe de dihew\u00eene p\u00eeroz kir. D\u00earik\u00a0 bal ki\u015fand ser fedekariya Yek\u00eeney\u00ean Parastina Jin a di nava ref\u00ean \u015fore\u015fa jin\u00ea de \u00fb wiha axaftina xwe domand: &#8220;Yek\u00eeney\u00ean Parastina Jin b\u00fbne deng\u00ea hem\u00fb jin\u00ean ku rast\u00ee neheq\u00ee, \u00e7ewisandin, ku\u015ftin \u00fb \u00ee\u015fkencey\u00ea hatine. T\u00eako\u015f\u00eena me b\u00fb tolhildana hem\u00fb jin\u00ean weke tevgera jinan li dij\u00ee rej\u00eema baviksalar dike ye.&#8221;<\/p>\n<p>&nbsp;<\/p>\n<p>Navenda Ragihandina YPJ<\/p>\n<p><img loading=\"lazy\" decoding=\"async\" class=\"alignnone size-medium wp-image-16475\" src=\"https:\/\/ypjrojava.net\/wp-content\/uploads\/2023\/07\/FERMANDAR-SOZDAR-DERIK-TEVLI-KOMCIVINA-JINAN-LI-ALMANYAYE-BU-20.7.2023-300x225.jpeg\" alt=\"\" width=\"300\" height=\"225\" srcset=\"https:\/\/ypjrojava.net\/wp-content\/uploads\/2023\/07\/FERMANDAR-SOZDAR-DERIK-TEVLI-KOMCIVINA-JINAN-LI-ALMANYAYE-BU-20.7.2023-300x225.jpeg 300w, https:\/\/ypjrojava.net\/wp-content\/uploads\/2023\/07\/FERMANDAR-SOZDAR-DERIK-TEVLI-KOMCIVINA-JINAN-LI-ALMANYAYE-BU-20.7.2023-768x576.jpeg 768w, https:\/\/ypjrojava.net\/wp-content\/uploads\/2023\/07\/FERMANDAR-SOZDAR-DERIK-TEVLI-KOMCIVINA-JINAN-LI-ALMANYAYE-BU-20.7.2023.jpeg 1024w\" sizes=\"auto, (max-width: 300px) 100vw, 300px\" \/><\/p>\n","protected":false},"excerpt":{"rendered":"<p>Endama Fermandariya Gi\u015ft\u00ee ya Yek\u00eeney\u00ean Parastina Jin Sozdar D\u00earik bi r\u00eaka d\u00eemen tevl\u00ee platforma \u00e7alakiy\u00ean hevpar \u00ean jin\u00ean li Elmanyay\u00ea b\u00fb. Di bin \u00e7avd\u00ear\u00ee \u00fb organ\u00eezasyona jin\u00ean Kurd \u00fb Elman de, jinan li Elmanyay\u00ea bi be\u015fdarb\u00fbna gelek jin\u00ean ku ji welat\u00ean cuda y\u00ean\u00a0 c\u00eehan\u00ea re platformeke hevpar a \u00e7alakiyan li dar xistin. Di platforma hevpar [&hellip;]<\/p>\n","protected":false},"author":1,"featured_media":16475,"comment_status":"open","ping_status":"closed","sticky":false,"template":"","format":"standard","meta":{"footnotes":""},"categories":[38,40],"tags":[],"class_list":{"0":"post-16474","1":"post","2":"type-post","3":"status-publish","4":"format-standard","5":"has-post-thumbnail","7":"category-nuce","8":"category-wene"},"_links":{"self":[{"href":"https:\/\/ypjrojava.net\/index.php?rest_route=\/wp\/v2\/posts\/16474","targetHints":{"allow":["GET"]}}],"collection":[{"href":"https:\/\/ypjrojava.net\/index.php?rest_route=\/wp\/v2\/posts"}],"about":[{"href":"https:\/\/ypjrojava.net\/index.php?rest_route=\/wp\/v2\/types\/post"}],"author":[{"embeddable":true,"href":"https:\/\/ypjrojava.net\/index.php?rest_route=\/wp\/v2\/users\/1"}],"replies":[{"embeddable":true,"href":"https:\/\/ypjrojava.net\/index.php?rest_route=%2Fwp%2Fv2%2Fcomments&post=16474"}],"version-history":[{"count":1,"href":"https:\/\/ypjrojava.net\/index.php?rest_route=\/wp\/v2\/posts\/16474\/revisions"}],"predecessor-version":[{"id":16476,"href":"https:\/\/ypjrojava.net\/index.php?rest_route=\/wp\/v2\/posts\/16474\/revisions\/16476"}],"wp:featuredmedia":[{"embeddable":true,"href":"https:\/\/ypjrojava.net\/index.php?rest_route=\/wp\/v2\/media\/16475"}],"wp:attachment":[{"href":"https:\/\/ypjrojava.net\/index.php?rest_route=%2Fwp%2Fv2%2Fmedia&parent=16474"}],"wp:term":[{"taxonomy":"category","embeddable":true,"href":"https:\/\/ypjrojava.net\/index.php?rest_route=%2Fwp%2Fv2%2Fcategories&post=16474"},{"taxonomy":"post_tag","embeddable":true,"href":"https:\/\/ypjrojava.net\/index.php?rest_route=%2Fwp%2Fv2%2Ftags&post=16474"}],"curies":[{"name":"wp","href":"https:\/\/api.w.org\/{rel}","templated":true}]}}