{"id":16477,"date":"2023-07-22T08:05:14","date_gmt":"2023-07-22T07:05:14","guid":{"rendered":"https:\/\/ypjrojava.net\/?p=16477"},"modified":"2023-07-22T08:21:06","modified_gmt":"2023-07-22T07:21:06","slug":"ji-gele-me-u-raya-gisti-re-12","status":"publish","type":"post","link":"https:\/\/ypjrojava.net\/?p=16477","title":{"rendered":"Ji Gel\u00ea Me \u00fb Raya Gi\u015ft\u00ee re"},"content":{"rendered":"<p><strong>Ji Gel\u00ea Me \u00fb Raya Gi\u015ft\u00ee re<\/strong><\/p>\n<p>Bi bilindb\u00fbn \u00fb mezinb\u00fbna \u015fore\u015fa Rojava re li Bak\u00fbr Rojhilat\u00ea S\u00fbr\u00ee, di jin \u00fb ciwanan de rih\u00ea\u00a0 parastina nirx\u00ean \u015fore\u015f\u00ea gih\u00ee\u015fte l\u00fbtkey\u00ea. Bi hezaran jin \u00fb ciwan bi v\u00ea armanc\u00ea ber\u00ea xwe didin nava ref\u00ean azadiy\u00ea \u00fb dibin h\u00eaza esas\u00ee a parastina \u015fore\u015fa jin a Rojava.<\/p>\n<p>Hevr\u00eaya me Jakl\u00een Ehmed bi nasnav Nejb\u00eer Zagros \u00a0ji bajar\u00ea Kobaniya berxweder \u00ea. Berxwedaniya d\u00eerok\u00ee a Koban\u00ea bi xwe re neslekeke ku xwed\u00ee li nirx\u00ean azadiy\u00ea derdikeve afirand. Hevala me Nejb\u00eer yek ji wan jin\u00ean ciwane ku heb\u00fbn \u00fb nasnameya xwe ye netew\u00ee bi teko\u015f\u00eena d\u00eerok\u00ee a\u00a0 Koban\u00ea re nas dike \u00fb di sala 2020\u2019an de tevl\u00ee nava ref\u00ean azadiy\u00ea dibe.<\/p>\n<p>Hevr\u00ea Nejb\u00eer di tem\u00ean\u00ea xwe ye ciwan de xwed\u00ee zaneb\u00fbneye bilind a azadiy\u00ea b\u00fb. Ji ber w\u00ea j\u00ee her tim di nava l\u00eager\u00een\u00ea dab\u00fb, ji bo li hember\u00ee hem\u00fb \u00ear\u00ee\u015f\u00ean li ser gel \u00fb welat\u00ea xwe teko\u015f\u00een bike, xwed\u00ee l\u00eah\u00fbrb\u00fbneke k\u00fbr b\u00fb. Hevr\u00ea Nejb\u00eer di demeke pir k\u00fbrt de kesayeta xwe li ser esas\u00ea p\u00eevan\u00ean jiyana azad bi r\u00eaxistin kir \u00fb weke jineke ciwan cih\u00ea xwe di nava yek\u00eeney\u00ean me de girt. Li ser v\u00ea bingeh\u00ee j\u00ee hem di war\u00ea le\u015fker\u00ee hem di war\u00ea birdoz\u00ee de xwe p\u00ea\u015fxist. Pi\u015ft\u00ee demek\u00ee \u015f\u00fbndatir bi l\u00eah\u00fbrb\u00fbneke h\u00een k\u00fbrttir ji bo \u00a0li \u00a0hember\u00ee her c\u00fbr\u00ea \u00ear\u00ee\u015f\u00ean \u00a0teror\u00ee teko\u015f\u00eena xwe bilind bike cih\u00ea xwe di nava Yek\u00eeney\u00ean Ant\u00ee Teror\u00ea (YAT) de girt.<\/p>\n<p>Hevr\u00eaya Nejb\u00eer Zagros di d\u00eeroka 5\u2019\u00ea T\u00eermeh\u00ea de dema ku li ser erka xwe b\u00fb di encama qezayek\u00ee de gih\u00ee\u015ft asta \u015fahadet \u00ea. Em di ser\u00ee de malbata hevr\u00eaya xwe ye h\u00eaja a Nejb\u00eer Zagros \u00fb tevah\u00ee gel\u00ea xwe welatpar\u00eaz re sersaxiy\u00ea dixwazin. Em\u00ea herdem teko\u015f\u00eena xwe ye ji bo avakirina ferdeke azad \u00fb civakeke azad bidom\u00eenin.<\/p>\n<p><strong>Fermandariya Gi\u015ft\u00ee a YPJ\u2019\u00ea <\/strong><\/p>\n<p><strong>22.07.2023<\/strong><\/p>\n<p><img loading=\"lazy\" decoding=\"async\" class=\"alignnone size-medium wp-image-16479\" src=\"https:\/\/ypjrojava.net\/wp-content\/uploads\/2023\/07\/SICIL-224x300.png\" alt=\"\" width=\"224\" height=\"300\" srcset=\"https:\/\/ypjrojava.net\/wp-content\/uploads\/2023\/07\/SICIL-224x300.png 224w, https:\/\/ypjrojava.net\/wp-content\/uploads\/2023\/07\/SICIL-766x1024.png 766w, https:\/\/ypjrojava.net\/wp-content\/uploads\/2023\/07\/SICIL-768x1027.png 768w, https:\/\/ypjrojava.net\/wp-content\/uploads\/2023\/07\/SICIL.png 1048w\" sizes=\"auto, (max-width: 224px) 100vw, 224px\" \/><img loading=\"lazy\" decoding=\"async\" class=\"alignnone size-medium wp-image-16478\" src=\"https:\/\/ypjrojava.net\/wp-content\/uploads\/2023\/07\/SEHID-300x200.png\" alt=\"\" width=\"300\" height=\"200\" srcset=\"https:\/\/ypjrojava.net\/wp-content\/uploads\/2023\/07\/SEHID-300x200.png 300w, https:\/\/ypjrojava.net\/wp-content\/uploads\/2023\/07\/SEHID-1024x683.png 1024w, https:\/\/ypjrojava.net\/wp-content\/uploads\/2023\/07\/SEHID-768x512.png 768w, https:\/\/ypjrojava.net\/wp-content\/uploads\/2023\/07\/SEHID.png 1048w\" sizes=\"auto, (max-width: 300px) 100vw, 300px\" \/><\/p>\n","protected":false},"excerpt":{"rendered":"<p>Ji Gel\u00ea Me \u00fb Raya Gi\u015ft\u00ee re Bi bilindb\u00fbn \u00fb mezinb\u00fbna \u015fore\u015fa Rojava re li Bak\u00fbr Rojhilat\u00ea S\u00fbr\u00ee, di jin \u00fb ciwanan de rih\u00ea\u00a0 parastina nirx\u00ean \u015fore\u015f\u00ea gih\u00ee\u015fte l\u00fbtkey\u00ea. Bi hezaran jin \u00fb ciwan bi v\u00ea armanc\u00ea ber\u00ea xwe didin nava ref\u00ean azadiy\u00ea \u00fb dibin h\u00eaza esas\u00ee a parastina \u015fore\u015fa jin a Rojava. Hevr\u00eaya me [&hellip;]<\/p>\n","protected":false},"author":1,"featured_media":16478,"comment_status":"open","ping_status":"closed","sticky":false,"template":"","format":"standard","meta":{"footnotes":""},"categories":[39,38,40],"tags":[],"class_list":{"0":"post-16477","1":"post","2":"type-post","3":"status-publish","4":"format-standard","5":"has-post-thumbnail","7":"category-daxuyani","8":"category-nuce","9":"category-wene"},"_links":{"self":[{"href":"https:\/\/ypjrojava.net\/index.php?rest_route=\/wp\/v2\/posts\/16477","targetHints":{"allow":["GET"]}}],"collection":[{"href":"https:\/\/ypjrojava.net\/index.php?rest_route=\/wp\/v2\/posts"}],"about":[{"href":"https:\/\/ypjrojava.net\/index.php?rest_route=\/wp\/v2\/types\/post"}],"author":[{"embeddable":true,"href":"https:\/\/ypjrojava.net\/index.php?rest_route=\/wp\/v2\/users\/1"}],"replies":[{"embeddable":true,"href":"https:\/\/ypjrojava.net\/index.php?rest_route=%2Fwp%2Fv2%2Fcomments&post=16477"}],"version-history":[{"count":1,"href":"https:\/\/ypjrojava.net\/index.php?rest_route=\/wp\/v2\/posts\/16477\/revisions"}],"predecessor-version":[{"id":16480,"href":"https:\/\/ypjrojava.net\/index.php?rest_route=\/wp\/v2\/posts\/16477\/revisions\/16480"}],"wp:featuredmedia":[{"embeddable":true,"href":"https:\/\/ypjrojava.net\/index.php?rest_route=\/wp\/v2\/media\/16478"}],"wp:attachment":[{"href":"https:\/\/ypjrojava.net\/index.php?rest_route=%2Fwp%2Fv2%2Fmedia&parent=16477"}],"wp:term":[{"taxonomy":"category","embeddable":true,"href":"https:\/\/ypjrojava.net\/index.php?rest_route=%2Fwp%2Fv2%2Fcategories&post=16477"},{"taxonomy":"post_tag","embeddable":true,"href":"https:\/\/ypjrojava.net\/index.php?rest_route=%2Fwp%2Fv2%2Ftags&post=16477"}],"curies":[{"name":"wp","href":"https:\/\/api.w.org\/{rel}","templated":true}]}}