{"id":16499,"date":"2023-07-22T22:35:32","date_gmt":"2023-07-22T21:35:32","guid":{"rendered":"https:\/\/ypjrojava.net\/?p=16499"},"modified":"2023-07-22T22:35:32","modified_gmt":"2023-07-22T21:35:32","slug":"sandeya-yekitiya-jinen-ezidi-bi-boneya-salvegera-soresa-19e-tirmehe-serdana-yekineyen-parastina-jin-kirin","status":"publish","type":"post","link":"https:\/\/ypjrojava.net\/?p=16499","title":{"rendered":"\u015eandeya Yek\u00eetiya Jin\u00ean \u00cazid\u00ee bi boneya salvegera \u015fore\u015fa 19\u2019\u00ea T\u00eermeh\u00ea serdana Yek\u00eeney\u00ean Parastina Jin kirin."},"content":{"rendered":"<p>\u015eandeya Yek\u00eetiya Jin\u00ean \u00cazid\u00ee bi boneya salvegera \u015fore\u015fa 19\u2019\u00ea T\u00eermeh\u00ea \u00fb salvegera yekem\u00een a \u015fehadeta Fermandar\u00ean YPJ\u2019\u00ea Jiyan Tolhildan, Roj Xab\u00fbr \u00fb endama Yek\u00eeney\u00ean Ant\u00ee Teror\u00ea Bar\u00een Botan serdana YPJ\u2019\u00ea kir. \u015eandeya m\u00eavanan ji aliy\u00ea Berdevka Yek\u00eeney\u00ean Parastina Jin Ruksen Mihemed \u00fb R\u00eavebera Buroya T\u00eakiliy\u00ean Le\u015fker\u00ee ya YPJ\u2019\u00ea Lana His\u00ean ve hatin p\u00ea\u015fwaz\u00eekirin. \u015eandeya jin\u00ean \u00caz\u00eed\u00ee \u00fb YPJ\u2019\u00ea bi taybet li ser fedekariya Yek\u00eeney\u00ean Parastina Jin a di me\u015fa \u015fore\u015fger\u00ee ya li Bakur \u00fb Rojhilat\u00ea S\u00fbriy\u00ea \u00a0n\u00eeqa\u015f kirin.<\/p>\n<p>Navenda Ragihandina YPJ<\/p>\n<p><img loading=\"lazy\" decoding=\"async\" class=\"alignnone size-medium wp-image-16500\" src=\"https:\/\/ypjrojava.net\/wp-content\/uploads\/2023\/07\/WhatsApp-Image-2023-07-22-at-23.40.17-300x225.jpeg\" alt=\"\" width=\"300\" height=\"225\" srcset=\"https:\/\/ypjrojava.net\/wp-content\/uploads\/2023\/07\/WhatsApp-Image-2023-07-22-at-23.40.17-300x225.jpeg 300w, https:\/\/ypjrojava.net\/wp-content\/uploads\/2023\/07\/WhatsApp-Image-2023-07-22-at-23.40.17-768x576.jpeg 768w, https:\/\/ypjrojava.net\/wp-content\/uploads\/2023\/07\/WhatsApp-Image-2023-07-22-at-23.40.17.jpeg 1024w\" sizes=\"auto, (max-width: 300px) 100vw, 300px\" \/> <img loading=\"lazy\" decoding=\"async\" class=\"alignnone size-medium wp-image-16501\" src=\"https:\/\/ypjrojava.net\/wp-content\/uploads\/2023\/07\/WhatsApp-Image-2023-07-22-at-23.40.16-300x225.jpeg\" alt=\"\" width=\"300\" height=\"225\" srcset=\"https:\/\/ypjrojava.net\/wp-content\/uploads\/2023\/07\/WhatsApp-Image-2023-07-22-at-23.40.16-300x225.jpeg 300w, https:\/\/ypjrojava.net\/wp-content\/uploads\/2023\/07\/WhatsApp-Image-2023-07-22-at-23.40.16-768x576.jpeg 768w, https:\/\/ypjrojava.net\/wp-content\/uploads\/2023\/07\/WhatsApp-Image-2023-07-22-at-23.40.16.jpeg 1024w\" sizes=\"auto, (max-width: 300px) 100vw, 300px\" \/><\/p>\n","protected":false},"excerpt":{"rendered":"<p>\u015eandeya Yek\u00eetiya Jin\u00ean \u00cazid\u00ee bi boneya salvegera \u015fore\u015fa 19\u2019\u00ea T\u00eermeh\u00ea \u00fb salvegera yekem\u00een a \u015fehadeta Fermandar\u00ean YPJ\u2019\u00ea Jiyan Tolhildan, Roj Xab\u00fbr \u00fb endama Yek\u00eeney\u00ean Ant\u00ee Teror\u00ea Bar\u00een Botan serdana YPJ\u2019\u00ea kir. \u015eandeya m\u00eavanan ji aliy\u00ea Berdevka Yek\u00eeney\u00ean Parastina Jin Ruksen Mihemed \u00fb R\u00eavebera Buroya T\u00eakiliy\u00ean Le\u015fker\u00ee ya YPJ\u2019\u00ea Lana His\u00ean ve hatin p\u00ea\u015fwaz\u00eekirin. \u015eandeya jin\u00ean [&hellip;]<\/p>\n","protected":false},"author":1,"featured_media":16500,"comment_status":"open","ping_status":"closed","sticky":false,"template":"","format":"standard","meta":{"footnotes":""},"categories":[38,40],"tags":[],"class_list":{"0":"post-16499","1":"post","2":"type-post","3":"status-publish","4":"format-standard","5":"has-post-thumbnail","7":"category-nuce","8":"category-wene"},"_links":{"self":[{"href":"https:\/\/ypjrojava.net\/index.php?rest_route=\/wp\/v2\/posts\/16499","targetHints":{"allow":["GET"]}}],"collection":[{"href":"https:\/\/ypjrojava.net\/index.php?rest_route=\/wp\/v2\/posts"}],"about":[{"href":"https:\/\/ypjrojava.net\/index.php?rest_route=\/wp\/v2\/types\/post"}],"author":[{"embeddable":true,"href":"https:\/\/ypjrojava.net\/index.php?rest_route=\/wp\/v2\/users\/1"}],"replies":[{"embeddable":true,"href":"https:\/\/ypjrojava.net\/index.php?rest_route=%2Fwp%2Fv2%2Fcomments&post=16499"}],"version-history":[{"count":1,"href":"https:\/\/ypjrojava.net\/index.php?rest_route=\/wp\/v2\/posts\/16499\/revisions"}],"predecessor-version":[{"id":16502,"href":"https:\/\/ypjrojava.net\/index.php?rest_route=\/wp\/v2\/posts\/16499\/revisions\/16502"}],"wp:featuredmedia":[{"embeddable":true,"href":"https:\/\/ypjrojava.net\/index.php?rest_route=\/wp\/v2\/media\/16500"}],"wp:attachment":[{"href":"https:\/\/ypjrojava.net\/index.php?rest_route=%2Fwp%2Fv2%2Fmedia&parent=16499"}],"wp:term":[{"taxonomy":"category","embeddable":true,"href":"https:\/\/ypjrojava.net\/index.php?rest_route=%2Fwp%2Fv2%2Fcategories&post=16499"},{"taxonomy":"post_tag","embeddable":true,"href":"https:\/\/ypjrojava.net\/index.php?rest_route=%2Fwp%2Fv2%2Ftags&post=16499"}],"curies":[{"name":"wp","href":"https:\/\/api.w.org\/{rel}","templated":true}]}}