{"id":16527,"date":"2023-07-28T08:02:57","date_gmt":"2023-07-28T07:02:57","guid":{"rendered":"https:\/\/ypjrojava.net\/?p=16527"},"modified":"2023-07-29T14:08:22","modified_gmt":"2023-07-29T13:08:22","slug":"ji-gele-me-u-raya-gisti-re-13","status":"publish","type":"post","link":"https:\/\/ypjrojava.net\/?p=16527","title":{"rendered":"Ji\u00a0 Gel\u00ea me \u00fb Raya Gi\u015ft\u00ee re!"},"content":{"rendered":"<p>Bi \u015fore\u015fa Bak\u00fbr \u00fb Rojhilat\u00ea S\u00fbr\u00ee re jin\u00ean ku li ser v\u00ea ax\u00ea dij\u00een weke lehiy\u00ea ber bi nava ref\u00ean azadiy\u00ea ve her\u00eekin \u00fb xwe li derdora parad\u00eegmaya civakeke demokrat\u00eek, ekoloj\u00eek \u00fb azad\u00eexwaziya jin\u00ea kom kirin.\u00a0 Jin\u00ean w\u00earek r\u00eaxistinb\u00fbna xwe j\u00ee bi nav\u00ea Yek\u00eeney\u00ean Parastina Jin \u015f\u00eanber kirin.<\/p>\n<p>Agir\u00ea \u015fore\u015f\u00ea a ku taritiya serd\u00eam\u00ea ji hol\u00ea rakir, bi p\u00ea\u015fengtiya jin\u00ean teko\u015fer nex\u015fer\u00eaya azadiya civakan ron\u00ee kir. Bi nav\u00ea YPJ\u2019\u00ea teko\u015f\u00eeneke b\u00ea eman a azadiy\u00ea t\u00ea me\u015fandin. Teko\u015f\u00eena li hember\u00ee feraseta zilam\u00ea serdest weke ku n\u00fb de can dide hem\u00fb r\u00fbhberan her roja ku di\u00e7e ge\u015ftir dibe. Elbette di oxira v\u00ea doz\u00ea de gelek hevr\u00eay\u00ean me y\u00ean h\u00eaja can\u00ea xwe feda dikin. Hevr\u00eay\u00ean me Hesina Musa Mihemmed (Ava\u015f\u00een C\u00fbd\u00ee), H\u00eeba Abdulqadir Bekir (H\u00eeba Hesek\u00ea), B\u00ear\u00eevan Abdil Xelef (B\u00ear\u00eevan Hesek\u00ea) \u00fb Em\u00eene Nebo Sil\u00eaman (Dilar Koban\u00ea ) j\u00ee bi v\u00ea rih\u00ea p\u00eeroz ji bo azadiya gel\u00ea xwe kedeke b\u00ea hempa dan.<\/p>\n<p>Hevr\u00eaya me Ava\u015f\u00een Hesek\u00ea (Hesina Musa Mihemmed) di nava malbateke xwed\u00ee nirx\u00ean azadiy\u00ea de mezin dibe. Ev rastiya \u015f\u00eanber a malbat\u00ea ji bo hevr\u00eaya me Ava\u015f\u00een b\u00fb sedema di destp\u00eaka yek\u00eeney\u00ean xwe parastin\u00ea a bi nav\u00ea YXK\u2019\u00ea de cih bigre. Di heman dem\u00ea de bi sekna xwe ye p\u00ea\u015feng j\u00ee b\u00fb yek ji endam\u00ean destp\u00eak\u00ea y\u00ean YPJ\u2019\u00ea. Yekem\u00een endama YPJ\u2019\u00ea a bajar\u00ea Hesek\u00ea hevr\u00ea Ava\u015f\u00een \u00ea. Hevr\u00ea Ava\u015f\u00een yek ji wan hevalane ku di hem\u00fb p\u00eangav\u00ean rizgarkirin\u00ea de bi awayek\u00ee leheng \u015fer kir \u00fb di rizgarkirina her bihusteke \u00a0axa Bak\u00fbr Rojhilat\u00ea S\u00fbriy\u00ea de kedeke b\u00ea hempa da. B\u00ea ku yek k\u00eal\u00ee j\u00ee bi h\u00eanaseya xwe bifikire di hem\u00fb eniy\u00ean \u015fer de, bi sekneke w\u00earek li hember\u00ee tar\u00eetiya DAI\u015e\u2019\u00ea li Hesek\u00ea, Til Temir \u00fb D\u00earazor\u00ea \u015fer kir. Hevr\u00ea Ava\u015f\u00een di nava ref\u00ean YPJ\u2019\u00ea de b\u00fb \u00eefadeya sekna dilsoz \u00fb sozdar ya axa welat.<\/p>\n<p>Hevr\u00ea ya me H\u00eeba Hesek\u00ea (H\u00eeba Abdulqadir Bekir) bi azweriyeke mezin xwe ji hem\u00fb kar \u00fb xebat\u00ean r\u00eaxistin\u00ee berpirsiyar d\u00eedit. Malbata hevr\u00ea H\u00eeba li ser \u00e7anda welatperweriy\u00ea zarok\u00ean xwe mezin kirib\u00fbn, ji ber w\u00ea j\u00ee biray\u00ea hevr\u00ea H\u00eeba j\u00ee bi w\u00ea zaneb\u00fbn\u00ea be\u015fdar\u00ee nava ref\u00ean azadiy\u00ea dibe. Gir\u00eadana bi \u015feh\u00eedan re bi heman rih\u00ee hevr\u00ea H\u00eeba ber bi nava ref\u00ean azadiy\u00ea ve an\u00ee. Hevr\u00ea H\u00eeba bi rih\u00ea hevaltiya di nava ref\u00ean azadiy\u00ea de her tim kelecana \u015fore\u015f\u00ea di dil\u00ea xwe de mezin kir.<\/p>\n<p>Hevr\u00ea B\u00ear\u00eevan Hesek\u00ea (B\u00ear\u00eevan Abdil Xelef) \u00a0j\u00ee di nava malbateke welatpar\u00eaz de mezin dibe \u00fb bi taybet j\u00ee pi\u015ft\u00ee \u015fahadeta biray\u00ea xwe, ber\u00ea xwe dide nava ref\u00ean azadiy\u00ea. Hevr\u00ea B\u00ear\u00eevan bi enerjiya xwe ya herikbar ji bo hevr\u00eay\u00ean xwe dib\u00fb \u00e7avkaniya co\u015f \u00fb kelcan\u00ea. Di heman dem\u00ea de di nava hevr\u00eay\u00ean xwe de bi kedkariya xwe dihate nas\u00een. Gir\u00eadanb\u00fbna hevr\u00ea B\u00ear\u00eevan bi \u015feh\u00eedan re di sekna w\u00ea ya dilsoz de di her k\u00ealiya jiyan\u00ea de xwe dida n\u00ee\u015fandan.<\/p>\n<p>Sekna dildar \u00fb dilsoz a hevr\u00ea Dilar Koban\u00ea (Em\u00eene Nebo Sil\u00eaman) bi heskirina welat re xwe bi wate kirib\u00fb. Ji ber w\u00ea j\u00ee bi heskirineke mezin teko\u015f\u00eena azadiy\u00ea dida me\u015fandin. Hevr\u00ea Dilar bi \u00e7anda welatpar\u00eaziy\u00ea mezin dibe \u00fb ew j\u00ee pi\u015ft\u00ee ku xw\u00ee\u015fka w\u00ea tevl\u00ee nava ref\u00ean azadiy\u00ea dibe, li pey doza azadiya welat dibe r\u00eaw\u00ee \u00fb dibe yek j\u00ee ji wan jin\u00ean teko\u015fer. Di nava ref\u00ean azadiy\u00ea de bi sekna xwe ye serhild\u00ear, berxwed\u00ear \u00fb dir\u00fbst dihate nas\u00een, bi v\u00ea sekna xwe ye w\u00earek\u00a0 b\u00fb \u015fervaneke dilsoz a doza azadiya gelan.<\/p>\n<p>Hevr\u00eay\u00ean me Hesina Musa Mihemmed (Ava\u015f\u00een C\u00fbd\u00ee), H\u00eeba Abdulqadir Bekir (H\u00eeba Hesek\u00ea), B\u00ear\u00eevan Abdil Xelef (B\u00ear\u00eevan Hesek\u00ea) \u00fb Em\u00eene Nebo Sil\u00eaman (Dilar Koban\u00ea ) bi rihek\u00ee bilind \u00fb fedakar xwed\u00ee li nirx\u00ean azadiy\u00ea derketin \u00fb di nava ref\u00ean \u015for\u00ea\u015f\u00ea de bi sekn\u00ean xwe y\u00ean w\u00earek bi hem\u00fb erk\u00ean \u015for\u00ea\u015f\u00ea rab\u00fbn.<\/p>\n<p>Di d\u00eeroka 27\u2019\u00ea T\u00eermeh\u00ea de hevr\u00eay\u00ean me Ava\u015f\u00een Hesek\u00ea (Hesina Musa Mihemmed), H\u00eeba Hesek\u00ea (H\u00eeba Abdulqadir Bekir), B\u00ear\u00eevan Hesek\u00ea (B\u00ear\u00eevan\u00a0 Abdil Xelef) \u00fb Dilar Koban\u00ea (Em\u00eene Nebo Sil\u00eaman) dema ku li ser erka xwe b\u00fbn di encama qezayek\u00ea de gih\u00ee\u015ftin asta \u015fahadet \u00ea. Em di ser\u00ee de ji bo malbat\u00ean hevr\u00eay\u00ean xwe \u00fb tevah\u00ee gel\u00ea xwe y\u00ea welatpar\u00eaz sersaxiy\u00ea dixwazin.<\/p>\n<p>Weke YPJ em\u00ea ji bo jiyan\u00ee kirina xewn \u00fb xeyal\u00ean hevr\u00eay\u00ean xwe y\u00ean \u015feh\u00eed heta dawiy\u00ea teko\u015f\u00eena xwe bidom\u00eenin. Gir\u00eadan \u00fb sozdariya me ye ji \u015feh\u00eedan re her roj bi bilind kirina teko\u015f\u00een\u00ea re watedar dibe.<\/p>\n<p>&nbsp;<\/p>\n<p><strong>Nasnameya Hevr\u00ea me Y\u00ean \u015eeh\u00eed wiha ne: <\/strong><\/p>\n<p><img loading=\"lazy\" decoding=\"async\" class=\"alignnone size-medium wp-image-16528\" src=\"https:\/\/ypjrojava.net\/wp-content\/uploads\/2023\/07\/Avasin-Heseke-Hesina-Musa-Mihemmed-224x300.png\" alt=\"\" width=\"224\" height=\"300\" srcset=\"https:\/\/ypjrojava.net\/wp-content\/uploads\/2023\/07\/Avasin-Heseke-Hesina-Musa-Mihemmed-224x300.png 224w, https:\/\/ypjrojava.net\/wp-content\/uploads\/2023\/07\/Avasin-Heseke-Hesina-Musa-Mihemmed-766x1024.png 766w, https:\/\/ypjrojava.net\/wp-content\/uploads\/2023\/07\/Avasin-Heseke-Hesina-Musa-Mihemmed-768x1027.png 768w, https:\/\/ypjrojava.net\/wp-content\/uploads\/2023\/07\/Avasin-Heseke-Hesina-Musa-Mihemmed-1149x1536.png 1149w, https:\/\/ypjrojava.net\/wp-content\/uploads\/2023\/07\/Avasin-Heseke-Hesina-Musa-Mihemmed.png 1532w\" sizes=\"auto, (max-width: 224px) 100vw, 224px\" \/><\/p>\n<p>Nasnav:\u00a0Ava\u015f\u00een Hesek\u00ea<\/p>\n<p>Nav \u00fb Pa\u015fnav:\u00a0Hesina Musa Mihemmed<\/p>\n<p>Nav\u00ea day\u00eek: Zekiy\u00ea<\/p>\n<p>Nav\u00ea bav:\u00a0Musa<\/p>\n<p>Cih \u00fb D\u00eeroka ji Day\u00eekb\u00fbn\u00ea: 1987- Hesek\u00ea<\/p>\n<p>Cih \u00fb D\u00eeroka \u015fehadete: 27.07.2023\/ Hesek\u00ea<\/p>\n<p>&nbsp;<\/p>\n<p><img loading=\"lazy\" decoding=\"async\" class=\"alignnone size-medium wp-image-16529\" src=\"https:\/\/ypjrojava.net\/wp-content\/uploads\/2023\/07\/Hiba-Heseke-Hiba-Abdulkadir-Bekir--224x300.png\" alt=\"\" width=\"224\" height=\"300\" srcset=\"https:\/\/ypjrojava.net\/wp-content\/uploads\/2023\/07\/Hiba-Heseke-Hiba-Abdulkadir-Bekir--224x300.png 224w, https:\/\/ypjrojava.net\/wp-content\/uploads\/2023\/07\/Hiba-Heseke-Hiba-Abdulkadir-Bekir--766x1024.png 766w, https:\/\/ypjrojava.net\/wp-content\/uploads\/2023\/07\/Hiba-Heseke-Hiba-Abdulkadir-Bekir--768x1027.png 768w, https:\/\/ypjrojava.net\/wp-content\/uploads\/2023\/07\/Hiba-Heseke-Hiba-Abdulkadir-Bekir--1149x1536.png 1149w, https:\/\/ypjrojava.net\/wp-content\/uploads\/2023\/07\/Hiba-Heseke-Hiba-Abdulkadir-Bekir-.png 1532w\" sizes=\"auto, (max-width: 224px) 100vw, 224px\" \/><\/p>\n<p>Nasnav:\u00a0H\u00eeba Hesek\u00ea<\/p>\n<p>Nav \u00fb Pa\u015fnav:\u00a0H\u00eeba Abdulqadir Bekir<\/p>\n<p>Nav\u00ea day\u00eek: Fatma<\/p>\n<p>Nav\u00ea bav:\u00a0Abdilqadir<\/p>\n<p>Cih \u00fb D\u00eeroka ji Day\u00eekb\u00fbn\u00ea: 2003- Hesek\u00ea<\/p>\n<p>Cih \u00fb D\u00eeroka \u015fehadete: 27.07.2023\/ Hesek\u00ea<\/p>\n<p>&nbsp;<\/p>\n<p><img loading=\"lazy\" decoding=\"async\" class=\"alignnone size-medium wp-image-16530\" src=\"https:\/\/ypjrojava.net\/wp-content\/uploads\/2023\/07\/Berivan-Heseke-Berivan-Abdil-Xelef-224x300.png\" alt=\"\" width=\"224\" height=\"300\" srcset=\"https:\/\/ypjrojava.net\/wp-content\/uploads\/2023\/07\/Berivan-Heseke-Berivan-Abdil-Xelef-224x300.png 224w, https:\/\/ypjrojava.net\/wp-content\/uploads\/2023\/07\/Berivan-Heseke-Berivan-Abdil-Xelef-766x1024.png 766w, https:\/\/ypjrojava.net\/wp-content\/uploads\/2023\/07\/Berivan-Heseke-Berivan-Abdil-Xelef-768x1027.png 768w, https:\/\/ypjrojava.net\/wp-content\/uploads\/2023\/07\/Berivan-Heseke-Berivan-Abdil-Xelef-1149x1536.png 1149w, https:\/\/ypjrojava.net\/wp-content\/uploads\/2023\/07\/Berivan-Heseke-Berivan-Abdil-Xelef.png 1532w\" sizes=\"auto, (max-width: 224px) 100vw, 224px\" \/><\/p>\n<p>Nasnav:\u00a0B\u00ear\u00eevan Hesek\u00ea<\/p>\n<p>Nav \u00fb Pa\u015fnav:\u00a0 B\u00ear\u00eevan\u00a0 Abdil Xelef<\/p>\n<p>Nav\u00ea day\u00eek: Fethiye<\/p>\n<p>Nav\u00ea bav:\u00a0Ebd\u00ee<\/p>\n<p>Cih \u00fb D\u00eeroka ji Day\u00eekb\u00fbn\u00ea: 1995- Hesek\u00ea<\/p>\n<p>Cih \u00fb D\u00eeroka \u015fehadete: 27.07.2023\/ Hesek\u00ea<\/p>\n<p><img loading=\"lazy\" decoding=\"async\" class=\"alignnone size-medium wp-image-16531\" src=\"https:\/\/ypjrojava.net\/wp-content\/uploads\/2023\/07\/Dilar-Kobane-Emine-Nebo-Sileman-224x300.png\" alt=\"\" width=\"224\" height=\"300\" srcset=\"https:\/\/ypjrojava.net\/wp-content\/uploads\/2023\/07\/Dilar-Kobane-Emine-Nebo-Sileman-224x300.png 224w, https:\/\/ypjrojava.net\/wp-content\/uploads\/2023\/07\/Dilar-Kobane-Emine-Nebo-Sileman-766x1024.png 766w, https:\/\/ypjrojava.net\/wp-content\/uploads\/2023\/07\/Dilar-Kobane-Emine-Nebo-Sileman-768x1027.png 768w, https:\/\/ypjrojava.net\/wp-content\/uploads\/2023\/07\/Dilar-Kobane-Emine-Nebo-Sileman-1149x1536.png 1149w, https:\/\/ypjrojava.net\/wp-content\/uploads\/2023\/07\/Dilar-Kobane-Emine-Nebo-Sileman.png 1532w\" sizes=\"auto, (max-width: 224px) 100vw, 224px\" \/><\/p>\n<p>Nasnav:\u00a0Dilar Koban\u00ea<\/p>\n<p>Nav \u00fb Pa\u015fnav:\u00a0 Em\u00eene Nebo Sil\u00eaman<\/p>\n<p>Nav\u00ea day\u00eek: Fatma<\/p>\n<p>Nav\u00ea bav:\u00a0Nebo<\/p>\n<p>Cih\u00ea ji Day\u00eekb\u00fbn\u00ea: Koban\u00ea<\/p>\n<p>Cih \u00fb D\u00eeroka \u015fehadete: 27.07.2023\/ Hesek\u00ea<\/p>\n<p>&nbsp;<\/p>\n<p><strong>Fermandariya Gi\u015ft\u00ee a YPJ\u2019\u00ea <\/strong><\/p>\n<p><strong>28.07.2023 <\/strong><\/p>\n","protected":false},"excerpt":{"rendered":"<p>Bi \u015fore\u015fa Bak\u00fbr \u00fb Rojhilat\u00ea S\u00fbr\u00ee re jin\u00ean ku li ser v\u00ea ax\u00ea dij\u00een weke lehiy\u00ea ber bi nava ref\u00ean azadiy\u00ea ve her\u00eekin \u00fb xwe li derdora parad\u00eegmaya civakeke demokrat\u00eek, ekoloj\u00eek \u00fb azad\u00eexwaziya jin\u00ea kom kirin.\u00a0 Jin\u00ean w\u00earek r\u00eaxistinb\u00fbna xwe j\u00ee bi nav\u00ea Yek\u00eeney\u00ean Parastina Jin \u015f\u00eanber kirin. Agir\u00ea \u015fore\u015f\u00ea a ku taritiya serd\u00eam\u00ea ji [&hellip;]<\/p>\n","protected":false},"author":1,"featured_media":16537,"comment_status":"open","ping_status":"closed","sticky":false,"template":"","format":"standard","meta":{"footnotes":""},"categories":[39,40],"tags":[],"class_list":{"0":"post-16527","1":"post","2":"type-post","3":"status-publish","4":"format-standard","5":"has-post-thumbnail","7":"category-daxuyani","8":"category-wene"},"_links":{"self":[{"href":"https:\/\/ypjrojava.net\/index.php?rest_route=\/wp\/v2\/posts\/16527","targetHints":{"allow":["GET"]}}],"collection":[{"href":"https:\/\/ypjrojava.net\/index.php?rest_route=\/wp\/v2\/posts"}],"about":[{"href":"https:\/\/ypjrojava.net\/index.php?rest_route=\/wp\/v2\/types\/post"}],"author":[{"embeddable":true,"href":"https:\/\/ypjrojava.net\/index.php?rest_route=\/wp\/v2\/users\/1"}],"replies":[{"embeddable":true,"href":"https:\/\/ypjrojava.net\/index.php?rest_route=%2Fwp%2Fv2%2Fcomments&post=16527"}],"version-history":[{"count":3,"href":"https:\/\/ypjrojava.net\/index.php?rest_route=\/wp\/v2\/posts\/16527\/revisions"}],"predecessor-version":[{"id":16561,"href":"https:\/\/ypjrojava.net\/index.php?rest_route=\/wp\/v2\/posts\/16527\/revisions\/16561"}],"wp:featuredmedia":[{"embeddable":true,"href":"https:\/\/ypjrojava.net\/index.php?rest_route=\/wp\/v2\/media\/16537"}],"wp:attachment":[{"href":"https:\/\/ypjrojava.net\/index.php?rest_route=%2Fwp%2Fv2%2Fmedia&parent=16527"}],"wp:term":[{"taxonomy":"category","embeddable":true,"href":"https:\/\/ypjrojava.net\/index.php?rest_route=%2Fwp%2Fv2%2Fcategories&post=16527"},{"taxonomy":"post_tag","embeddable":true,"href":"https:\/\/ypjrojava.net\/index.php?rest_route=%2Fwp%2Fv2%2Ftags&post=16527"}],"curies":[{"name":"wp","href":"https:\/\/api.w.org\/{rel}","templated":true}]}}