{"id":16585,"date":"2023-08-03T12:01:52","date_gmt":"2023-08-03T11:01:52","guid":{"rendered":"https:\/\/ypjrojava.net\/?p=16585"},"modified":"2023-08-03T12:01:52","modified_gmt":"2023-08-03T11:01:52","slug":"elefterya-hambi-ifadeya-gerduni-buyina-ypje-ye","status":"publish","type":"post","link":"https:\/\/ypjrojava.net\/?p=16585","title":{"rendered":"Elefterya Hamb\u00ee, \u00cefadeya Gerd\u00fbn\u00ee B\u00fby\u00eena YPJ\u2019\u00ea ye"},"content":{"rendered":"<p>\u015eore\u015fa Jin a Rojava di tevah\u00ee c\u00eehan\u00ea de deng veda \u00fb ji jin\u00ean ku dil\u00ea wan ji bo azadiy\u00ea l\u00eadide re b\u00fb h\u00eaviya jiyaneke bi wate. Pergala modern\u00eeteya kap\u00eetal\u00eest her \u00e7iqas\u00ee xwe weke vebij\u00earkek\u00ee dayne hol\u00ea j\u00ee l\u00ea legera jinan a heq\u00eeqet\u00ea di her dema d\u00eerok\u00ea de b\u00ea navber xwe domandiye.<\/p>\n<p>\u015eore\u015fgera Enternasyol\u00eest Elefterya Hamb\u00ee weke jineke Alman, li hember\u00ee pergala ku jin\u00ea mahk\u00fbm\u00ea t\u00fbne b\u00fbn\u00ea dike, teko\u015f\u00eeneke b\u00eaeman da me\u015fandin. Beriya ku be\u015fdar\u00ee nava ref\u00ean YPJ\u2019\u00ea bibe, li Almanyay\u00ea li hember\u00ee pergala modern\u00eeteya kap\u00eetal\u00eest\u00a0 r\u00eayeke teko\u015f\u00een\u00ea geryaye \u00fb ji ber v\u00ea sedem\u00ea j\u00ee di nava kom\u00ean anar\u015f\u00eest de cih\u00ea xwe girtiye. Pi\u015ft\u00ee w\u00ea j\u00ee bi p\u00eakhatina \u015fore\u015fa Rojava re hem\u00fb xewn,xeyal \u00fb \u00fbtopyay\u00ean ku hevr\u00ea Elefterya tewessira wan dikir, \u015f\u00eanber b\u00fb. Bi deng vedana teko\u015f\u00eena ku li ser v\u00ea ax\u00ea t\u00ea me\u015fandin\u00ea re j\u00ee hevr\u00ea Elefterya stargeha xwe ye jiyan\u00ea n\u00fb da d\u00eet \u00fb li ser v\u00ea bingeh\u00ea ber\u00ea xwe de nava ref\u00ean YPJ\u2019\u00ea.<\/p>\n<p>Hevr\u00eaya me Elefterya bi kesayeta xwe ye w\u00earek, dilsoz \u00fb sozdar re di nava ref\u00ean YPJ\u2019\u00ea de, b\u00fb \u00eefadeya gerd\u00fbn\u00ee b\u00fby\u00eena birdoziya rizgariya jin\u00ea. \u015eore\u015fgera Enternasyol\u00eest Elefterya Hamb\u00ee l\u00eagera xwe ye jiyana azad li erdn\u00eegariya Kurdistan\u00ea bi wate kir. \u00a0Hevr\u00ea Elefterya di teko\u015f\u00eena doza azadiya gel\u00ea c\u00eehan\u00ea de Kurdistan ji xwe re kire navenda esas\u00ee. Ji ber ku di w\u00ea zaneb\u00fbn\u00ea de b\u00fb, ger \u00a0ku di landika mirovahiy\u00ea de maf\u00ea jinan were \u00a0binp\u00eakirin, w\u00ea tu car azad\u00ee li tevah\u00ee c\u00eehan\u00ea serwer nebe. Bi v\u00ea b\u00eer \u00fb baweriya ji p\u00ea\u015feroj\u00ean azad re bi fedakariyeke mezin, di her k\u00ealiya jiyana xwe de ji bo azadiya jin \u00fb civakan bi ked\u00eake \u00a0b\u00eahempa teko\u015f\u00een kir. Hevr\u00ea Elefterya heta dawiy\u00ea bi p\u00eevan\u00ean rast a azadiy\u00ea re gir\u00eaday\u00ee b\u00fb \u00fb kesayeta xwe j\u00ee li gor\u00ee p\u00eevan\u00ean parad\u00eegmaya civakeke demoktar\u00eek,ekoloj\u00eek \u00fb azad\u00eexwaziya jin\u00ea avakirib\u00fb. Pejirandina w\u00ea ya a parad\u00eegmay\u00ea di her k\u00ealiya jiyan\u00ea de bi avayek\u00ee \u015f\u00eanber dihate d\u00eetin. Gir\u00eadanb\u00fbna w\u00ea ye ji hevaltiy\u00ea re hem dema\u00a0 ku jiyan dikir hem j\u00ee bi \u015fahadeta w\u00ea re cardin bi avayek\u00ee vekir\u00ee rih\u00ea mirov\u00ea azad da n\u00ee\u015fan dide.\u00a0 Di heman dem\u00ea de dilsoza mirovahiy\u00ea hevr\u00ea Elefterya, di p\u00eangava tune kirina DAI\u015e\u2019\u00ea de j\u00ee bi avayek\u00ee \u00e7alak rola xwe ley\u00eest. Li hember\u00ee h\u00eaza her\u00ee tar\u00ee a c\u00eehan\u00ea bi rih\u00ea azadiya tevah\u00ee gelan \u015fer\u00ea r\u00fbmeta mirovahiy\u00ea dame\u015fandin. Ji ber hevr\u00ea y\u00ean weke Elefterya teko\u015f\u00eena me ye li hember\u00ee DAI\u015e\u2019\u00ea gih\u00ee\u015fte van rojan. Em\u00ea weke hevr\u00ea y\u00ean Elefterya herdem\u00ea axa welat\u00ea xwe li hember\u00ee \u00ear\u00ee\u015fan bipar\u00eazin.<\/p>\n<p>Hevr\u00ea Elefterya pi\u015ft\u00ee teko\u015f\u00eena ku li hember\u00ee DAI\u015e\u2019\u00ea da me\u015fandin, \u015f\u00fbnda ber\u00ea xwe da \u00e7iyay\u00ean Kurdistan\u00ea \u00fb teko\u015f\u00eena xwe ye azadiya gelan de gih\u00ee\u015ft merheleyeke din \u00fb di \u015f\u00eever\u00eay\u00ean \u00e7iyay\u00ean Kurdistan\u00ea weke ku bi hezaran salan\u00ea li benda v\u00ea me\u015fa azadiy\u00ea b\u00fb, b\u00ea ku xer\u00eebiy\u00ea bik\u015f\u00eene b\u00fb teko\u015fera doza azadiya gelan. Ya ku w\u00ea ber bi \u00e7iyay\u00ean azad ve bir birdoziya R\u00eaber Apo b\u00fb, Elefterya ji v\u00ea doz\u00ea bawer me\u015fa xwe ye b\u00ea daw\u00ee heta h\u00eanaseya xwe ye daw\u00ee bi avayek\u00ee serkeft\u00ee bicih an\u00ee \u00fb di sala 2019\u2019an de li \u00e7iyay\u00ean Kurdistan\u00ea tevl\u00ee karwan\u00ean \u015feh\u00eedan b\u00fb. Teko\u015f\u00eena hevr\u00ea Elefterya a ku hem\u00fb s\u00eenor\u00ean ku bi dest\u00ea h\u00eaz\u00ean hegemon hatib\u00fb x\u00eaz kirin, tar\u00fbmar kir. Em gelek \u015fanazin ku me bi \u015fore\u015fgera enternasyonal\u00eest Elefterya re hevalt\u00ee kir \u00fb em\u00ea gir\u00eadanb\u00fbna xwe ye bi \u015feh\u00eedan re bi serxistina teko\u015f\u00een\u00ea re tac\u00eedar bikin. Em weke YPJ\u2019\u00ea ji bo malbata h\u00eaja a hevr\u00ea xwe Elefterya Hamb\u00ee \u00fb tevah\u00ee gel\u00ea c\u00eehan\u00ea y\u00ean ku xwed\u00ee nirx\u00ean azadiy\u00ea derdikevin re sersaxiy\u00ea dixwazin.<\/p>\n<p>Weke YPJ\u2019\u00ea em\u00ea herdem azad\u00ee \u00fb aramiya tevah\u00ee jinan bikin bingeha esas\u00ee a teko\u015f\u00eena xwe. W\u00ea ji bo me hevr\u00ea y\u00ean weke Elefterya di avakirina pergala konfedaral\u00eezma demokrat\u00eek \u00a0bibin \u00e7avkaniyeke esas\u00ee.<\/p>\n<p><strong>Fermandariya Gi\u015ft\u00ee a YPJ\u2019\u00ea <\/strong><\/p>\n<p><strong>03.08.2023<\/strong><\/p>\n<p><img loading=\"lazy\" decoding=\"async\" class=\"alignnone size-medium wp-image-16586\" src=\"https:\/\/ypjrojava.net\/wp-content\/uploads\/2023\/08\/DAXUYANIYA-S.ELEFTERYA-HAMBI-LOGO-03-08-2023.mp4_snapshot_00.22_2023.08.03_14.01.04-300x169.jpg\" alt=\"\" width=\"300\" height=\"169\" srcset=\"https:\/\/ypjrojava.net\/wp-content\/uploads\/2023\/08\/DAXUYANIYA-S.ELEFTERYA-HAMBI-LOGO-03-08-2023.mp4_snapshot_00.22_2023.08.03_14.01.04-300x169.jpg 300w, https:\/\/ypjrojava.net\/wp-content\/uploads\/2023\/08\/DAXUYANIYA-S.ELEFTERYA-HAMBI-LOGO-03-08-2023.mp4_snapshot_00.22_2023.08.03_14.01.04-1024x576.jpg 1024w, https:\/\/ypjrojava.net\/wp-content\/uploads\/2023\/08\/DAXUYANIYA-S.ELEFTERYA-HAMBI-LOGO-03-08-2023.mp4_snapshot_00.22_2023.08.03_14.01.04-768x432.jpg 768w, https:\/\/ypjrojava.net\/wp-content\/uploads\/2023\/08\/DAXUYANIYA-S.ELEFTERYA-HAMBI-LOGO-03-08-2023.mp4_snapshot_00.22_2023.08.03_14.01.04-1536x864.jpg 1536w, https:\/\/ypjrojava.net\/wp-content\/uploads\/2023\/08\/DAXUYANIYA-S.ELEFTERYA-HAMBI-LOGO-03-08-2023.mp4_snapshot_00.22_2023.08.03_14.01.04-390x220.jpg 390w, https:\/\/ypjrojava.net\/wp-content\/uploads\/2023\/08\/DAXUYANIYA-S.ELEFTERYA-HAMBI-LOGO-03-08-2023.mp4_snapshot_00.22_2023.08.03_14.01.04.jpg 1920w\" sizes=\"auto, (max-width: 300px) 100vw, 300px\" \/><\/p>\n","protected":false},"excerpt":{"rendered":"<p>\u015eore\u015fa Jin a Rojava di tevah\u00ee c\u00eehan\u00ea de deng veda \u00fb ji jin\u00ean ku dil\u00ea wan ji bo azadiy\u00ea l\u00eadide re b\u00fb h\u00eaviya jiyaneke bi wate. Pergala modern\u00eeteya kap\u00eetal\u00eest her \u00e7iqas\u00ee xwe weke vebij\u00earkek\u00ee dayne hol\u00ea j\u00ee l\u00ea legera jinan a heq\u00eeqet\u00ea di her dema d\u00eerok\u00ea de b\u00ea navber xwe domandiye. \u015eore\u015fgera Enternasyol\u00eest Elefterya Hamb\u00ee [&hellip;]<\/p>\n","protected":false},"author":1,"featured_media":16586,"comment_status":"open","ping_status":"closed","sticky":false,"template":"","format":"standard","meta":{"footnotes":""},"categories":[39,38,40],"tags":[],"class_list":{"0":"post-16585","1":"post","2":"type-post","3":"status-publish","4":"format-standard","5":"has-post-thumbnail","7":"category-daxuyani","8":"category-nuce","9":"category-wene"},"_links":{"self":[{"href":"https:\/\/ypjrojava.net\/index.php?rest_route=\/wp\/v2\/posts\/16585","targetHints":{"allow":["GET"]}}],"collection":[{"href":"https:\/\/ypjrojava.net\/index.php?rest_route=\/wp\/v2\/posts"}],"about":[{"href":"https:\/\/ypjrojava.net\/index.php?rest_route=\/wp\/v2\/types\/post"}],"author":[{"embeddable":true,"href":"https:\/\/ypjrojava.net\/index.php?rest_route=\/wp\/v2\/users\/1"}],"replies":[{"embeddable":true,"href":"https:\/\/ypjrojava.net\/index.php?rest_route=%2Fwp%2Fv2%2Fcomments&post=16585"}],"version-history":[{"count":1,"href":"https:\/\/ypjrojava.net\/index.php?rest_route=\/wp\/v2\/posts\/16585\/revisions"}],"predecessor-version":[{"id":16587,"href":"https:\/\/ypjrojava.net\/index.php?rest_route=\/wp\/v2\/posts\/16585\/revisions\/16587"}],"wp:featuredmedia":[{"embeddable":true,"href":"https:\/\/ypjrojava.net\/index.php?rest_route=\/wp\/v2\/media\/16586"}],"wp:attachment":[{"href":"https:\/\/ypjrojava.net\/index.php?rest_route=%2Fwp%2Fv2%2Fmedia&parent=16585"}],"wp:term":[{"taxonomy":"category","embeddable":true,"href":"https:\/\/ypjrojava.net\/index.php?rest_route=%2Fwp%2Fv2%2Fcategories&post=16585"},{"taxonomy":"post_tag","embeddable":true,"href":"https:\/\/ypjrojava.net\/index.php?rest_route=%2Fwp%2Fv2%2Ftags&post=16585"}],"curies":[{"name":"wp","href":"https:\/\/api.w.org\/{rel}","templated":true}]}}