{"id":16595,"date":"2023-08-05T07:13:58","date_gmt":"2023-08-05T06:13:58","guid":{"rendered":"https:\/\/ypjrojava.net\/?p=16595"},"modified":"2023-08-05T07:26:18","modified_gmt":"2023-08-05T06:26:18","slug":"ji-gele-me-u-raya-gisti-re-14","status":"publish","type":"post","link":"https:\/\/ypjrojava.net\/?p=16595","title":{"rendered":"Ji Gel\u00ea Me \u00fb Raya Gi\u015ft\u00ee re!"},"content":{"rendered":"<p>\u015eore\u015fa jin a Bakur \u00fb Rojhilata Suriy\u00ea bi tevl\u00eeb\u00fbna jinan re xwe gihand tevah\u00ee be\u015f\u00ean civak \u00ea. Her jin\u00ean ku di nava r\u00eaf\u00ean azadiy\u00ea de cih digre, dibe h\u00eaza bingeh\u00een a domandin \u00fb bilindkirina \u015eore\u015f \u00ea. Hevr\u00ea ya me Adar Cud\u00ee \u00a0j\u00ee\u00a0 yek ji wan hevalan bu ku di destp\u00eaka \u015eore\u015f\u00ea de cih\u00ea xwe di nava Yek\u00eeney\u00ean Parastina Jin de girt.<\/p>\n<p>Hevr\u00ea \u015e\u00ear\u00een El\u00ee bi nasnav Adar C\u00fbd\u00ee di nava malbateke welatpar\u00eaz a Hesek\u00ea de ji day\u00eek dibe \u00fb ev \u00a0yek j\u00ee dih\u00eale ku her tim di nava l\u00eager\u00eena jiyanek\u00ee azad de be. Bi destpeka \u015eore\u015f\u00ea re hevr\u00ea Adar C\u00fbd\u00ee ji bo parastina nasname, ax \u00fb \u00e7anda gel\u00ea xwe ber\u00ea xwe de nava Yek\u00eeney\u00ean Parastin \u00ea. Hevr\u00ea Adar C\u00fbd\u00ee di destpeka xwe r\u00eaxistinkirina YPJ\u2019\u00ea \u00fb heta \u00eelan kirina w\u00ea de bu \u00eefadeya jina p\u00ea\u015feng. Hevr\u00ea Adar ji bo bilindkirina teko\u015f\u00eena jin kedeke b\u00eahempa da. Li hember\u00ee her c\u00fbre \u00ear\u00ee\u015f\u00ean dagirkir\u00ee \u00fb qirkirin\u00ea bi taybet di teko\u015f\u00eena \u00a0li hember\u00ea DAI\u015e\u2019\u00ea de roleke gir\u00eeng ley\u00eest. Di p\u00eangav\u00ean rizgarkirina Hesek\u00ea, \u015eeddade \u00fb Til Tem\u00eer\u00ea de ji \u00eaniy\u00ean her\u00ee p\u00ea\u015f de li hember\u00ee \u00e7etey\u00ean hov \u015fer kir. \u00a0Hevr\u00ea Adar bi sekna xwe hem di war\u00ea birdoz\u00ee hem j\u00ee le\u015fker\u00ee de herdem p\u00eevan\u00ean m\u00eel\u00eetantiy\u00ea parast \u00fb heta henasey\u00ean xwe ya daw\u00ee xwed\u00ee erk\u00ean xwe derket.<\/p>\n<p>Di diroka 27\u2019\u00ea T\u00eermeh\u00ea de dema ku li ser erka xwe b\u00fb, di encama qezeyek\u00ee bi hevr\u00eay\u00ean xwe Hesina Musa Mihemmed (Ava\u015f\u00een C\u00fbd\u00ee), H\u00eeba Abdulqadir Bekir (H\u00eeba Hesek\u00ea), B\u00ear\u00eevan Abdil Xelef (B\u00ear\u00eevan Hesek\u00ea) \u00fb Em\u00eene Nebo Sil\u00eaman (Dilar Koban\u00ea )\u00a0 re bir\u00eendar bib\u00fb. L\u00ea r\u00fbxm\u00ee hem\u00fb hewildan\u00ean derman kirin\u00ea j\u00ee hevr\u00ea\u00a0 Adar Cud\u00ee di 31\u2019\u00ea T\u00eermeh\u00ea de gih\u00ee\u015ft asta \u015fahadat \u00ea. \u00a0Em di ser\u00ee de ji malbata hevr\u00ea ye xwe ye h\u00eaja \u00fb gel\u00ea xwe ye welatpar\u00eaz re sersaxiy\u00ea dixwazin.<\/p>\n<p>Em weke YPJ\u2019\u00ea li ser w\u00ea soz\u00ea ne ku em\u00ea xwed\u00ee keda hevr\u00ea y\u00ean xwe y\u00ean \u015feh\u00eed derkevin \u00fb gir\u00eadanb\u00fbna xwe ye bi \u015feh\u00eedan re bi da\u00eem\u00ee kirina pergala civakeke azad \u00fb demokrat\u00eek re tac\u00eedar bikin.<\/p>\n<p>Nasnameya Hevr\u00ea ye me wiha ye:<\/p>\n<p><img loading=\"lazy\" decoding=\"async\" class=\"alignnone size-medium wp-image-16596\" src=\"https:\/\/ypjrojava.net\/wp-content\/uploads\/2023\/08\/SICIL-248x300.png\" alt=\"\" width=\"248\" height=\"300\" srcset=\"https:\/\/ypjrojava.net\/wp-content\/uploads\/2023\/08\/SICIL-248x300.png 248w, https:\/\/ypjrojava.net\/wp-content\/uploads\/2023\/08\/SICIL-847x1024.png 847w, https:\/\/ypjrojava.net\/wp-content\/uploads\/2023\/08\/SICIL-768x928.png 768w, https:\/\/ypjrojava.net\/wp-content\/uploads\/2023\/08\/SICIL-1271x1536.png 1271w, https:\/\/ypjrojava.net\/wp-content\/uploads\/2023\/08\/SICIL-1695x2048.png 1695w, https:\/\/ypjrojava.net\/wp-content\/uploads\/2023\/08\/SICIL.png 2031w\" sizes=\"auto, (max-width: 248px) 100vw, 248px\" \/><\/p>\n<p>Nasnav:\u00a0Adar Cud\u00ee<\/p>\n<p>Nav \u00fb Pa\u015fnav:\u00a0\u015e\u00ear\u00een El\u00ee<\/p>\n<p>Nav\u00ea day\u00eek: Leyla<\/p>\n<p>Nav\u00ea bav: Abdulbaq\u00ee<\/p>\n<p>Cih \u00fb D\u00eeroka ji Day\u00eekb\u00fbn\u00ea: 1985- Hesek\u00ea<\/p>\n<p>Cih \u00fb D\u00eeroka \u015fehadete: 31.07.2023\/ Heleb<\/p>\n<p>&nbsp;<\/p>\n<p><strong>Fermandariya Gi\u015ft\u00ee a YPJ\u2019\u00ea<\/strong><\/p>\n<p><strong>05.08.2023<\/strong><\/p>\n<p><img loading=\"lazy\" decoding=\"async\" class=\"alignnone size-medium wp-image-16597\" src=\"https:\/\/ypjrojava.net\/wp-content\/uploads\/2023\/08\/WENE-300x188.png\" alt=\"\" width=\"300\" height=\"188\" srcset=\"https:\/\/ypjrojava.net\/wp-content\/uploads\/2023\/08\/WENE-300x188.png 300w, https:\/\/ypjrojava.net\/wp-content\/uploads\/2023\/08\/WENE-1024x640.png 1024w, https:\/\/ypjrojava.net\/wp-content\/uploads\/2023\/08\/WENE-768x480.png 768w, https:\/\/ypjrojava.net\/wp-content\/uploads\/2023\/08\/WENE-1536x960.png 1536w, https:\/\/ypjrojava.net\/wp-content\/uploads\/2023\/08\/WENE-2048x1280.png 2048w\" sizes=\"auto, (max-width: 300px) 100vw, 300px\" \/><\/p>\n","protected":false},"excerpt":{"rendered":"<p>\u015eore\u015fa jin a Bakur \u00fb Rojhilata Suriy\u00ea bi tevl\u00eeb\u00fbna jinan re xwe gihand tevah\u00ee be\u015f\u00ean civak \u00ea. Her jin\u00ean ku di nava r\u00eaf\u00ean azadiy\u00ea de cih digre, dibe h\u00eaza bingeh\u00een a domandin \u00fb bilindkirina \u015eore\u015f \u00ea. Hevr\u00ea ya me Adar Cud\u00ee \u00a0j\u00ee\u00a0 yek ji wan hevalan bu ku di destp\u00eaka \u015eore\u015f\u00ea de cih\u00ea xwe di [&hellip;]<\/p>\n","protected":false},"author":1,"featured_media":16597,"comment_status":"open","ping_status":"closed","sticky":false,"template":"","format":"standard","meta":{"footnotes":""},"categories":[39,38,40],"tags":[],"class_list":{"0":"post-16595","1":"post","2":"type-post","3":"status-publish","4":"format-standard","5":"has-post-thumbnail","7":"category-daxuyani","8":"category-nuce","9":"category-wene"},"_links":{"self":[{"href":"https:\/\/ypjrojava.net\/index.php?rest_route=\/wp\/v2\/posts\/16595","targetHints":{"allow":["GET"]}}],"collection":[{"href":"https:\/\/ypjrojava.net\/index.php?rest_route=\/wp\/v2\/posts"}],"about":[{"href":"https:\/\/ypjrojava.net\/index.php?rest_route=\/wp\/v2\/types\/post"}],"author":[{"embeddable":true,"href":"https:\/\/ypjrojava.net\/index.php?rest_route=\/wp\/v2\/users\/1"}],"replies":[{"embeddable":true,"href":"https:\/\/ypjrojava.net\/index.php?rest_route=%2Fwp%2Fv2%2Fcomments&post=16595"}],"version-history":[{"count":1,"href":"https:\/\/ypjrojava.net\/index.php?rest_route=\/wp\/v2\/posts\/16595\/revisions"}],"predecessor-version":[{"id":16598,"href":"https:\/\/ypjrojava.net\/index.php?rest_route=\/wp\/v2\/posts\/16595\/revisions\/16598"}],"wp:featuredmedia":[{"embeddable":true,"href":"https:\/\/ypjrojava.net\/index.php?rest_route=\/wp\/v2\/media\/16597"}],"wp:attachment":[{"href":"https:\/\/ypjrojava.net\/index.php?rest_route=%2Fwp%2Fv2%2Fmedia&parent=16595"}],"wp:term":[{"taxonomy":"category","embeddable":true,"href":"https:\/\/ypjrojava.net\/index.php?rest_route=%2Fwp%2Fv2%2Fcategories&post=16595"},{"taxonomy":"post_tag","embeddable":true,"href":"https:\/\/ypjrojava.net\/index.php?rest_route=%2Fwp%2Fv2%2Ftags&post=16595"}],"curies":[{"name":"wp","href":"https:\/\/api.w.org\/{rel}","templated":true}]}}