{"id":16612,"date":"2023-08-06T21:36:50","date_gmt":"2023-08-06T20:36:50","guid":{"rendered":"https:\/\/ypjrojava.net\/?p=16612"},"modified":"2023-08-06T21:36:50","modified_gmt":"2023-08-06T20:36:50","slug":"seniyen-bajare-heseke-sehiden-xwe-yen-leheng-oxirkirin","status":"publish","type":"post","link":"https:\/\/ypjrojava.net\/?p=16612","title":{"rendered":"\u015e\u00eaniy\u00ean bajar\u00ea Hesek\u00ea \u015feh\u00eed\u00ean xwe y\u00ean leheng oxirkirin."},"content":{"rendered":"<p>\u015e\u00eaniy\u00ean bajar\u00ea Hesek\u00ea \u015feh\u00eed Adar C\u00fbd\u00ee \u00fb \u015feh\u00eed Salih Sil\u00eaman El-Ewed li goristana \u015feh\u00eed Dijwar spartin ax\u00ea. Meras\u00eem bi deqeyeke r\u00eazgirtin\u00ea ji bo giyana pak a \u015feh\u00eedan dest p\u00ea kir \u00fb pi\u015ftre Mecl\u00eesa Malbat\u00ean \u015eeh\u00eedan axiv\u00ee \u00fb biryardar\u00ee, berxwedan \u00fb \u00eeradeya \u015fopandina r\u00eaya \u015feh\u00eedan hate day\u00een. ji bo berdewamkirina t\u00eako\u015f\u00een\u00ea \u00fb bilindkirina\u00a0 asta w\u00ea heta dawiy\u00ea hatin destgirtin. Liser nav\u00ea\u00a0 Yek\u00eeney\u00ean Parastina Jin Vian Welat axiv\u00ee \u00fb sersax\u00ee ji malbat\u00ean her du \u015feh\u00eedan Adar C\u00fbd\u00ee \u00fb Salih Sil\u00eaman El-Ewed re xwest, ku tevl\u00ee tevgera azadiy\u00ea bib\u00fb \u00fb di oxira azadiya gel\u00ea xwe de \u015feh\u00eed b\u00fb. Li \u00e7iyay\u00ean Kurdistan\u00ea bi qehremaniyeke mezin li dij\u00ee art\u00ea\u015fa Tirk a dagirker \u015fer kir \u00fb got, &#8220;R\u00eaheval \u015eore\u015f di sala 2018&#8217;an de tevl\u00ee Tevgera Azadiy\u00ea b\u00fb \u00fb heta dilopa xw\u00eena xwe ya paqij a daw\u00ee ji bo azadiya gel\u00ea xwe kedeke mezin da. fermandar Viyan Welat her wiha di axaftina xwe de bal ki\u015fand ser \u00ear\u00ee\u015f\u00ean art\u00ea\u015fa Tirk a dagirker \u00fb \u00ear\u00ee\u015f\u00ean w\u00ea y\u00ean li dij\u00ee gel\u00ea me y\u00ea bi ewle li Rojava \u00fb ger\u00eelay\u00ean ku ji bo azadiya gel\u00ea xwe li \u00e7iyayan \u015fer dikin. ji bo xebat \u00fb teko\u015f\u00eena\u00a0 Adar C\u00fbd\u00ee got, &#8220;\u015eeh\u00eed Adar di sala 2013&#8217;an de tevl\u00ee b\u00fb, ji tevl\u00eeb\u00fbna xwe heta \u015fehadeta xwe kedeke mezin da \u00fb b\u00eay\u00ee ku gavek\u00ea j\u00ee ji erk\u00ean xwe y\u00ean li hember\u00ee gel\u00ea xwe \u00fb welat\u00ea xwe pa\u015fve biav\u00eaje, r\u00eaya azadiy\u00ea hilbijart heta digh\u00eeje asta \u015fehadet\u00ea.&#8221;<\/p>\n<p>Di dawiya axaftina xwe de li ser nav\u00ea Yek\u00eeney\u00ean Parastina Jin soza \u015fopandina r\u00eaya \u015feh\u00eed\u00ean qehreman \u00ean ku ji bo p\u00eakan\u00eena h\u00eav\u00ee \u00fb armanc\u00ean xwe can\u00ea xwe feda kirine, da.<\/p>\n<p>Di dawiy\u00ea de gel \u015feh\u00eed\u00ean xwe di nava til\u00eel\u00ee \u00fb siloganande de \u015feh\u00eed\u00ea xwe spartin ax\u00ea.<\/p>\n<p>&nbsp;<\/p>\n<p><strong>Navenda Ragihandin\u00ea ya Yek\u00eeney\u00ean Parastina Jin<\/strong><\/p>\n<p><img loading=\"lazy\" decoding=\"async\" class=\"alignnone size-medium wp-image-16613\" src=\"https:\/\/ypjrojava.net\/wp-content\/uploads\/2023\/08\/1M2A2866-300x200.jpg\" alt=\"\" width=\"300\" height=\"200\" srcset=\"https:\/\/ypjrojava.net\/wp-content\/uploads\/2023\/08\/1M2A2866-300x200.jpg 300w, https:\/\/ypjrojava.net\/wp-content\/uploads\/2023\/08\/1M2A2866-1024x683.jpg 1024w, https:\/\/ypjrojava.net\/wp-content\/uploads\/2023\/08\/1M2A2866-768x512.jpg 768w, https:\/\/ypjrojava.net\/wp-content\/uploads\/2023\/08\/1M2A2866-1536x1024.jpg 1536w, https:\/\/ypjrojava.net\/wp-content\/uploads\/2023\/08\/1M2A2866-2048x1365.jpg 2048w\" sizes=\"auto, (max-width: 300px) 100vw, 300px\" \/> <img loading=\"lazy\" decoding=\"async\" class=\"alignnone size-medium wp-image-16614\" src=\"https:\/\/ypjrojava.net\/wp-content\/uploads\/2023\/08\/\u200f\u200f1M2A2875-\u0646\u0633\u062e\u0629-300x200.jpg\" alt=\"\" width=\"300\" height=\"200\" srcset=\"https:\/\/ypjrojava.net\/wp-content\/uploads\/2023\/08\/\u200f\u200f1M2A2875-\u0646\u0633\u062e\u0629-300x200.jpg 300w, https:\/\/ypjrojava.net\/wp-content\/uploads\/2023\/08\/\u200f\u200f1M2A2875-\u0646\u0633\u062e\u0629-1024x683.jpg 1024w, https:\/\/ypjrojava.net\/wp-content\/uploads\/2023\/08\/\u200f\u200f1M2A2875-\u0646\u0633\u062e\u0629-768x512.jpg 768w, https:\/\/ypjrojava.net\/wp-content\/uploads\/2023\/08\/\u200f\u200f1M2A2875-\u0646\u0633\u062e\u0629-1536x1024.jpg 1536w, https:\/\/ypjrojava.net\/wp-content\/uploads\/2023\/08\/\u200f\u200f1M2A2875-\u0646\u0633\u062e\u0629-2048x1365.jpg 2048w\" sizes=\"auto, (max-width: 300px) 100vw, 300px\" \/> <img loading=\"lazy\" decoding=\"async\" class=\"alignnone size-medium wp-image-16615\" src=\"https:\/\/ypjrojava.net\/wp-content\/uploads\/2023\/08\/1M2A2877-300x200.jpg\" alt=\"\" width=\"300\" height=\"200\" srcset=\"https:\/\/ypjrojava.net\/wp-content\/uploads\/2023\/08\/1M2A2877-300x200.jpg 300w, https:\/\/ypjrojava.net\/wp-content\/uploads\/2023\/08\/1M2A2877-1024x683.jpg 1024w, https:\/\/ypjrojava.net\/wp-content\/uploads\/2023\/08\/1M2A2877-768x512.jpg 768w, https:\/\/ypjrojava.net\/wp-content\/uploads\/2023\/08\/1M2A2877-1536x1024.jpg 1536w, https:\/\/ypjrojava.net\/wp-content\/uploads\/2023\/08\/1M2A2877-2048x1365.jpg 2048w\" sizes=\"auto, (max-width: 300px) 100vw, 300px\" \/> <img loading=\"lazy\" decoding=\"async\" class=\"alignnone size-medium wp-image-16616\" src=\"https:\/\/ypjrojava.net\/wp-content\/uploads\/2023\/08\/1M2A2884-300x200.jpg\" alt=\"\" width=\"300\" height=\"200\" srcset=\"https:\/\/ypjrojava.net\/wp-content\/uploads\/2023\/08\/1M2A2884-300x200.jpg 300w, https:\/\/ypjrojava.net\/wp-content\/uploads\/2023\/08\/1M2A2884-1024x683.jpg 1024w, https:\/\/ypjrojava.net\/wp-content\/uploads\/2023\/08\/1M2A2884-768x512.jpg 768w, https:\/\/ypjrojava.net\/wp-content\/uploads\/2023\/08\/1M2A2884-1536x1024.jpg 1536w, https:\/\/ypjrojava.net\/wp-content\/uploads\/2023\/08\/1M2A2884-2048x1365.jpg 2048w\" sizes=\"auto, (max-width: 300px) 100vw, 300px\" \/><\/p>\n","protected":false},"excerpt":{"rendered":"<p>\u015e\u00eaniy\u00ean bajar\u00ea Hesek\u00ea \u015feh\u00eed Adar C\u00fbd\u00ee \u00fb \u015feh\u00eed Salih Sil\u00eaman El-Ewed li goristana \u015feh\u00eed Dijwar spartin ax\u00ea. Meras\u00eem bi deqeyeke r\u00eazgirtin\u00ea ji bo giyana pak a \u015feh\u00eedan dest p\u00ea kir \u00fb pi\u015ftre Mecl\u00eesa Malbat\u00ean \u015eeh\u00eedan axiv\u00ee \u00fb biryardar\u00ee, berxwedan \u00fb \u00eeradeya \u015fopandina r\u00eaya \u015feh\u00eedan hate day\u00een. ji bo berdewamkirina t\u00eako\u015f\u00een\u00ea \u00fb bilindkirina\u00a0 asta w\u00ea heta [&hellip;]<\/p>\n","protected":false},"author":1,"featured_media":16616,"comment_status":"open","ping_status":"closed","sticky":false,"template":"","format":"standard","meta":{"footnotes":""},"categories":[38],"tags":[],"class_list":{"0":"post-16612","1":"post","2":"type-post","3":"status-publish","4":"format-standard","5":"has-post-thumbnail","7":"category-nuce"},"_links":{"self":[{"href":"https:\/\/ypjrojava.net\/index.php?rest_route=\/wp\/v2\/posts\/16612","targetHints":{"allow":["GET"]}}],"collection":[{"href":"https:\/\/ypjrojava.net\/index.php?rest_route=\/wp\/v2\/posts"}],"about":[{"href":"https:\/\/ypjrojava.net\/index.php?rest_route=\/wp\/v2\/types\/post"}],"author":[{"embeddable":true,"href":"https:\/\/ypjrojava.net\/index.php?rest_route=\/wp\/v2\/users\/1"}],"replies":[{"embeddable":true,"href":"https:\/\/ypjrojava.net\/index.php?rest_route=%2Fwp%2Fv2%2Fcomments&post=16612"}],"version-history":[{"count":1,"href":"https:\/\/ypjrojava.net\/index.php?rest_route=\/wp\/v2\/posts\/16612\/revisions"}],"predecessor-version":[{"id":16617,"href":"https:\/\/ypjrojava.net\/index.php?rest_route=\/wp\/v2\/posts\/16612\/revisions\/16617"}],"wp:featuredmedia":[{"embeddable":true,"href":"https:\/\/ypjrojava.net\/index.php?rest_route=\/wp\/v2\/media\/16616"}],"wp:attachment":[{"href":"https:\/\/ypjrojava.net\/index.php?rest_route=%2Fwp%2Fv2%2Fmedia&parent=16612"}],"wp:term":[{"taxonomy":"category","embeddable":true,"href":"https:\/\/ypjrojava.net\/index.php?rest_route=%2Fwp%2Fv2%2Fcategories&post=16612"},{"taxonomy":"post_tag","embeddable":true,"href":"https:\/\/ypjrojava.net\/index.php?rest_route=%2Fwp%2Fv2%2Ftags&post=16612"}],"curies":[{"name":"wp","href":"https:\/\/api.w.org\/{rel}","templated":true}]}}