{"id":16645,"date":"2023-08-11T10:03:10","date_gmt":"2023-08-11T09:03:10","guid":{"rendered":"https:\/\/ypjrojava.net\/?p=16645"},"modified":"2023-08-11T10:03:10","modified_gmt":"2023-08-11T09:03:10","slug":"ji-gele-me-u-raya-gisti-re-15","status":"publish","type":"post","link":"https:\/\/ypjrojava.net\/?p=16645","title":{"rendered":"Ji Gel\u00ea me \u00fb Raya Gi\u015ft\u00ee re!"},"content":{"rendered":"<p>Rih\u00ea jin\u00ean ciwan h\u00eaza esas\u00ee a domandin \u00fb bilind kirina \u015fore\u015fa jin a Rojava ye. \u015eore\u015fa ku bi \u00eerade \u00fb birdoziya jin p\u00ea\u015fket cardin bi tevl\u00eeb\u00fbna jinan her roja ku di\u00e7e bi p\u00ea\u015fxistina pergala neteweya demokrat\u00eek re ge\u015ftir dibe. Jinan di nava ref\u00ean YPJ\u2019\u00ea de wateya heb\u00fbna xwe g\u00eehandin asta l\u00fbtkey\u00ea.<\/p>\n<p>T\u00eageh\u00ean berxwedan \u00fb serhildan bi erdn\u00eegariya Botan\u00ea re heman watey\u00ea dihew\u00eene. Bi taybet jin\u00ean Botan\u00ea di teko\u015f\u00eena azadiya gel\u00ea Kurd de herdem bi rola p\u00ea\u015fengtiy\u00ea rab\u00fbne. Ev rih\u00ea berz \u00fb p\u00eeroz a berxwedaniy\u00ea weke kevne\u015fopiyek\u00ea heta roja me ye \u00eero xwe\u00a0 g\u00eehandiye. Hevr\u00eaya me H\u00eecran Ec\u00fbz bi nasnav Vej\u00een Jiyan di sala 2000\u2019an de di nava malbateke welatpar\u00eaz a Ciz\u00eera Botan de \u00e7av\u00ean xwe li jiyan\u00ea vedike. Hevr\u00ea Vej\u00een weke \u00a0jineke ciwan bi \u00e7\u00eerok\u00ean lehengiy\u00ean jinan re mezin dibe \u00fb ev yek j\u00ee\u00a0 di kesayet\u00ea w\u00ea de l\u00eagera jiyaneke azad diafr\u00eene. Di sala 2015\u2019an de dema ku dewleta Tirk a qirker di berxwedaniya r\u00eaveberiy\u00ean xweser a Bak\u00fbr\u00ea Kurdistan\u00ea de bi avayek\u00ee hovane \u00fb dij mirov\u00ee \u00ear\u00ee\u015f bire ser Ciz\u00eera Botan, hevr\u00ea Vej\u00een j\u00ee weke jineke ciwan a Ciz\u00eer\u00ee ji bo li hember\u00ee her c\u00fbre dagirker\u00ee, hov\u00eet\u00ee \u00fb pol\u00eetiy\u00ean kir\u00eat y\u00ean dewleta Tirk bibe bersiv, di sala 2016\u2019an de ber\u00ea xwe de \u015fore\u015fa Rojava \u00fb\u00a0 cih\u00ea xwe di nava ref\u00ean YPJ\u2019\u00ea de girt.<\/p>\n<p>Hevr\u00ea Vej\u00een di daxwaz \u00fb armanc\u00ean xwe \u00a0de zelal b\u00fb. Di nava ref\u00ean azadiy\u00ea de bi rih\u00ea ciwant\u00ee \u00fb bi sekna xwe ye ku di xetta jiyana azad de israr dike re, di demeke k\u00fbrt de f\u00ear\u00ee jiyana \u015fore\u015fger\u00ee b\u00fb. Di nava ref\u00ean \u015fore\u015f\u00ea de xwe perwerde kirin \u00fb kesayeta xwe ava kirin, mijareke giring e. Hevala me Vej\u00een j\u00ee hem xwe perwerde dikir hem j\u00ee xwe li beranber\u00ee perwerde kirina ciwanan j\u00ee berpirsiyart d\u00eedit, bi v\u00ee r\u00fbh\u00ea berpirsiyartiy\u00ea bi sedan ciwan\u00ean Rojavay\u00ea Kurdistan\u00ea\u00a0 perwerde kir. Bi ve sekin \u00fb cesareta xwe\u00a0 di her k\u00eal\u00eeya jiyana xwe ya di nav ref\u00ea azad\u00eey\u00ea de gelek erk \u00fb berpirsiyartiy\u00ean gir\u00eeng da ser mil\u00ean xwe. Di nava \u015fore\u015fa Rojava de b\u00fb xwed\u00ee kedeke b\u00eahempa. Heval Vej\u00een ji bo tola gel\u00ea xwe ji pergala deshiladar rabike \u00fb pergala moderniteya demokratik avabike xwed\u00ee biryardariyeke bilind b\u00fb. Weke jinek\u00ea ciwan di birdoz\u00eeya rizgariya azad\u00eeya jin\u00ea de xwed\u00ee sekneke diyarker b\u00fb. Hevr\u00eaya me Vej\u00een bi sekna xwe di nava ref\u00ean \u015fore\u015f\u00ea de \u00eefadeya rih\u00ea feday\u00eetiy\u00ea dikir.<\/p>\n<p>Hevr\u00ea ye me Vej\u00een dema ku li ser erka xwe b\u00fb, \u00a0di d\u00eeroka 27\u2019\u00ea T\u00eermeh\u00ea de di encama qezeya ku li Hesek\u00ea \u00e7\u00eab\u00fb de, bi hevr\u00eay\u00ean xwe Hesina Musa Mihemmed (Ava\u015f\u00een C\u00fbd\u00ee), H\u00eeba Abdulqadir Bekir (H\u00eeba Hesek\u00ea), B\u00ear\u00eevan Abdil Xelef (B\u00ear\u00eevan Hesek\u00ea), Em\u00eene Nebo Sil\u00eaman (Dilar Koban\u00ea ) \u00fb \u015e\u00ear\u00een El\u00ee (Adar C\u00fbd\u00ee) re\u00a0 bir\u00eendar bib\u00fb \u00fb ruxm\u00ee hem\u00fb hewldan\u00ean derman\u00ea kirin\u00ea j\u00ee di d\u00eeroka 7\u2019\u00ea Tebax\u00ea de ji ber ku bir\u00een\u00ean w\u00ea giran b\u00fbn gih\u00ee\u015ft asta \u015fahadet \u00ea.<\/p>\n<p>Soz \u00fb peymana ji doza \u015feh\u00eedan re t\u00ea day\u00een, soz \u00fb peymana her\u00ee p\u00eeroz e. Em di ser\u00ee de malbata hevr\u00eaya xwe ye h\u00eaja \u00fb tevah\u00ee gel\u00ea xwe ye welatpar\u00eaz re sersaxiy\u00ea dixwazin.<\/p>\n<p>Ji bo rizgarkirin \u00fb xilas kirina her bih\u00fbsteke axa welat gelek hevr\u00eay\u00ean me y\u00ean h\u00eaja can\u00ea xwe feda kirin. Hevra ye me Vej\u00een j\u00ee yek ji wan hevalan b\u00fb, em\u00ea j\u00ee weke hevr\u00ea y\u00ean w\u00ea herdem li pey doza w\u00ea bin. Heta ku azadiya welat m\u00eesoger bibe w\u00ea teko\u015f\u00eena me b\u00ea navber bidome.<\/p>\n<p>Nasnameya hevr\u00eaya me wiha ye:<\/p>\n<p><img loading=\"lazy\" decoding=\"async\" class=\"alignnone size-medium wp-image-16647\" src=\"https:\/\/ypjrojava.net\/wp-content\/uploads\/2023\/08\/VEJIN-JIYAN-204x300.png\" alt=\"\" width=\"204\" height=\"300\" srcset=\"https:\/\/ypjrojava.net\/wp-content\/uploads\/2023\/08\/VEJIN-JIYAN-204x300.png 204w, https:\/\/ypjrojava.net\/wp-content\/uploads\/2023\/08\/VEJIN-JIYAN-698x1024.png 698w, https:\/\/ypjrojava.net\/wp-content\/uploads\/2023\/08\/VEJIN-JIYAN-768x1127.png 768w, https:\/\/ypjrojava.net\/wp-content\/uploads\/2023\/08\/VEJIN-JIYAN-1046x1536.png 1046w, https:\/\/ypjrojava.net\/wp-content\/uploads\/2023\/08\/VEJIN-JIYAN-1395x2048.png 1395w, https:\/\/ypjrojava.net\/wp-content\/uploads\/2023\/08\/VEJIN-JIYAN.png 1744w\" sizes=\"auto, (max-width: 204px) 100vw, 204px\" \/><\/p>\n<p>Nasnav: Vej\u00een Jiyan<\/p>\n<p>Nav \u00fb Pa\u015fnav: H\u00eecran Ec\u00fbz<\/p>\n<p>Nav\u00ea Dayik: Newroz<\/p>\n<p>Nav\u00ea Bav: Behrem<\/p>\n<p>Cih \u00fb D\u00eeroka Ji Dayikb\u00fbne: 2000 \/ Ciz\u00eer<\/p>\n<p>Cih \u00fb D\u00eeroka \u015eehadet\u00ea: 07.08.2023 \/ Hesek\u00ea<\/p>\n<p>&nbsp;<\/p>\n<p><strong>\u00a0<\/strong><strong>Fermandariya Gi\u015ft\u00ee a YPJ\u2019\u00ea <\/strong><\/p>\n<p><strong>11.08.2023\u00a0 <\/strong><\/p>\n","protected":false},"excerpt":{"rendered":"<p>Rih\u00ea jin\u00ean ciwan h\u00eaza esas\u00ee a domandin \u00fb bilind kirina \u015fore\u015fa jin a Rojava ye. \u015eore\u015fa ku bi \u00eerade \u00fb birdoziya jin p\u00ea\u015fket cardin bi tevl\u00eeb\u00fbna jinan her roja ku di\u00e7e bi p\u00ea\u015fxistina pergala neteweya demokrat\u00eek re ge\u015ftir dibe. Jinan di nava ref\u00ean YPJ\u2019\u00ea de wateya heb\u00fbna xwe g\u00eehandin asta l\u00fbtkey\u00ea. T\u00eageh\u00ean berxwedan \u00fb serhildan [&hellip;]<\/p>\n","protected":false},"author":1,"featured_media":16646,"comment_status":"open","ping_status":"closed","sticky":false,"template":"","format":"standard","meta":{"footnotes":""},"categories":[39,40],"tags":[],"class_list":{"0":"post-16645","1":"post","2":"type-post","3":"status-publish","4":"format-standard","5":"has-post-thumbnail","7":"category-daxuyani","8":"category-wene"},"_links":{"self":[{"href":"https:\/\/ypjrojava.net\/index.php?rest_route=\/wp\/v2\/posts\/16645","targetHints":{"allow":["GET"]}}],"collection":[{"href":"https:\/\/ypjrojava.net\/index.php?rest_route=\/wp\/v2\/posts"}],"about":[{"href":"https:\/\/ypjrojava.net\/index.php?rest_route=\/wp\/v2\/types\/post"}],"author":[{"embeddable":true,"href":"https:\/\/ypjrojava.net\/index.php?rest_route=\/wp\/v2\/users\/1"}],"replies":[{"embeddable":true,"href":"https:\/\/ypjrojava.net\/index.php?rest_route=%2Fwp%2Fv2%2Fcomments&post=16645"}],"version-history":[{"count":1,"href":"https:\/\/ypjrojava.net\/index.php?rest_route=\/wp\/v2\/posts\/16645\/revisions"}],"predecessor-version":[{"id":16648,"href":"https:\/\/ypjrojava.net\/index.php?rest_route=\/wp\/v2\/posts\/16645\/revisions\/16648"}],"wp:featuredmedia":[{"embeddable":true,"href":"https:\/\/ypjrojava.net\/index.php?rest_route=\/wp\/v2\/media\/16646"}],"wp:attachment":[{"href":"https:\/\/ypjrojava.net\/index.php?rest_route=%2Fwp%2Fv2%2Fmedia&parent=16645"}],"wp:term":[{"taxonomy":"category","embeddable":true,"href":"https:\/\/ypjrojava.net\/index.php?rest_route=%2Fwp%2Fv2%2Fcategories&post=16645"},{"taxonomy":"post_tag","embeddable":true,"href":"https:\/\/ypjrojava.net\/index.php?rest_route=%2Fwp%2Fv2%2Ftags&post=16645"}],"curies":[{"name":"wp","href":"https:\/\/api.w.org\/{rel}","templated":true}]}}