{"id":16658,"date":"2023-08-12T11:43:20","date_gmt":"2023-08-12T10:43:20","guid":{"rendered":"https:\/\/ypjrojava.net\/?p=16658"},"modified":"2023-08-12T11:43:20","modified_gmt":"2023-08-12T10:43:20","slug":"ji-gele-me-u-raya-gisti-re-16","status":"publish","type":"post","link":"https:\/\/ypjrojava.net\/?p=16658","title":{"rendered":"\u00a0Ji Gel\u00ea me \u00fb Raya Gi\u015ft\u00ee re!"},"content":{"rendered":"<p>Jin\u00ean w\u00earek y\u00ean v\u00ee welat\u00ee bi dilsoziyeke mezin sozdariya xwe ye ji nirx\u00ean \u015fore\u015f\u00ea re bi tevl\u00eeb\u00fbna nava ref\u00ean azadiy\u00ea re \u015f\u00eanber dikin.<\/p>\n<p>Hevr\u00ea ya me L\u00eena Elo bi nasnav Ezda Berxwedan C\u00fbd\u00ee j\u00ee herdem dil \u00fb m\u00eajiy\u00ea xwe ji bo avakirina jiyanek azad \u00fb wekhev ji hem\u00fb kir\u00eatiy\u00ean pergala modern\u00eeteya kap\u00eetal\u00eest parast \u00fb li ser v\u00ea bingeh\u00ea \u00a0j\u00ee ji bajar\u00ea Efr\u00een\u00ea di temen\u00ea xwe y\u00ea ciwan de ber\u00ea xwe da nava ref\u00ean azadiy\u00ea. \u00c7anda welatpar\u00eaziya a ku di nav de mezin b\u00fb di t\u00ea\u015fe girtina kesayet\u00ea hevr\u00ea Ezda de risteke diyarker ley\u00eest. Biray\u00ea hevr\u00ea Ezda, Aslan Qend\u00eel di berxwedaniya d\u00eerok\u00ee a Koban\u00ea de tevl\u00ee karwan\u00ean nemiran b\u00fb, hevr\u00ea Ezda j\u00ee \u015fopandina doza \u015feh\u00eedan weke p\u00eevaneke esas\u00ee a jiyan\u00ea xwe ji xwe re esas girt.<\/p>\n<p>Hevr\u00ea Ezda bi rih\u00ea xwe y\u00ea ciwan di nava teko\u015f\u00eena azadiya welat de li pey xeyal\u00ean zarokatiya xwe baz da. Hevr\u00ea Ezda e\u015fqa xwe ye ji jiyana azad re her dem bi bilind kirina teko\u015f\u00een \u00fb berxwedaniy\u00ea domand. Di nava ref\u00ean azadiy\u00ea de weke jineke ciwan herdem ji hawirdora xwe re b\u00fb \u00e7avkaniya moral \u00fb kelecan \u00ea. Ked \u00fb fedakar\u00ee b\u00fbn t\u00eageh\u00ean ku p\u00eanaseya kesayeta hevr\u00ea Ezda dikin.<\/p>\n<p>Gotina \u2018Jin\u00ean her\u00ee xwe\u015fik y\u00ean c\u00eehan\u00ea, li hember\u00ee zilam\u00ean her\u00ee kir\u00eat y\u00ean c\u00eehan\u00ea \u015fer dikin\u2019 di wateya xwe ye rasteq\u00een de bi saya hevr\u00eay\u00ean weke Ezda re \u015f\u00eanber b\u00fb. Hevr\u00ea ya me Ezda di teko\u015f\u00eena li hember\u00ee DAI\u015e\u2019\u00ea de, di p\u00eangava rizgar kirina Reqa \u00fb D\u00earazor\u00ea de li hember\u00ee \u00e7etey\u00ean hov \u015fer kir. Ji bo gel\u00ea xwe \u00fb jinan ji zilma DAI\u015e\u2019\u00ea xilas bike, bi h\u00eaz \u00fb baweriyeke mezin di eniy\u00ean her\u00ee p\u00ea\u015f de cih\u00ea xwe girt. Hevr\u00ea Ezda li hember\u00ee pol\u00eet\u00eekay\u00ean qirkirin, pi\u015faftin \u00fb dagirkeriya h\u00eaz\u00ean hegemon xwed\u00ee l\u00eah\u00fbrb\u00fbneke k\u00fbr b\u00fb. Ji ber w\u00ea j\u00ee di\u00a0 me\u015fa azadiy\u00ea doza azadiya gelan de heta h\u00eanaseya xwe ye daw\u00ee j\u00ee tems\u00eela xeta jiyana azad kir.<\/p>\n<p>Hevr\u00ea ya me Ezda dema ku li ser erka xwe b\u00fb, di encama qezeya traf\u00eek\u00ea de di 9\u2019\u00ea Tebax\u00ea de tevl\u00ee karwan\u00ean nemiran b\u00fb.<\/p>\n<p>Can\u00ean ciwan y\u00ean ku sozdar\u00ea doza azadiya gelan in, h\u00eaviya me ye p\u00ea\u015feroj\u00ea ge\u015f dikin. Hevr\u00ea ye me Ezda j\u00ee yek ji wan hevalane ku \u00eefadeya r\u00fbh\u00ea domandina \u015fore\u015f\u00ea dike. Em di ser\u00ee de ji malbata h\u00eaja a hevr\u00ea xwe Ezda \u00fb tevah\u00ee gel\u00ea xwe y\u00ea welatpar\u00eaz re sersaxiy\u00ea dixwazin. Em\u00ea j\u00ee weke hevr\u00ea y\u00ean w\u00ea ji bo avakirina welatek\u00ee azad her dem bibin, \u015fopdar\u00ean doza \u015feh\u00eedan \u00fb bibin nobedar\u00ean soza xwe.<\/p>\n<p><strong>Nasnameya Hevr\u00ea ye me wiha ye:<\/strong><\/p>\n<p><img loading=\"lazy\" decoding=\"async\" class=\"alignnone size-medium wp-image-16659\" src=\"https:\/\/ypjrojava.net\/wp-content\/uploads\/2023\/08\/SEHID-1-224x300.png\" alt=\"\" width=\"224\" height=\"300\" srcset=\"https:\/\/ypjrojava.net\/wp-content\/uploads\/2023\/08\/SEHID-1-224x300.png 224w, https:\/\/ypjrojava.net\/wp-content\/uploads\/2023\/08\/SEHID-1-766x1024.png 766w, https:\/\/ypjrojava.net\/wp-content\/uploads\/2023\/08\/SEHID-1-768x1027.png 768w, https:\/\/ypjrojava.net\/wp-content\/uploads\/2023\/08\/SEHID-1-1149x1536.png 1149w, https:\/\/ypjrojava.net\/wp-content\/uploads\/2023\/08\/SEHID-1-1532x2048.png 1532w, https:\/\/ypjrojava.net\/wp-content\/uploads\/2023\/08\/SEHID-1.png 2048w\" sizes=\"auto, (max-width: 224px) 100vw, 224px\" \/><\/p>\n<p>Nasnav: Ezda Berxwedan C\u00fbd\u00ee<\/p>\n<p>Nav \u00fb Pa\u015fnav: L\u00eena Elo<\/p>\n<p>Nav\u00ea Dayik: Wesfiye<\/p>\n<p>Nav\u00ea Bav: Hikmet<\/p>\n<p>Cih \u00fb D\u00eeroka \u015eehadet\u00ea: 09.08.2023 \/ Tabqa<\/p>\n<p>&nbsp;<\/p>\n<p><strong>Fermandariya Gi\u015ft\u00ee a YPJ\u2019\u00ea <\/strong><\/p>\n<p><strong>12.08.2023<\/strong><\/p>\n","protected":false},"excerpt":{"rendered":"<p>Jin\u00ean w\u00earek y\u00ean v\u00ee welat\u00ee bi dilsoziyeke mezin sozdariya xwe ye ji nirx\u00ean \u015fore\u015f\u00ea re bi tevl\u00eeb\u00fbna nava ref\u00ean azadiy\u00ea re \u015f\u00eanber dikin. Hevr\u00ea ya me L\u00eena Elo bi nasnav Ezda Berxwedan C\u00fbd\u00ee j\u00ee herdem dil \u00fb m\u00eajiy\u00ea xwe ji bo avakirina jiyanek azad \u00fb wekhev ji hem\u00fb kir\u00eatiy\u00ean pergala modern\u00eeteya kap\u00eetal\u00eest parast \u00fb li [&hellip;]<\/p>\n","protected":false},"author":1,"featured_media":16660,"comment_status":"open","ping_status":"closed","sticky":false,"template":"","format":"standard","meta":{"footnotes":""},"categories":[39,40],"tags":[],"class_list":{"0":"post-16658","1":"post","2":"type-post","3":"status-publish","4":"format-standard","5":"has-post-thumbnail","7":"category-daxuyani","8":"category-wene"},"_links":{"self":[{"href":"https:\/\/ypjrojava.net\/index.php?rest_route=\/wp\/v2\/posts\/16658","targetHints":{"allow":["GET"]}}],"collection":[{"href":"https:\/\/ypjrojava.net\/index.php?rest_route=\/wp\/v2\/posts"}],"about":[{"href":"https:\/\/ypjrojava.net\/index.php?rest_route=\/wp\/v2\/types\/post"}],"author":[{"embeddable":true,"href":"https:\/\/ypjrojava.net\/index.php?rest_route=\/wp\/v2\/users\/1"}],"replies":[{"embeddable":true,"href":"https:\/\/ypjrojava.net\/index.php?rest_route=%2Fwp%2Fv2%2Fcomments&post=16658"}],"version-history":[{"count":2,"href":"https:\/\/ypjrojava.net\/index.php?rest_route=\/wp\/v2\/posts\/16658\/revisions"}],"predecessor-version":[{"id":16662,"href":"https:\/\/ypjrojava.net\/index.php?rest_route=\/wp\/v2\/posts\/16658\/revisions\/16662"}],"wp:featuredmedia":[{"embeddable":true,"href":"https:\/\/ypjrojava.net\/index.php?rest_route=\/wp\/v2\/media\/16660"}],"wp:attachment":[{"href":"https:\/\/ypjrojava.net\/index.php?rest_route=%2Fwp%2Fv2%2Fmedia&parent=16658"}],"wp:term":[{"taxonomy":"category","embeddable":true,"href":"https:\/\/ypjrojava.net\/index.php?rest_route=%2Fwp%2Fv2%2Fcategories&post=16658"},{"taxonomy":"post_tag","embeddable":true,"href":"https:\/\/ypjrojava.net\/index.php?rest_route=%2Fwp%2Fv2%2Ftags&post=16658"}],"curies":[{"name":"wp","href":"https:\/\/api.w.org\/{rel}","templated":true}]}}