{"id":16695,"date":"2023-08-22T07:47:08","date_gmt":"2023-08-22T06:47:08","guid":{"rendered":"https:\/\/ypjrojava.net\/?p=16695"},"modified":"2023-08-22T08:46:10","modified_gmt":"2023-08-22T07:46:10","slug":"ji-gele-me-u-raya-gisti-re-17","status":"publish","type":"post","link":"https:\/\/ypjrojava.net\/?p=16695","title":{"rendered":"Ji Gel\u00ea Me \u00fb Raya Gi\u015ft\u00ee Re!"},"content":{"rendered":"<p>Di \u015fore\u015fa Rojava de yek\u00eetiya gelan bi pergala modern\u00eeteya demokrat\u00eek re \u015f\u00eanber b\u00fb. Jin\u00ean Kurd \u00fb Ereb di nava raf\u00ean YPJ\u2019\u00ea de ji bo parastin \u00fb may\u00eende kirina \u015fore\u015f\u00ea mil bi mil teko\u015f\u00eena xwe bilind dikin.<\/p>\n<p>Rih\u00ean ciwan y\u00ean ku weke hevr\u00ea R\u00eem j\u00ee\u00a0 bi armanca bidestxistina azadiya welat heb\u00fbna xwe di nava Ref\u00ean YPJ\u2019\u00ea bi wate dikin. Hevr\u00ea ya me R\u00eem El\u00ee El Casim, bi baweriya xwe ye ji doza azadiya gelan re li ser \u015fopa Rojb\u00een Ereb \u00fb Heb\u00fbnan, bi armanc \u00fb h\u00eaviya mezin di temen\u00ea xwe y\u00ea ciwan de, ber\u00ea xwe da nava ref\u00ean azadiy\u00ea. Parad\u00eegmaya ku hem\u00fb gel \u00fb netew\u00ean cuda di bin s\u00eewana xwe de kom dike, netewa demokrat\u00eek e. Ji lewra hevreya me R\u00eem j\u00ee bi v\u00ea rih\u00ea p\u00eeroz, dibe yek ji par\u00eazvan\u00ean welat\u00ea xwe. Hevr\u00ea R\u00eem bi xeyal\u00ean p\u00eakan\u00eena jiyaneke azad \u00fb bi r\u00fbmet di nava ref\u00ean YPJ\u2019\u00ea de cih\u00ea xwe girt. Bi berpirsyartiya rih\u00ea dem\u00ea a ji bo xwed\u00ee derketin \u00fb bilind teko\u015f\u00eena jinan h\u00ear k\u00ealiya jiyana xwe kire bin xizmeta \u015fore\u015fa azadiya gelan. Li ser v\u00ea bingeh\u00ea j\u00ee di demeke k\u00fbrt de kesayata xwe li esas\u00ea be\u015fdarb\u00fbna xwe ye nava ref\u00ean \u015fore\u015f\u00ea perwerde kir \u00fb b\u00fb \u015fervaneke w\u00earek \u00fb dilsoz.<\/p>\n<p>Hevr\u00ea ya me R\u00eem El\u00ee El Casim dema ku li ser erka xwe b\u00fb, di encama qezeya traf\u00eeq\u00ea de di 20\u2019\u00ea Tebax\u00ea de tevl\u00ee karwan\u00ean nemiran b\u00fb.<\/p>\n<p>Weke YPJ ji bo me rih\u00ean ku di temen\u00ean ciwan de ber\u00ea xwe didin nava \u015fore\u015fa mirovahiy\u00ea de, biryardar\u00ee \u00fb domandina \u00eedeal\u00ean welatek\u00ee azad \u00fb heb\u00fbneke bi r\u00fbmet \u00eefade dikin. Hevr\u00eaya me R\u00eem j\u00ee, ji bo me b\u00fb \u00eefadeya biryardar\u00ee \u00fb israra serxistina jiyana azad. Em di ser\u00ee de ji malbata h\u00eaja a hevr\u00ea xwe R\u00eem \u00fb tevah\u00ee gel\u00ea xwe y\u00ea welatpar\u00eaz re sersaxiy\u00ea dixwazin. Weke hevrey\u00ean R\u00eem, em\u00ea herdem bi x\u00fbrt kirin \u00fb bilindkirina yek\u00eetiya jin\u00ean Kurd \u00fb Ereb parastina axa xwe bikin.<\/p>\n<p><strong>Nasnameya Hevr\u00ea ye me wiha ye:<\/strong><\/p>\n<p><img loading=\"lazy\" decoding=\"async\" class=\"alignnone size-medium wp-image-16696\" src=\"https:\/\/ypjrojava.net\/wp-content\/uploads\/2023\/08\/SEHID-TEBQA-224x300.png\" alt=\"\" width=\"224\" height=\"300\" srcset=\"https:\/\/ypjrojava.net\/wp-content\/uploads\/2023\/08\/SEHID-TEBQA-224x300.png 224w, https:\/\/ypjrojava.net\/wp-content\/uploads\/2023\/08\/SEHID-TEBQA-766x1024.png 766w, https:\/\/ypjrojava.net\/wp-content\/uploads\/2023\/08\/SEHID-TEBQA-768x1027.png 768w, https:\/\/ypjrojava.net\/wp-content\/uploads\/2023\/08\/SEHID-TEBQA-1149x1536.png 1149w, https:\/\/ypjrojava.net\/wp-content\/uploads\/2023\/08\/SEHID-TEBQA.png 1158w\" sizes=\"auto, (max-width: 224px) 100vw, 224px\" \/><\/p>\n<p>Nasnav:\u00a0R\u00eem El\u00ee Elcasim<\/p>\n<p>Nav \u00fb Pa\u015fnav:\u00a0R\u00eem El\u00ee Elcasim<\/p>\n<p>Nav\u00ea day\u00eek: Em\u00eera<\/p>\n<p>Nav\u00ea bav: El\u00ee<\/p>\n<p>Cih \u00fb D\u00eeroka \u015fehadete: 20.08.2023<\/p>\n<p>&nbsp;<\/p>\n<p><strong>Fermandariya Gi\u015ft\u00ee a YPJ\u2019\u00ea<\/strong><\/p>\n<p><strong>22.08.2023<\/strong><\/p>\n<p><img loading=\"lazy\" decoding=\"async\" class=\"alignnone size-medium wp-image-16698\" src=\"https:\/\/ypjrojava.net\/wp-content\/uploads\/2023\/08\/Untitled-5-300x189.png\" alt=\"\" width=\"300\" height=\"189\" srcset=\"https:\/\/ypjrojava.net\/wp-content\/uploads\/2023\/08\/Untitled-5-300x189.png 300w, https:\/\/ypjrojava.net\/wp-content\/uploads\/2023\/08\/Untitled-5-1024x646.png 1024w, https:\/\/ypjrojava.net\/wp-content\/uploads\/2023\/08\/Untitled-5-768x484.png 768w, https:\/\/ypjrojava.net\/wp-content\/uploads\/2023\/08\/Untitled-5-1536x969.png 1536w, https:\/\/ypjrojava.net\/wp-content\/uploads\/2023\/08\/Untitled-5.png 1712w\" sizes=\"auto, (max-width: 300px) 100vw, 300px\" \/><\/p>\n<p>&nbsp;<\/p>\n<p>&nbsp;<\/p>\n","protected":false},"excerpt":{"rendered":"<p>Di \u015fore\u015fa Rojava de yek\u00eetiya gelan bi pergala modern\u00eeteya demokrat\u00eek re \u015f\u00eanber b\u00fb. Jin\u00ean Kurd \u00fb Ereb di nava raf\u00ean YPJ\u2019\u00ea de ji bo parastin \u00fb may\u00eende kirina \u015fore\u015f\u00ea mil bi mil teko\u015f\u00eena xwe bilind dikin. Rih\u00ean ciwan y\u00ean ku weke hevr\u00ea R\u00eem j\u00ee\u00a0 bi armanca bidestxistina azadiya welat heb\u00fbna xwe di nava Ref\u00ean YPJ\u2019\u00ea [&hellip;]<\/p>\n","protected":false},"author":1,"featured_media":16698,"comment_status":"open","ping_status":"closed","sticky":false,"template":"","format":"standard","meta":{"footnotes":""},"categories":[39,40],"tags":[],"class_list":{"0":"post-16695","1":"post","2":"type-post","3":"status-publish","4":"format-standard","5":"has-post-thumbnail","7":"category-daxuyani","8":"category-wene"},"_links":{"self":[{"href":"https:\/\/ypjrojava.net\/index.php?rest_route=\/wp\/v2\/posts\/16695","targetHints":{"allow":["GET"]}}],"collection":[{"href":"https:\/\/ypjrojava.net\/index.php?rest_route=\/wp\/v2\/posts"}],"about":[{"href":"https:\/\/ypjrojava.net\/index.php?rest_route=\/wp\/v2\/types\/post"}],"author":[{"embeddable":true,"href":"https:\/\/ypjrojava.net\/index.php?rest_route=\/wp\/v2\/users\/1"}],"replies":[{"embeddable":true,"href":"https:\/\/ypjrojava.net\/index.php?rest_route=%2Fwp%2Fv2%2Fcomments&post=16695"}],"version-history":[{"count":1,"href":"https:\/\/ypjrojava.net\/index.php?rest_route=\/wp\/v2\/posts\/16695\/revisions"}],"predecessor-version":[{"id":16699,"href":"https:\/\/ypjrojava.net\/index.php?rest_route=\/wp\/v2\/posts\/16695\/revisions\/16699"}],"wp:featuredmedia":[{"embeddable":true,"href":"https:\/\/ypjrojava.net\/index.php?rest_route=\/wp\/v2\/media\/16698"}],"wp:attachment":[{"href":"https:\/\/ypjrojava.net\/index.php?rest_route=%2Fwp%2Fv2%2Fmedia&parent=16695"}],"wp:term":[{"taxonomy":"category","embeddable":true,"href":"https:\/\/ypjrojava.net\/index.php?rest_route=%2Fwp%2Fv2%2Fcategories&post=16695"},{"taxonomy":"post_tag","embeddable":true,"href":"https:\/\/ypjrojava.net\/index.php?rest_route=%2Fwp%2Fv2%2Ftags&post=16695"}],"curies":[{"name":"wp","href":"https:\/\/api.w.org\/{rel}","templated":true}]}}