{"id":16758,"date":"2023-09-03T20:15:49","date_gmt":"2023-09-03T19:15:49","guid":{"rendered":"https:\/\/ypjrojava.net\/?p=16758"},"modified":"2023-09-03T20:22:12","modified_gmt":"2023-09-03T19:22:12","slug":"meclisa-leskeri-ya-bajaroke-til-temire-erisa-ceteyen-artesa-tirk-a-dagirker-a-li-ser-gunde-tel-tewil-tek-bir","status":"publish","type":"post","link":"https:\/\/ypjrojava.net\/?p=16758","title":{"rendered":"Mecl\u00eesa Le\u015fker\u00ee ya bajarok\u00ea Til Temir\u00ea \u00ear\u00ee\u015fa \u00e7etey\u00ean art\u00ea\u015fa Tirk a dagirker a li ser gund\u00ea Tel Tew\u00eel t\u00eak bir."},"content":{"rendered":"<p>Di saet 06.30\u2019an de Mecl\u00eesa Le\u015fker\u00ee ya bajarok\u00ea Til Temir\u00ea \u00ear\u00ee\u015feke \u00e7etey\u00ean art\u00ea\u015fa Tirk a dagirker a li ser gund\u00ea Til Tew\u00eel \u00ea gir\u00eaday\u00ee bajaroka Til Temir\u00ea p\u00fb\u00e7 kir. Cih\u00ea ku mecl\u00eesa le\u015fker\u00ee bi qehremaniyeke mezin bi wan re r\u00fb bi r\u00fb ma. Di encam\u00ea de di navbera h\u00eaz\u00ean meclisa le\u015fker\u00ee \u00fb \u00e7etey\u00ean art\u00ea\u015fa Tirk a dagirker de \u015fer\u00ean dijwar qewim\u00een. Di dema hewldana \u00e7eteyan a kontrolkirina gund\u00ea Til Tew\u00eel de, Mecl\u00eesa Le\u015fker\u00ee ya Tel Temr\u00ea tedb\u00eer\u00ean bi bandor li dij\u00ee van \u00e7eteyan girtin. Di encama \u00e7alakiy\u00ea de 12 \u00e7ete hatin ku\u015ftin \u00fb 40 \u00e7ete j\u00ee bir\u00eendar b\u00fbn \u00fb hin cenazey\u00ean \u00e7eteyan j\u00ee ketin dest\u00ea h\u00eaz\u00ean Mecl\u00eesa Le\u015fker\u00ee ya bajaroka Tel Temr\u00ea.<\/p>\n<p>H\u00eajay\u00ee bib\u00eerxistin\u00ea ye \u00ear\u00ee\u015fa ku di 9\/3\/2023\u2019an de di saet\u00ean sibeh\u00ea de ji aliy\u00ea \u00e7etey\u00ean art\u00ea\u015fa Tirk a dagirker ve p\u00eak hat ku van \u00e7eteyan dixwestin bajarok\u00ea Til Temir\u00ea di bin r\u00eaveberiya dewleta Tirk a dagirker de dagir bikin. Lewma Mecl\u00eesa Le\u015fker\u00ee ya Til Temir\u00ea li hember\u00ee ew er\u00ee\u015fa ku p\u00eak hatiya bersivday\u00eena wan a \u00e7alakiya s\u00eelah\u00ea giran b\u00fb. Mirov dikare bej\u00ea niha j\u00ee gund\u00ea Til Tew\u00eel\u00a0 di bin\u00a0 v\u00eanerina \u015fervan\u00ean Mecl\u00eesa Le\u015fker\u00ee ya bajarok\u00ea Til Temir de ye \u00fb bi gi\u015ft\u00ee j\u00ee rew\u015f aram e.<\/p>\n<p><strong>Navenda Ragihandin\u00ea ya Yek\u00eeney\u00ean Parastina Jin<\/strong><\/p>\n<p><iframe loading=\"lazy\" title=\"\u00c7alakiya  Li Gund\u00ea Til Tew\u00eel Li Dij\u00ee \u00c7et\u00ea Dewleta Tirk\" width=\"696\" height=\"392\" src=\"https:\/\/www.youtube.com\/embed\/nJLRuC7P6T8?feature=oembed\" frameborder=\"0\" allow=\"accelerometer; autoplay; clipboard-write; encrypted-media; gyroscope; picture-in-picture; web-share\" referrerpolicy=\"strict-origin-when-cross-origin\" allowfullscreen><\/iframe><\/p>\n<p>&nbsp;<\/p>\n<p>&nbsp;<\/p>\n","protected":false},"excerpt":{"rendered":"<p>Di saet 06.30\u2019an de Mecl\u00eesa Le\u015fker\u00ee ya bajarok\u00ea Til Temir\u00ea \u00ear\u00ee\u015feke \u00e7etey\u00ean art\u00ea\u015fa Tirk a dagirker a li ser gund\u00ea Til Tew\u00eel \u00ea gir\u00eaday\u00ee bajaroka Til Temir\u00ea p\u00fb\u00e7 kir. Cih\u00ea ku mecl\u00eesa le\u015fker\u00ee bi qehremaniyeke mezin bi wan re r\u00fb bi r\u00fb ma. Di encam\u00ea de di navbera h\u00eaz\u00ean meclisa le\u015fker\u00ee \u00fb \u00e7etey\u00ean art\u00ea\u015fa Tirk [&hellip;]<\/p>\n","protected":false},"author":1,"featured_media":16759,"comment_status":"open","ping_status":"closed","sticky":false,"template":"","format":"standard","meta":{"footnotes":""},"categories":[38,40],"tags":[],"class_list":{"0":"post-16758","1":"post","2":"type-post","3":"status-publish","4":"format-standard","5":"has-post-thumbnail","7":"category-nuce","8":"category-wene"},"_links":{"self":[{"href":"https:\/\/ypjrojava.net\/index.php?rest_route=\/wp\/v2\/posts\/16758","targetHints":{"allow":["GET"]}}],"collection":[{"href":"https:\/\/ypjrojava.net\/index.php?rest_route=\/wp\/v2\/posts"}],"about":[{"href":"https:\/\/ypjrojava.net\/index.php?rest_route=\/wp\/v2\/types\/post"}],"author":[{"embeddable":true,"href":"https:\/\/ypjrojava.net\/index.php?rest_route=\/wp\/v2\/users\/1"}],"replies":[{"embeddable":true,"href":"https:\/\/ypjrojava.net\/index.php?rest_route=%2Fwp%2Fv2%2Fcomments&post=16758"}],"version-history":[{"count":2,"href":"https:\/\/ypjrojava.net\/index.php?rest_route=\/wp\/v2\/posts\/16758\/revisions"}],"predecessor-version":[{"id":16761,"href":"https:\/\/ypjrojava.net\/index.php?rest_route=\/wp\/v2\/posts\/16758\/revisions\/16761"}],"wp:featuredmedia":[{"embeddable":true,"href":"https:\/\/ypjrojava.net\/index.php?rest_route=\/wp\/v2\/media\/16759"}],"wp:attachment":[{"href":"https:\/\/ypjrojava.net\/index.php?rest_route=%2Fwp%2Fv2%2Fmedia&parent=16758"}],"wp:term":[{"taxonomy":"category","embeddable":true,"href":"https:\/\/ypjrojava.net\/index.php?rest_route=%2Fwp%2Fv2%2Fcategories&post=16758"},{"taxonomy":"post_tag","embeddable":true,"href":"https:\/\/ypjrojava.net\/index.php?rest_route=%2Fwp%2Fv2%2Ftags&post=16758"}],"curies":[{"name":"wp","href":"https:\/\/api.w.org\/{rel}","templated":true}]}}