{"id":16762,"date":"2023-09-04T08:07:37","date_gmt":"2023-09-04T07:07:37","guid":{"rendered":"https:\/\/ypjrojava.net\/?p=16762"},"modified":"2023-09-04T08:07:37","modified_gmt":"2023-09-04T07:07:37","slug":"seniyen-derazore-qsd-zaroken-me-ne","status":"publish","type":"post","link":"https:\/\/ypjrojava.net\/?p=16762","title":{"rendered":"\u015eeniy\u00ean D\u00earazor\u00ea: \u2018QSD Zarok\u00ean Me Ne\u2019"},"content":{"rendered":"<p>\u2018Operasyona Xurtkirina Ewlehiy\u00ea\u2019 di roja xwe ye 9\u2019an de didome. \u015e\u00eaniy\u00ean D\u00earazor\u00ea dib\u00eajin; QSD h\u00eaza me ye, em\u00ea her dem li gel QSD\u2019\u00ea bin.\u201d<\/p>\n<p>\u015e\u00eaniy\u00ean D\u00earazor\u00ea pi\u015ftevaniya xwe ji bo \u2018Operasyona Xurtkirina Ewlehiy\u00ea\u2019 didin ni\u015fandan. Operasyona ku ev 9 rojin\u00a0 bi avayek\u00ee r\u00eak \u00fb p\u00eak didome, \u015f\u00eaniy\u00ean D\u00earazor\u00ea diyar dikin ku di navbera Kurd \u00fb Ereban de tu cudah\u00ee n\u00eene \u00fb QSD\u2019\u00ea\u00a0 h\u00eaza gel\u00ea her\u00eam\u00ea tevahiye.<\/p>\n<p>Ji \u015f\u00eaniy\u00ean gund\u00ea nav\u00e7eya Ezb\u00ea a Rojhilat\u00ea D\u00earazor\u00ea Em\u00eera Xelef di derbar\u00ea \u2018Operasyona Xurtkirina Ewlehiy\u00ea\u2019 de wiha got: \u201cEm weke \u015f\u00eaniy\u00ean her\u00eama D\u00earazor\u00ea li pi\u015fta h\u00eaza xwe yan\u00ee H\u00eaza S\u00fbriya Demokrat\u00eek in. Weke gel\u00ea Ereb \u00fb Kurd, em yek in \u00fb em\u00ea bi yek\u00eetiya xwe her\u00eam\u00ean xwe bipar\u00eazin. Em naxwazin ji ber van kom\u00ean \u00e7ete dest ji cih \u00fb war\u00ean xwe berdin, em heta dawiy\u00ea li gel QSD\u2019\u00ea ne. Em dixwazin QSD her dem bi me re be.\u201d<\/p>\n<p>Ji \u015f\u00eaniy\u00ean gund\u00ea Cid\u00eadat Eg\u00eedat y\u00ea bi nav\u00ea Ubed Bile El Nasir \u00ea ku ji e\u015f\u00eera El Bikeyir e, di heman dem\u00ea de du zarok\u00ean w\u00ee j\u00ee di nava ref\u00ean QSD\u2019\u00ea\u00a0 dane wiha dib\u00eaje: \u201cDu zarok\u00ean min di nava QSD\u2019\u00ea dane. Gund\u00ea me \u00fb gund\u00ean derdora me tevah\u00ee pi\u015ftgiriya QSD\u2019\u00ea dikin. Di her malek\u00ee de 3-4 kes di nava QSD\u2019\u00ea de cih\u00ea digrin. QSD h\u00eaza me ye, gel\u00ea her\u00eam\u00ea temsil dike yan\u00ee QSD em bi xwe ne. Di navbera Kurd \u00fb Ereban da tu cudah\u00ee n\u00eene \u00fb weke gel\u00ea Ereb \u00fb Kurd em bi hevd\u00fb re di nava QSD\u2019\u00ea de cih\u00ea xwe digrin.\u201d<\/p>\n<p>Li hember\u00ee kiryar\u00ean ku dij\u00ee berjewendiya her\u00eam\u00ea t\u00ea me\u015fandin j\u00ee El Nasir bang kir ku ciwan tevl\u00ee nava ref\u00ean QSD\u2019\u00ea dibin \u00fb\u00a0 diyar kir ku kes\u00ean x\u00earnexwaz \u00fb \u015faney\u00ean DAI\u015e\u2019\u00ea bi van kiryar\u00ean xwe y\u00ean qir\u00eaj dixwazin gel\u00ea her\u00eam\u00ea ji hevd\u00fb d\u00fbrbixin \u00fb welat\u00a0 par\u00e7e bikin. P\u00eaw\u00eeste em weke gel\u00ea her\u00eam\u00ea\u00a0 ney\u00ean van l\u00eayistokan \u00fb heta dawiy\u00ea li k\u00ealeka zarok\u00ea xwe (QSD) bin.<\/p>\n<p><strong>Navenda Ragihandina YPJ\u2019\u00ea<\/strong><\/p>\n<p><iframe loading=\"lazy\" title=\"\u015e\u00eaniy\u00ean D\u00earazor\u00ea: \u2018QSD Zarok\u00ean Me Ne\u2019\" width=\"696\" height=\"392\" src=\"https:\/\/www.youtube.com\/embed\/tuPPyf3Kwiw?feature=oembed\" frameborder=\"0\" allow=\"accelerometer; autoplay; clipboard-write; encrypted-media; gyroscope; picture-in-picture; web-share\" referrerpolicy=\"strict-origin-when-cross-origin\" allowfullscreen><\/iframe><\/p>\n","protected":false},"excerpt":{"rendered":"<p>\u2018Operasyona Xurtkirina Ewlehiy\u00ea\u2019 di roja xwe ye 9\u2019an de didome. \u015e\u00eaniy\u00ean D\u00earazor\u00ea dib\u00eajin; QSD h\u00eaza me ye, em\u00ea her dem li gel QSD\u2019\u00ea bin.\u201d \u015e\u00eaniy\u00ean D\u00earazor\u00ea pi\u015ftevaniya xwe ji bo \u2018Operasyona Xurtkirina Ewlehiy\u00ea\u2019 didin ni\u015fandan. Operasyona ku ev 9 rojin\u00a0 bi avayek\u00ee r\u00eak \u00fb p\u00eak didome, \u015f\u00eaniy\u00ean D\u00earazor\u00ea diyar dikin ku di navbera Kurd \u00fb [&hellip;]<\/p>\n","protected":false},"author":1,"featured_media":16763,"comment_status":"open","ping_status":"closed","sticky":false,"template":"","format":"standard","meta":{"footnotes":""},"categories":[41,38],"tags":[],"class_list":{"0":"post-16762","1":"post","2":"type-post","3":"status-publish","4":"format-standard","5":"has-post-thumbnail","7":"category-dimen","8":"category-nuce"},"_links":{"self":[{"href":"https:\/\/ypjrojava.net\/index.php?rest_route=\/wp\/v2\/posts\/16762","targetHints":{"allow":["GET"]}}],"collection":[{"href":"https:\/\/ypjrojava.net\/index.php?rest_route=\/wp\/v2\/posts"}],"about":[{"href":"https:\/\/ypjrojava.net\/index.php?rest_route=\/wp\/v2\/types\/post"}],"author":[{"embeddable":true,"href":"https:\/\/ypjrojava.net\/index.php?rest_route=\/wp\/v2\/users\/1"}],"replies":[{"embeddable":true,"href":"https:\/\/ypjrojava.net\/index.php?rest_route=%2Fwp%2Fv2%2Fcomments&post=16762"}],"version-history":[{"count":1,"href":"https:\/\/ypjrojava.net\/index.php?rest_route=\/wp\/v2\/posts\/16762\/revisions"}],"predecessor-version":[{"id":16764,"href":"https:\/\/ypjrojava.net\/index.php?rest_route=\/wp\/v2\/posts\/16762\/revisions\/16764"}],"wp:featuredmedia":[{"embeddable":true,"href":"https:\/\/ypjrojava.net\/index.php?rest_route=\/wp\/v2\/media\/16763"}],"wp:attachment":[{"href":"https:\/\/ypjrojava.net\/index.php?rest_route=%2Fwp%2Fv2%2Fmedia&parent=16762"}],"wp:term":[{"taxonomy":"category","embeddable":true,"href":"https:\/\/ypjrojava.net\/index.php?rest_route=%2Fwp%2Fv2%2Fcategories&post=16762"},{"taxonomy":"post_tag","embeddable":true,"href":"https:\/\/ypjrojava.net\/index.php?rest_route=%2Fwp%2Fv2%2Ftags&post=16762"}],"curies":[{"name":"wp","href":"https:\/\/api.w.org\/{rel}","templated":true}]}}