{"id":16783,"date":"2023-09-05T14:30:58","date_gmt":"2023-09-05T13:30:58","guid":{"rendered":"https:\/\/ypjrojava.net\/?p=16783"},"modified":"2023-09-18T12:48:38","modified_gmt":"2023-09-18T11:48:38","slug":"ji-gele-me-u-raya-gisti-re-18","status":"publish","type":"post","link":"https:\/\/ypjrojava.net\/?p=16783","title":{"rendered":"JI GEL\u00ca ME \u00db RAYA GI\u015eT\u00ce RE"},"content":{"rendered":"<p>Berxwedan\u00ee ji bona gel\u00ea bindest her dem buye r\u00eaya j\u00eavenegeri y\u00ea. Ji ber w\u00ea ye ku \u00eero li hember\u00ee xeta \u00eexanet\u00ea xeta berxwedaniy\u00ea di \u015fexs\u00ea Gul\u00eesor\u00ean v\u00ee welat\u00ee de mohra xwe li d\u00eerok\u00ea dixe.<\/p>\n<p>Gel\u00ea ku h\u00eaviya wan hatibu binaxkirin \u00fb d\u00eeroka wan t\u00fbne dihat hesibandin, rast\u00ee her cure talan \u00fb t\u00fbnekirin\u00ea hatibin j\u00ee, t\u00fb caran ji b\u00eer nekirine ku xwedan d\u00eerokeke kevnarin. Mane ji bo w\u00ea ye ku di zindana Amed\u00ea de Mazluman bi can\u00ea xwe bun p\u00eanaseya rasteq\u00een a v\u00ea d\u00eerok\u00ea. Ke\u00e7a Ameda berxwed\u00ear Rojna Eg\u00eed j\u00ee li bajar\u00ea berxwedaniy\u00ea di sala 1975\u2019an de \u00e7av\u00ean xwe li c\u00eehan\u00ea vedike. Hevr\u00eaya me di nav malbateke welatperwer a ku li ser \u015fopa \u00e7\u00eeroka berxwedaniya \u015e\u00eax Se\u00eed\u00ea P\u00eeran\u00ee re mezin dibe. Rojnaya dil w\u00earek her ku bi \u00ea\u015fa gel\u00ea xwe dihese, her ku \u015fahidiya dagirkeriya dijmin dib\u00eene h\u00earsa tolhildan\u00ea di dil\u00ea w\u00ea de mezin dibe. Ma ne wexta mijar dibe tolhildan, zarok\u00ean v\u00ee welat\u00ee hemu s\u00eenor\u00ean ku ji bona wan hatine x\u00eazkirin nasnakin \u00fb di her k\u00ealiy\u00ea de dibin deng\u00ea tolhildana \u00ea\u015f \u00fb azara gel\u00ea xwe. Hevr\u00ea Rojna j\u00ee ji ber ku di nav \u00e7anda berxwedaniy\u00ea de mezin dibe heman teybetmend\u00ee di sekin \u00fb kesayeta w\u00ea de xwe dihew\u00eene. Ev j\u00ee ji bona hevr\u00ea Rojna dibe sedema her\u00ee mezin a tevl\u00eabuna nav r\u00eaf\u00ean tevgera azadiy\u00ea. Biryara tevl\u00eabuna ke\u00e7a Ameda berxwed\u00ear ji bo \u00ea\u015f \u00fb azara ku gel\u00ea w\u00ea jiyaye, li hember\u00ee dijmin\u00ea dagirker bibuya bersiva tolhildana her\u00ee mezin. Bi v\u00ea b\u00eer \u00fb baweriy\u00ea Rojna Eg\u00eed di sala 1991\u2019an de ber\u00ea xwe dide nav nav ref\u00ean Tevgera Azadiy\u00ea. Weke jineke P\u00eeran\u00ee tevl\u00eabuna hevr\u00eaya me Rojna ji bo Tevgera Azadiya Gel\u00ea Kurd dibe bersiva rakirina tola sedsalan ji dagirkeriy\u00ea. P\u00eanaseya jiyaneke azad ji bona hevr\u00ea Rojna dibe m\u00eena aveke ku b\u00ea rawest\u00een, diherike. Ew j\u00ee di her k\u00ealiya jiyana xwe de weke jineke \u015fore\u015fger mirov \u00e7awa dikare bibe xwebun \u00fb \u00e7awa dikare bibe kesayeteke bi \u00eerade di \u015fexs\u00ea xwe de ji r\u00eaheval\u00ean xwe y\u00ean doz\u00ea re dibe nimuneya jiy\u00een\u00ea. Ke\u00e7a P\u00eerana berxwed\u00ear Rojna di gelek qadan de c\u00eeh digre \u00fb teko\u015f\u00eena ji bo azadiya welatek\u00ee azad dide domandin. Bi \u00ear\u00ee\u015f\u00ean dewleta Tirk a dagirker li ser xaka Rojava re ji \u00e7iyay\u00ean azad ber\u00ea xwe dide Koban\u00eaya berxwed\u00ear. Ji ber ku di nav \u00e7anda berxwedaniya P\u00eeran\u00ea de mezin dibe di kolan\u00ean Koban\u00ea de j\u00ee b\u00ea ku raweste bi heman kevne\u015fopiy\u00ea dibe deng\u00ea tolhildana q\u00ear\u00eena jin, zarok, kal \u00fb p\u00eer\u00ean v\u00ea xak\u00ea. Hetan\u00ee dawiy\u00ea j\u00ee bi heman co\u015f \u00fb kelecana serkeftin\u00ea di \u00e7eper\u00ean berxwedaniy\u00ea de dibe nobedara soza xwe.<\/p>\n<p>\u015eore\u015fan her dem di dem \u00fb wext\u00ean xwe de bi xwere gelek \u015fop\u00ean ku tes\u00eer\u00ean gelek\u00ee mezin li ser civakan day\u00eene avakirin di pey xwe de hi\u015ftine. B\u00ea guman di encama keda bi sedsalan de \u015fore\u015fa ku \u00eero ji bona w\u00ea ked t\u00ea day\u00een bi saya \u015fervan \u00fb fermandar\u00ean m\u00eena Rojnayan de gih\u00ee\u015ftine van rojan. Mirin\u00ea li hember\u00ee ked \u00fb fedekartiya wan careke din ji xwe \u015ferim kir. R\u00eaheval Rojna di destp\u00eaka \u015fore\u015f\u00ea de di hemu p\u00eangav\u00ean rizgarkirin\u00ea de di \u00e7ar\u00e7oveya xebat\u00ean c\u00fbda c\u00fbda de bi sekna xwe ya berxwed\u00ear, bi fermandartiya xwe ya dilnizim ji r\u00eaheval\u00ean xwe y\u00ean doz\u00ea re buye \u00e7avkaniya h\u00eaz \u00fb baweriy\u00ea. Buy\u00eena \u015fore\u015fger \u00fb fermandara k\u00ealiy\u00ea ji bona hevr\u00ea Rojna di hem\u00fb kar \u00fb bar\u00ean \u015fore\u015f\u00ea de yek j\u00ee ji p\u00eevan\u00ean esas\u00ee y\u00ean serkeftin\u00ea bu. Ji bona w\u00ea j\u00ee ked \u00fb fedekart\u00ee di \u015fexs\u00ea Rojnaya dilw\u00earek de li rastiya p\u00eanaseya xwe digeriya. Ji ber ku di nava rupel\u00ean \u015fore\u015feke wiha de c\u00eeh girtin ked, fedekart\u00ee \u00fb t\u00eako\u015f\u00eeneke b\u00ea eman dixwaze. Gul\u00eesor\u00ean m\u00eena Rojnayan j\u00ee di w\u00ea zanist\u00ea de ne ku ji bo rizgarkirina xakek\u00ea \u00fb ji bo avakirina welatek\u00ee bi ewle ji can\u00ea wan b\u00fbhatir ti\u015ftek\u00ee din n\u00eene ku di oxira w\u00ea de feda bikin. Ma ji bo gelek\u00ee wiha berxwed\u00ear \u00fb welatek\u00ee m\u00eena bihu\u015fta ne h\u00eajaye ku mirov di oxira w\u00ea de hezar car\u00ee can bide. Hevr\u00ea Rojna ji ber ku bi v\u00ea zaneb\u00fbn\u00ea dijiya di dil \u00fb mejiy\u00ea gel \u00fb hevrey\u00ean xwe de b\u00fb nimuneya ked, fedekart\u00ee, b\u00eer \u00fb bawer\u00ee y\u00ea.<\/p>\n<p>\u00c7awa ku co\u015f \u00fb kelecana rizgarkirina xaka v\u00ee welat\u00ee di \u00e7av\u00ean gel \u00fb \u015fervanan de m\u00eena zelaliya roj\u00ea ditey\u00ees\u00ee, soza tolhildana ku Rojnaya dilw\u00earek j\u00ee dabu gel\u00ea xwe \u00ead\u00ee gih\u00ee\u015ftibu armanca xwe. Pi\u015ft\u00ee bi destxistina xakeke bi ewle \u015funde di kar \u00fb xebat\u00ean bir\u00eaxistinkirina gel \u00fb bi taybet\u00ee j\u00ee di r\u00eaxistinkirina jinan de hevr\u00ea Rojna bu xwedan kedeke pir mezin. Ji ber hevr\u00ea Rojna di w\u00ea zanebun\u00ea de bu ku avakirina mirovek\u00ee bi qas\u00ee lidarxistina \u015fore\u015fek\u00ea zehmetiy\u00ean xwe hene. Her \u00e7iqas\u00ee kar \u00fb xebat\u00ean zehmetbin j\u00ee ev ji bona hevr\u00ea Rojna t\u00fb caran asteng\u00ee neda avakirin. Ji ber ku bi zanebun, bi e\u015fq \u00fb bi heskirin kar \u00fb xebat day\u00eena me\u015fandin her dem bi xwe re encam\u00ean serkeft\u00ee an\u00eene. Ji bo avakirina civakeke wisa bi taybet\u00ee di her al\u00ee de p\u00ea\u015fxistina jinan ji bo hevr\u00ea Rojna xebata her\u00ee sereke bu ku t\u00eade serkeftin\u00ea bidest bixe. Ji bo ku bigih\u00eeje armanca xwe j\u00ee b\u00ea ku b\u00eaje \u015fev \u00fb roj bi fedekartiyeke pir mezin xebat dan me\u015fandin. Eger \u00eero jin \u00fb ciwan\u00ean v\u00ee welat\u00ee gih\u00ee\u015ftibin w\u00ea zaneb\u00fbn\u00ea ku ber\u00ea xwe didin nav ref\u00ean \u015fore\u015f\u00ea, b\u00ea guman keda fermandar\u00ean m\u00eena Rojna ya dil w\u00earek j\u00ee para xwe di v\u00ea serkeftin\u00ea de digre. Dijmin\u00ea ku t\u00fb caran ji mijandina xw\u00eena zarok\u00ean v\u00ee welat\u00ee t\u00ear neb\u00fbye weke her car\u00ea serkeftina wan j\u00ee hezim nekiriye \u00fb \u00ear\u00ee\u015f\u00ean xwe y\u00ean hovane tim domandiye. Ji ber ku dizane di hem\u00fb kar \u00fb xebat\u00ean v\u00ea \u015fore\u015f\u00ea de a ku p\u00ea\u015fengtiya w\u00ea, fermandartiya w\u00ea dike jine h\u00een z\u00eadetir har dibe \u00fb \u00ear\u00ee\u015f\u00ean xwe dijwartir dike. V\u00ea car\u00ea j\u00ee hevr\u00eaya me Rojna Eg\u00eed di 2\u2019y\u00ea \u00celona 2023\u2019an de di \u00ear\u00ee\u015f\u00ean ezman\u00ee y\u00ean dewleta Tirk a dagirker de gih\u00ee\u015ft asta \u015fehadet\u00ea.<\/p>\n<p>Di ser\u00ee de em ji malbata hevr\u00eaya xwe Rojna Eg\u00eed re sersaxiy\u00ea dixwazin. Em weke r\u00eaheval\u00ean fermandar \u00fb hevr\u00eaya xwe Rojna Eg\u00eed didin diyarkirin ku w\u00ea soza tolhildana me bibe tac\u00eedarkirina welatek\u00ee azad \u00fb aram.<\/p>\n<p><strong>\u00a0<\/strong><\/p>\n<p><strong>\u00a0<\/strong><\/p>\n<p><strong>Navenda Ragihandina YPJ\u2019\u00ea<\/strong><\/p>\n<p><strong>5\/9\/2023<\/strong><\/p>\n<p><img loading=\"lazy\" decoding=\"async\" class=\"alignnone size-medium wp-image-16784\" src=\"https:\/\/ypjrojava.net\/wp-content\/uploads\/2023\/09\/Untitled-1-300x179.png\" alt=\"\" width=\"300\" height=\"179\" \/><\/p>\n","protected":false},"excerpt":{"rendered":"<p>Berxwedan\u00ee ji bona gel\u00ea bindest her dem buye r\u00eaya j\u00eavenegeri y\u00ea. Ji ber w\u00ea ye ku \u00eero li hember\u00ee xeta \u00eexanet\u00ea xeta berxwedaniy\u00ea di \u015fexs\u00ea Gul\u00eesor\u00ean v\u00ee welat\u00ee de mohra xwe li d\u00eerok\u00ea dixe. Gel\u00ea ku h\u00eaviya wan hatibu binaxkirin \u00fb d\u00eeroka wan t\u00fbne dihat hesibandin, rast\u00ee her cure talan \u00fb t\u00fbnekirin\u00ea hatibin j\u00ee, t\u00fb [&hellip;]<\/p>\n","protected":false},"author":1,"featured_media":16799,"comment_status":"open","ping_status":"closed","sticky":false,"template":"","format":"standard","meta":{"footnotes":""},"categories":[39,38],"tags":[],"class_list":{"0":"post-16783","1":"post","2":"type-post","3":"status-publish","4":"format-standard","5":"has-post-thumbnail","7":"category-daxuyani","8":"category-nuce"},"_links":{"self":[{"href":"https:\/\/ypjrojava.net\/index.php?rest_route=\/wp\/v2\/posts\/16783","targetHints":{"allow":["GET"]}}],"collection":[{"href":"https:\/\/ypjrojava.net\/index.php?rest_route=\/wp\/v2\/posts"}],"about":[{"href":"https:\/\/ypjrojava.net\/index.php?rest_route=\/wp\/v2\/types\/post"}],"author":[{"embeddable":true,"href":"https:\/\/ypjrojava.net\/index.php?rest_route=\/wp\/v2\/users\/1"}],"replies":[{"embeddable":true,"href":"https:\/\/ypjrojava.net\/index.php?rest_route=%2Fwp%2Fv2%2Fcomments&post=16783"}],"version-history":[{"count":1,"href":"https:\/\/ypjrojava.net\/index.php?rest_route=\/wp\/v2\/posts\/16783\/revisions"}],"predecessor-version":[{"id":16785,"href":"https:\/\/ypjrojava.net\/index.php?rest_route=\/wp\/v2\/posts\/16783\/revisions\/16785"}],"wp:featuredmedia":[{"embeddable":true,"href":"https:\/\/ypjrojava.net\/index.php?rest_route=\/wp\/v2\/media\/16799"}],"wp:attachment":[{"href":"https:\/\/ypjrojava.net\/index.php?rest_route=%2Fwp%2Fv2%2Fmedia&parent=16783"}],"wp:term":[{"taxonomy":"category","embeddable":true,"href":"https:\/\/ypjrojava.net\/index.php?rest_route=%2Fwp%2Fv2%2Fcategories&post=16783"},{"taxonomy":"post_tag","embeddable":true,"href":"https:\/\/ypjrojava.net\/index.php?rest_route=%2Fwp%2Fv2%2Ftags&post=16783"}],"curies":[{"name":"wp","href":"https:\/\/api.w.org\/{rel}","templated":true}]}}