{"id":16805,"date":"2023-09-06T15:45:04","date_gmt":"2023-09-06T14:45:04","guid":{"rendered":"https:\/\/ypjrojava.net\/?p=16805"},"modified":"2023-09-06T15:45:04","modified_gmt":"2023-09-06T14:45:04","slug":"hezen-cebhet-el-ekrad-li-rojavayi-minbice-li-diji-erisa-ceteyen-dewleta-tirk-a-dagirker-rawestiyan","status":"publish","type":"post","link":"https:\/\/ypjrojava.net\/?p=16805","title":{"rendered":"H\u00eaz\u00ean Cebhet El Ekrad li rojavayi \u00a0Minbic\u00ea li dij\u00ee \u00ear\u00ee\u015fa \u00e7etey\u00ean dewleta Tirk a dagirker rawestiyan."},"content":{"rendered":"<p>Roja S\u00ea\u015fem\u00ea 06\u00ea \u00celona 2023, \u00a0di seet\u00ea sibeh\u00ea de pi\u015ft\u00ee ku h\u00eaz\u00ean Cebhet El Ekrad li eniy\u00ean \u015fer \u00ean bajar\u00ea Minbic\u00ea \u00fb El-Er\u00eema y\u00ean gundewar\u00ean rojhilat\u00ea Heleb\u00ea, tevger\u00ean \u00e7etey\u00ean dewleta Tirk a dagirker \u015fopandin. Dema ku \u00e7eteyan dest bi valakirina gund\u00ean s\u00eenor \u00ean di bin kontrola ni\u015ftecih\u00ean xwe de kirin ji bo h\u00easankirina \u00ear\u00ee\u015fan, bi taybet gund\u00ean li bakur\u00ea rojavay\u00ea bajar\u00ea Minbic\u00ea, &#8220;El-Ye\u015fl\u00ee&#8221; \u00fb &#8220;Gund\u00ea \u015e\u00eax Nasir&#8221;. Li cih\u00ea ku \u00e7eteyan dest bi \u00ear\u00ee\u015fa li ser gelek gund\u00ean di bin parastina h\u00eaz\u00ean Meclisa Le\u015fker\u00ee ya Minbic\u00ea \u00fb Mecl\u00eesa Le\u015fker\u00ee ya Bab\u00ea de kirin, di nav de &#8220;El-Bugaz, El-Buihej, \u00fb Korhoyuk&#8221;, ku h\u00eaz\u00ean mecl\u00ees\u00ean le\u015fker\u00ee y\u00ean Minbic \u00fb El-Bab r\u00fbbir\u00fby\u00ea wan b\u00fbne.Dagirkeriya Tirkiy\u00ea pi\u015ft\u00ee \u015fer \u00fb pev\u00e7\u00fbnan bo demek\u00ea berdewam kir, h\u00eaz\u00ean Cebhet El Ekrad \u00a020 \u00e7ete b\u00eabandor kirin \u00fb bi dehan ji wan bir\u00eendar kirin, p\u00eekapeke le\u015fker\u00ee ya \u00e7eteyan \u00fb gelek cebilxane. li d\u00fb xwe hi\u015ftin, pi\u015ft\u00ee ku hatin derkirin \u00fb bermahiy\u00ean wan reviyan her\u00eam\u00ean di bin kontrola Tirkiyey\u00ea de.<\/p>\n<p>H\u00eajay\u00ee bib\u00eerxistin\u00ea ye ku ev \u00ear\u00ee\u015f bi \u00ear\u00ee\u015f\u00ean kom\u00ean \u00e7ete y\u00ean li ser bajar\u00ea D\u00eara Zor\u00ea ku ji dest\u00ean biyan\u00ee y\u00ean wek\u00ee dewleta Tirk a dagirker \u00fb \u00e7etey\u00ean w\u00ea ketib\u00fb, p\u00eak hatin. Ji ber ku hewl dide destkeftiy\u00ean bakur \u00fb rojhilat\u00ea S\u00fbriy\u00ea bixin, t\u00eageh\u00ean nijadperest\u00ee \u00fb cudahiy\u00ean b\u00eabingeh di navbera p\u00eakhatey\u00ean bakur-rojhilat\u00ea S\u00fbriy\u00ea \u00fb \u015fervan\u00ean w\u00ea y\u00ean ku xwe feda dikin de \u00e7\u00eabike, da ku ewleh\u00ee \u00fb aramiy\u00ea di nav welat de p\u00eak b\u00eene. \u015eer \u00fb pev\u00e7\u00fbn\u00ean dem bi dem bi \u00e7ek\u00ean giran li eniy\u00ean p\u00ea\u015f, li bakur-rojhilat \u00fb bakurrojavay\u00ea bajar\u00ea Minbic\u00ea \u00fb El-Er\u00eema, di nava nobedariya \u015fervanan de ji bo parastina gel\u00ea xwe li gund\u00ean li ser xet\u00ean p\u00eawendiy\u00ea, n\u00fb dibin.<\/p>\n<p>Navenda Ragihandin ypj<\/p>\n<p>06 \u00celon 2023<\/p>\n<p><iframe loading=\"lazy\" title=\"\u0642\u0648\u0627\u062a \u062c\u0628\u0647\u0629 \u0627\u0644\u0623\u0643\u0631\u0627\u062f \u062a\u062a\u0635\u062f\u0649 \u0644\u0647\u062c\u0648\u0645 \u0645\u0631\u062a\u0632\u0642\u0629 \u062f\u0648\u0644\u0629 \u0627\u0644\u0627\u062d\u062a\u0644\u0627\u0644 \u0627\u0644\u062a\u0631\u0643\u064a \u0641\u064a \u0631\u064a\u0641 \u0645\u0646\u0628\u062c\" width=\"696\" height=\"392\" src=\"https:\/\/www.youtube.com\/embed\/b6Yr79kDGiY?feature=oembed\" frameborder=\"0\" allow=\"accelerometer; autoplay; clipboard-write; encrypted-media; gyroscope; picture-in-picture; web-share\" referrerpolicy=\"strict-origin-when-cross-origin\" allowfullscreen><\/iframe><\/p>\n<p><img loading=\"lazy\" decoding=\"async\" class=\"alignnone size-medium wp-image-16806\" src=\"https:\/\/ypjrojava.net\/wp-content\/uploads\/2023\/09\/WhatsApp-Image-2023-09-06-at-15.08.12-300x200.jpeg\" alt=\"\" width=\"300\" height=\"200\" srcset=\"https:\/\/ypjrojava.net\/wp-content\/uploads\/2023\/09\/WhatsApp-Image-2023-09-06-at-15.08.12-300x200.jpeg 300w, https:\/\/ypjrojava.net\/wp-content\/uploads\/2023\/09\/WhatsApp-Image-2023-09-06-at-15.08.12-1024x683.jpeg 1024w, https:\/\/ypjrojava.net\/wp-content\/uploads\/2023\/09\/WhatsApp-Image-2023-09-06-at-15.08.12-768x512.jpeg 768w, https:\/\/ypjrojava.net\/wp-content\/uploads\/2023\/09\/WhatsApp-Image-2023-09-06-at-15.08.12.jpeg 1080w\" sizes=\"auto, (max-width: 300px) 100vw, 300px\" \/> <img loading=\"lazy\" decoding=\"async\" class=\"alignnone size-medium wp-image-16807\" src=\"https:\/\/ypjrojava.net\/wp-content\/uploads\/2023\/09\/WhatsApp-Image-2023-09-06-at-15.08.11-300x200.jpeg\" alt=\"\" width=\"300\" height=\"200\" srcset=\"https:\/\/ypjrojava.net\/wp-content\/uploads\/2023\/09\/WhatsApp-Image-2023-09-06-at-15.08.11-300x200.jpeg 300w, https:\/\/ypjrojava.net\/wp-content\/uploads\/2023\/09\/WhatsApp-Image-2023-09-06-at-15.08.11-1024x683.jpeg 1024w, https:\/\/ypjrojava.net\/wp-content\/uploads\/2023\/09\/WhatsApp-Image-2023-09-06-at-15.08.11-768x512.jpeg 768w, https:\/\/ypjrojava.net\/wp-content\/uploads\/2023\/09\/WhatsApp-Image-2023-09-06-at-15.08.11.jpeg 1080w\" sizes=\"auto, (max-width: 300px) 100vw, 300px\" \/><\/p>\n","protected":false},"excerpt":{"rendered":"<p>Roja S\u00ea\u015fem\u00ea 06\u00ea \u00celona 2023, \u00a0di seet\u00ea sibeh\u00ea de pi\u015ft\u00ee ku h\u00eaz\u00ean Cebhet El Ekrad li eniy\u00ean \u015fer \u00ean bajar\u00ea Minbic\u00ea \u00fb El-Er\u00eema y\u00ean gundewar\u00ean rojhilat\u00ea Heleb\u00ea, tevger\u00ean \u00e7etey\u00ean dewleta Tirk a dagirker \u015fopandin. Dema ku \u00e7eteyan dest bi valakirina gund\u00ean s\u00eenor \u00ean di bin kontrola ni\u015ftecih\u00ean xwe de kirin ji bo h\u00easankirina \u00ear\u00ee\u015fan, bi [&hellip;]<\/p>\n","protected":false},"author":1,"featured_media":16807,"comment_status":"open","ping_status":"closed","sticky":false,"template":"","format":"standard","meta":{"footnotes":""},"categories":[41,38,40],"tags":[],"class_list":{"0":"post-16805","1":"post","2":"type-post","3":"status-publish","4":"format-standard","5":"has-post-thumbnail","7":"category-dimen","8":"category-nuce","9":"category-wene"},"_links":{"self":[{"href":"https:\/\/ypjrojava.net\/index.php?rest_route=\/wp\/v2\/posts\/16805","targetHints":{"allow":["GET"]}}],"collection":[{"href":"https:\/\/ypjrojava.net\/index.php?rest_route=\/wp\/v2\/posts"}],"about":[{"href":"https:\/\/ypjrojava.net\/index.php?rest_route=\/wp\/v2\/types\/post"}],"author":[{"embeddable":true,"href":"https:\/\/ypjrojava.net\/index.php?rest_route=\/wp\/v2\/users\/1"}],"replies":[{"embeddable":true,"href":"https:\/\/ypjrojava.net\/index.php?rest_route=%2Fwp%2Fv2%2Fcomments&post=16805"}],"version-history":[{"count":1,"href":"https:\/\/ypjrojava.net\/index.php?rest_route=\/wp\/v2\/posts\/16805\/revisions"}],"predecessor-version":[{"id":16808,"href":"https:\/\/ypjrojava.net\/index.php?rest_route=\/wp\/v2\/posts\/16805\/revisions\/16808"}],"wp:featuredmedia":[{"embeddable":true,"href":"https:\/\/ypjrojava.net\/index.php?rest_route=\/wp\/v2\/media\/16807"}],"wp:attachment":[{"href":"https:\/\/ypjrojava.net\/index.php?rest_route=%2Fwp%2Fv2%2Fmedia&parent=16805"}],"wp:term":[{"taxonomy":"category","embeddable":true,"href":"https:\/\/ypjrojava.net\/index.php?rest_route=%2Fwp%2Fv2%2Fcategories&post=16805"},{"taxonomy":"post_tag","embeddable":true,"href":"https:\/\/ypjrojava.net\/index.php?rest_route=%2Fwp%2Fv2%2Ftags&post=16805"}],"curies":[{"name":"wp","href":"https:\/\/api.w.org\/{rel}","templated":true}]}}