{"id":16824,"date":"2023-09-07T19:35:14","date_gmt":"2023-09-07T18:35:14","guid":{"rendered":"https:\/\/ypjrojava.net\/?p=16824"},"modified":"2023-09-07T19:36:53","modified_gmt":"2023-09-07T18:36:53","slug":"seniyen-bajare-qamislo-li-goristana-sehid-delil-saruxan-sehiden-xwe-oxir-kirin","status":"publish","type":"post","link":"https:\/\/ypjrojava.net\/?p=16824","title":{"rendered":"\u015e\u00eaniy\u00ean bajar\u00ea Qami\u015flo li \u00a0goristana \u015feh\u00eed Del\u00eel Sar\u00fbxan \u015feh\u00eed\u00ean xwe oxir kirin"},"content":{"rendered":"<p>.\u00cero bi hezaran \u015f\u00eaniy\u00ean bajar\u00ea Qami\u015flo li goristana \u015feh\u00eed Del\u00eel Sar\u00fbxan \u015feh\u00eed\u00ean xwe oxir kirin.<\/p>\n<p>Meras\u00eema oxirkirin\u00ea di nava girseya gel de, bi deqeyeke r\u00eazgirtin\u00ea ji bo giyan\u00ea pak\u00ea \u015feh\u00eedan dest p\u00ea kir. Pi\u015ftre li ser nav\u00ea Tevgera Jin\u00ea F\u00eedan Hesek\u00ea axaftin hat kirin \u00fb bal ki\u015fand ser berxwedana van her s\u00ea r\u00eaheval\u00ean ku ji bo hem\u00fb hevr\u00eay\u00ean xwe b\u00fbne \u00e7avkaniya moral\u00ea. Her wiha di berdewamiya axaftina xwe de berxwedana r\u00eaheval Rojna Eg\u00eed a li l\u00fbtkey\u00ean \u00e7iyay\u00ean Kurdistan\u00ea bi kedeke pir mezin heta Rojavay\u00ea Kurdistan\u00ea \u00fb teko\u015f\u00eena xwe berdewam kir. T\u00eako\u015f\u00eena w\u00ea di hem\u00fb qonax\u00ean ku \u015eore\u015fa Rojava t\u00ea de derbas b\u00fb, bi awayek\u00ee zelal li p\u00ea\u015fber\u00ee dagirkeriya Tirk \u00fb \u00e7etey\u00ean w\u00ea rawestiya. Siyaseta dewleta Tirk a dagirker ew e ku hem \u00ear\u00ee\u015f\u00ee destkeftiy\u00ean gel\u00ea me \u00fb hem j\u00ee li ser \u015fore\u015f\u00ea bike.<\/p>\n<p>F\u00eedan Hesek\u00ea her wiha bal ki\u015fand ser plan\u00ean ku dewleta Tirk a dagirker ji bo t\u00eakbirina hewldan\u00ean a\u015ftiy\u00ea y\u00ean li her\u00eam\u00ea p\u00eak b\u00eene. L\u00ea bel\u00ea fikra R\u00eaber Apo \u00fb neteweya demokrat\u00eek hem\u00fb gel ji xetereya konsept\u00ean dagirkeriya Tirk \u00ean ku dixwaze di nava gelan de bi cih bike, rizgar kir. Niha mil bi mil li dij\u00ee dagirkeriy\u00ea \u015fer dike \u00fb hem\u00fb plan\u00ean dijmin p\u00fb\u00e7 kiriye.<\/p>\n<p>F\u00eedan Hesek\u00ea di dawiya axaftina xwe de behsa t\u00eako\u015f\u00eena her du r\u00eaheval\u00ean Re\u015f\u00eed \u00fb Herkol kir \u00fb wiha got: \u201cHer du r\u00eaheval di parastina xaka xwe \u00fb gel\u00ea xwe de bi dilnizm\u00ee \u00fb fedakar b\u00fbn. bi w\u00ee moral\u00ee, ruh\u00ea welatpar\u00eaz\u00ee \u00fb gir\u00eadanb\u00fbneke bilind heta giha\u015ftin asta \u015fehadet\u00ea.&#8221;<\/p>\n<p>Di meras\u00eem\u00ea de ke\u00e7eke ji bajar\u00ea Qami\u015flo nav\u00ea r\u00eaheval Rojana li xwe kir \u00fb \u00e7eka w\u00ea hilgirt \u00fb tevl\u00ee nava ref\u00ean \u015eore\u015fa Azadiy\u00ea b\u00fb.<\/p>\n<p>\u00db li ser wesiyeta \u015feh\u00eed Herkol ku gotib\u00fb, &#8220;Eger rojek\u00ea ez \u015feh\u00eed bibim, ez h\u00eav\u00ee dikim ku her kes di meras\u00eema oxirkirin\u00ea de li sir\u00fbda &#8220;Ez \u015feh\u00eed\u00ea R\u00eaber Apo me&#8221; guhdar\u00ee bike. \u00db li gor\u00ee wesiyet\u00ea. ya \u015feh\u00eed, sir\u00fbda &#8220;Ez \u015feh\u00eed\u00ea serok me&#8221; hat guhdar\u00eekirin.<\/p>\n<p>Di dawiya meras\u00eem\u00ea de wes\u00eeqa \u015feh\u00eedan hate xwendin \u00fb radest\u00ee malbat\u00ean wan hate kirin. Bi til\u00eeliy\u00ean dayikan \u00fb dir\u00fb\u015fmey\u00ean \u201c\u015eeh\u00eed namirin\u201d \u00fb \u201cBij\u00ee R\u00eaber Apo\u201d cenazey\u00ean \u015feh\u00eedan spartin ax\u00ea.<\/p>\n<p><strong>Navenda Ragihandin\u00ea ya Yek\u00eeney\u00ean Parastina Jin<\/strong><\/p>\n<p><img loading=\"lazy\" decoding=\"async\" class=\"alignnone size-medium wp-image-16827\" src=\"https:\/\/ypjrojava.net\/wp-content\/uploads\/2023\/09\/photo1694101311-300x200.jpeg\" alt=\"\" width=\"300\" height=\"200\" srcset=\"https:\/\/ypjrojava.net\/wp-content\/uploads\/2023\/09\/photo1694101311-300x200.jpeg 300w, https:\/\/ypjrojava.net\/wp-content\/uploads\/2023\/09\/photo1694101311-768x512.jpeg 768w, https:\/\/ypjrojava.net\/wp-content\/uploads\/2023\/09\/photo1694101311.jpeg 800w\" sizes=\"auto, (max-width: 300px) 100vw, 300px\" \/> <img loading=\"lazy\" decoding=\"async\" class=\"alignnone size-medium wp-image-16829\" src=\"https:\/\/ypjrojava.net\/wp-content\/uploads\/2023\/09\/photo1694101035-300x200.jpeg\" alt=\"\" width=\"300\" height=\"200\" srcset=\"https:\/\/ypjrojava.net\/wp-content\/uploads\/2023\/09\/photo1694101035-300x200.jpeg 300w, https:\/\/ypjrojava.net\/wp-content\/uploads\/2023\/09\/photo1694101035-1024x682.jpeg 1024w, https:\/\/ypjrojava.net\/wp-content\/uploads\/2023\/09\/photo1694101035-768x512.jpeg 768w, https:\/\/ypjrojava.net\/wp-content\/uploads\/2023\/09\/photo1694101035.jpeg 1280w\" sizes=\"auto, (max-width: 300px) 100vw, 300px\" \/> <img loading=\"lazy\" decoding=\"async\" class=\"alignnone size-medium wp-image-16826\" src=\"https:\/\/ypjrojava.net\/wp-content\/uploads\/2023\/09\/photo1694101421-300x200.jpeg\" alt=\"\" width=\"300\" height=\"200\" srcset=\"https:\/\/ypjrojava.net\/wp-content\/uploads\/2023\/09\/photo1694101421-300x200.jpeg 300w, https:\/\/ypjrojava.net\/wp-content\/uploads\/2023\/09\/photo1694101421-1024x682.jpeg 1024w, https:\/\/ypjrojava.net\/wp-content\/uploads\/2023\/09\/photo1694101421-768x512.jpeg 768w, https:\/\/ypjrojava.net\/wp-content\/uploads\/2023\/09\/photo1694101421.jpeg 1280w\" sizes=\"auto, (max-width: 300px) 100vw, 300px\" \/> <img loading=\"lazy\" decoding=\"async\" class=\"alignnone size-medium wp-image-16825\" src=\"https:\/\/ypjrojava.net\/wp-content\/uploads\/2023\/09\/photo1694101440-300x200.jpeg\" alt=\"\" width=\"300\" height=\"200\" srcset=\"https:\/\/ypjrojava.net\/wp-content\/uploads\/2023\/09\/photo1694101440-300x200.jpeg 300w, https:\/\/ypjrojava.net\/wp-content\/uploads\/2023\/09\/photo1694101440-768x512.jpeg 768w, https:\/\/ypjrojava.net\/wp-content\/uploads\/2023\/09\/photo1694101440.jpeg 800w\" sizes=\"auto, (max-width: 300px) 100vw, 300px\" \/><\/p>\n","protected":false},"excerpt":{"rendered":"<p>.\u00cero bi hezaran \u015f\u00eaniy\u00ean bajar\u00ea Qami\u015flo li goristana \u015feh\u00eed Del\u00eel Sar\u00fbxan \u015feh\u00eed\u00ean xwe oxir kirin. Meras\u00eema oxirkirin\u00ea di nava girseya gel de, bi deqeyeke r\u00eazgirtin\u00ea ji bo giyan\u00ea pak\u00ea \u015feh\u00eedan dest p\u00ea kir. Pi\u015ftre li ser nav\u00ea Tevgera Jin\u00ea F\u00eedan Hesek\u00ea axaftin hat kirin \u00fb bal ki\u015fand ser berxwedana van her s\u00ea r\u00eaheval\u00ean ku ji [&hellip;]<\/p>\n","protected":false},"author":1,"featured_media":16827,"comment_status":"open","ping_status":"closed","sticky":false,"template":"","format":"standard","meta":{"footnotes":""},"categories":[38,40],"tags":[],"class_list":{"0":"post-16824","1":"post","2":"type-post","3":"status-publish","4":"format-standard","5":"has-post-thumbnail","7":"category-nuce","8":"category-wene"},"_links":{"self":[{"href":"https:\/\/ypjrojava.net\/index.php?rest_route=\/wp\/v2\/posts\/16824","targetHints":{"allow":["GET"]}}],"collection":[{"href":"https:\/\/ypjrojava.net\/index.php?rest_route=\/wp\/v2\/posts"}],"about":[{"href":"https:\/\/ypjrojava.net\/index.php?rest_route=\/wp\/v2\/types\/post"}],"author":[{"embeddable":true,"href":"https:\/\/ypjrojava.net\/index.php?rest_route=\/wp\/v2\/users\/1"}],"replies":[{"embeddable":true,"href":"https:\/\/ypjrojava.net\/index.php?rest_route=%2Fwp%2Fv2%2Fcomments&post=16824"}],"version-history":[{"count":1,"href":"https:\/\/ypjrojava.net\/index.php?rest_route=\/wp\/v2\/posts\/16824\/revisions"}],"predecessor-version":[{"id":16830,"href":"https:\/\/ypjrojava.net\/index.php?rest_route=\/wp\/v2\/posts\/16824\/revisions\/16830"}],"wp:featuredmedia":[{"embeddable":true,"href":"https:\/\/ypjrojava.net\/index.php?rest_route=\/wp\/v2\/media\/16827"}],"wp:attachment":[{"href":"https:\/\/ypjrojava.net\/index.php?rest_route=%2Fwp%2Fv2%2Fmedia&parent=16824"}],"wp:term":[{"taxonomy":"category","embeddable":true,"href":"https:\/\/ypjrojava.net\/index.php?rest_route=%2Fwp%2Fv2%2Fcategories&post=16824"},{"taxonomy":"post_tag","embeddable":true,"href":"https:\/\/ypjrojava.net\/index.php?rest_route=%2Fwp%2Fv2%2Ftags&post=16824"}],"curies":[{"name":"wp","href":"https:\/\/api.w.org\/{rel}","templated":true}]}}