{"id":16833,"date":"2023-09-08T10:44:42","date_gmt":"2023-09-08T09:44:42","guid":{"rendered":"https:\/\/ypjrojava.net\/?p=16833"},"modified":"2023-09-08T11:00:03","modified_gmt":"2023-09-08T10:00:03","slug":"hezen-meclisa-leskeri-ya-minbice-li-bejahiya-minbice-li-diji-erisen-ceteyen-artesa-tirk-a-dagirker-rawestiyan","status":"publish","type":"post","link":"https:\/\/ypjrojava.net\/?p=16833","title":{"rendered":"H\u00eaz\u00ean Mecl\u00eesa Le\u015fker\u00ee ya Minbic\u00ea li bejahiya Minbic\u00ea li dij\u00ee \u00ear\u00ee\u015f\u00ean \u00e7etey\u00ean art\u00ea\u015fa Tirk a dagirker rawestiyan."},"content":{"rendered":"<p>D\u00eemenek ji \u015fer\u00ean ku di navbera h\u00eaz\u00ean Mecl\u00eesa Le\u015fker\u00ee ya Minbic\u00ea \u00fb \u00e7etey\u00ean dewleta Tirk a dagirker de qewim\u00een, saet di 00:00\u2019an de destp\u00ea kir. Giraniya \u015fer gehi\u015fte gund\u00ean bakur\u00ea rojavay\u00ea bajar\u00ea Minbic\u00ea, ji wan: Ereb Hesen, Um Cel\u00fbd \u00fb Um Adasa, \u00fb \u015fer\u00ean her\u00ee dijwar li gund\u00ea El-Tuxar li bakur\u00ea rojhilat\u00ea bajar\u00ea Minbic\u00ea r\u00fbdan. . Di dema ku h\u00eaz\u00ean Mecl\u00eesa Le\u015fker\u00ee ya Minbic\u00ea li dij\u00ee \u00ear\u00ee\u015f\u00ean \u00e7etey\u00ean ku dixwestin derbas\u00ee her\u00eam\u00ean di bin parastina meclisa le\u015fker\u00ee de bibin, dijwariya pev\u00e7\u00fbnan bi \u00e7ek\u00ean giran \u00fb nav\u00een heta kirin \u00fb heta seet\u00ean sibeh\u00ea roja \u00een\u00ea 8&#8217;\u00ea \u00eelon&#8217;\u00ea 2023 dewam kir .<\/p>\n<p>Navenda Ragihandina YPJ<\/p>\n<p><iframe loading=\"lazy\" title=\"\u062c\u0627\u0646\u0628 \u0645\u0646 \u0627\u0644\u0627\u0634\u062a\u0628\u0627\u0643\u0627\u062a \u0627\u0644\u062a\u064a \u062f\u0627\u0631\u062a \u0628\u064a\u0646 \u0642\u0648\u0627\u062a \u0645\u062c\u0644\u0633 \u0645\u0646\u0628\u062c \u0627\u0644\u0639\u0633\u0643\u0631\u064a \u0648 \u0645\u0631\u062a\u0632\u0642\u0629 \u062a\u0631\u0643\u064a\u0627 \u0641\u064a \u0631\u064a\u0641 \u0645\u0646\u0628\u062c\" width=\"696\" height=\"392\" src=\"https:\/\/www.youtube.com\/embed\/Kpuaoctls3s?feature=oembed\" frameborder=\"0\" allow=\"accelerometer; autoplay; clipboard-write; encrypted-media; gyroscope; picture-in-picture; web-share\" referrerpolicy=\"strict-origin-when-cross-origin\" allowfullscreen><\/iframe><\/p>\n","protected":false},"excerpt":{"rendered":"<p>D\u00eemenek ji \u015fer\u00ean ku di navbera h\u00eaz\u00ean Mecl\u00eesa Le\u015fker\u00ee ya Minbic\u00ea \u00fb \u00e7etey\u00ean dewleta Tirk a dagirker de qewim\u00een, saet di 00:00\u2019an de destp\u00ea kir. Giraniya \u015fer gehi\u015fte gund\u00ean bakur\u00ea rojavay\u00ea bajar\u00ea Minbic\u00ea, ji wan: Ereb Hesen, Um Cel\u00fbd \u00fb Um Adasa, \u00fb \u015fer\u00ean her\u00ee dijwar li gund\u00ea El-Tuxar li bakur\u00ea rojhilat\u00ea bajar\u00ea Minbic\u00ea r\u00fbdan. [&hellip;]<\/p>\n","protected":false},"author":1,"featured_media":16834,"comment_status":"open","ping_status":"closed","sticky":false,"template":"","format":"standard","meta":{"footnotes":""},"categories":[41,38],"tags":[],"class_list":{"0":"post-16833","1":"post","2":"type-post","3":"status-publish","4":"format-standard","5":"has-post-thumbnail","7":"category-dimen","8":"category-nuce"},"_links":{"self":[{"href":"https:\/\/ypjrojava.net\/index.php?rest_route=\/wp\/v2\/posts\/16833","targetHints":{"allow":["GET"]}}],"collection":[{"href":"https:\/\/ypjrojava.net\/index.php?rest_route=\/wp\/v2\/posts"}],"about":[{"href":"https:\/\/ypjrojava.net\/index.php?rest_route=\/wp\/v2\/types\/post"}],"author":[{"embeddable":true,"href":"https:\/\/ypjrojava.net\/index.php?rest_route=\/wp\/v2\/users\/1"}],"replies":[{"embeddable":true,"href":"https:\/\/ypjrojava.net\/index.php?rest_route=%2Fwp%2Fv2%2Fcomments&post=16833"}],"version-history":[{"count":2,"href":"https:\/\/ypjrojava.net\/index.php?rest_route=\/wp\/v2\/posts\/16833\/revisions"}],"predecessor-version":[{"id":16836,"href":"https:\/\/ypjrojava.net\/index.php?rest_route=\/wp\/v2\/posts\/16833\/revisions\/16836"}],"wp:featuredmedia":[{"embeddable":true,"href":"https:\/\/ypjrojava.net\/index.php?rest_route=\/wp\/v2\/media\/16834"}],"wp:attachment":[{"href":"https:\/\/ypjrojava.net\/index.php?rest_route=%2Fwp%2Fv2%2Fmedia&parent=16833"}],"wp:term":[{"taxonomy":"category","embeddable":true,"href":"https:\/\/ypjrojava.net\/index.php?rest_route=%2Fwp%2Fv2%2Fcategories&post=16833"},{"taxonomy":"post_tag","embeddable":true,"href":"https:\/\/ypjrojava.net\/index.php?rest_route=%2Fwp%2Fv2%2Ftags&post=16833"}],"curies":[{"name":"wp","href":"https:\/\/api.w.org\/{rel}","templated":true}]}}