{"id":16858,"date":"2023-09-09T09:17:45","date_gmt":"2023-09-09T08:17:45","guid":{"rendered":"https:\/\/ypjrojava.net\/?p=16858"},"modified":"2023-09-09T09:17:45","modified_gmt":"2023-09-09T08:17:45","slug":"hezen-meclisa-leskeri-ya-minbice-ji-bo-tolhildana-zaroken-gunde-ereb-hesen-di-1e-ilone-de-sehid-bibun-calakiyeke-bi-bandor-li-diji-ceteyan-li-darxistin","status":"publish","type":"post","link":"https:\/\/ypjrojava.net\/?p=16858","title":{"rendered":"H\u00eaz\u00ean Mecl\u00eesa Le\u015fker\u00ee ya Minbic\u00ea ji bo tolhildana zarok\u00ean gund\u00ea Ereb Hesen di 1\u2019\u00ea \u00celon\u00ea de \u015feh\u00eed bib\u00fbn, \u00e7alakiyeke bi bandor li dij\u00ee \u00e7eteyan li darxistin"},"content":{"rendered":"<p><strong>H\u00eaz\u00ean Mecl\u00eesa Le\u015fker\u00ee ya Minbic\u00ea ji bo tolhildana zarok\u00ean gund\u00ea Ereb Hesen di 1\u2019\u00ea \u00celon\u00ea de \u015feh\u00eed bib\u00fbn, \u00e7alakiyeke bi bandor li dij\u00ee \u00e7eteyan li darxistin<\/strong><br \/>\nDi 7\u2019\u00ea \u00celona 2023\u2019an de h\u00eaz\u00ean Mecl\u00eesa Le\u015fker\u00ee ya Minbic\u00ea li dij\u00ee \u00e7etey\u00ean dewleta Tirk a dagirker \u00e7alakiyeke bi kal\u00eete li dar xist. Ev \u00e7alak\u00ee ji bo tolhildana zarok\u00ean ku di 1\u2019\u00ea \u00celon\u00ea de li gund\u00ea Ereb Hesen \u00ea bakur\u00ea rojavay\u00ea bajar\u00ea Minbic\u00ea ji aliy\u00ea \u00e7etey\u00ean art\u00ea\u015fa Tirk a dagirker ve hatib\u00fbn qetilkirin, t\u00ea. Di \u00e7alakiy\u00ea de 2 \u00e7ete hatin berterefkirin \u00fb 3 \u00e7ete j\u00ee bir\u00eendar b\u00fbn.<\/p>\n<p><strong>Navenda Ragihandina YPJ<\/strong><\/p>\n<p><img loading=\"lazy\" decoding=\"async\" class=\"alignnone size-medium wp-image-16859\" src=\"https:\/\/ypjrojava.net\/wp-content\/uploads\/2023\/09\/\u200f\u200f\u0644\u0642\u0637\u0629-\u0627\u0644\u0634\u0627\u0634\u0629-76-300x150.png\" alt=\"\" width=\"300\" height=\"150\" srcset=\"https:\/\/ypjrojava.net\/wp-content\/uploads\/2023\/09\/\u200f\u200f\u0644\u0642\u0637\u0629-\u0627\u0644\u0634\u0627\u0634\u0629-76-300x150.png 300w, https:\/\/ypjrojava.net\/wp-content\/uploads\/2023\/09\/\u200f\u200f\u0644\u0642\u0637\u0629-\u0627\u0644\u0634\u0627\u0634\u0629-76-1024x511.png 1024w, https:\/\/ypjrojava.net\/wp-content\/uploads\/2023\/09\/\u200f\u200f\u0644\u0642\u0637\u0629-\u0627\u0644\u0634\u0627\u0634\u0629-76-768x383.png 768w, https:\/\/ypjrojava.net\/wp-content\/uploads\/2023\/09\/\u200f\u200f\u0644\u0642\u0637\u0629-\u0627\u0644\u0634\u0627\u0634\u0629-76.png 1214w\" sizes=\"auto, (max-width: 300px) 100vw, 300px\" \/><\/p>\n","protected":false},"excerpt":{"rendered":"<p>H\u00eaz\u00ean Mecl\u00eesa Le\u015fker\u00ee ya Minbic\u00ea ji bo tolhildana zarok\u00ean gund\u00ea Ereb Hesen di 1\u2019\u00ea \u00celon\u00ea de \u015feh\u00eed bib\u00fbn, \u00e7alakiyeke bi bandor li dij\u00ee \u00e7eteyan li darxistin Di 7\u2019\u00ea \u00celona 2023\u2019an de h\u00eaz\u00ean Mecl\u00eesa Le\u015fker\u00ee ya Minbic\u00ea li dij\u00ee \u00e7etey\u00ean dewleta Tirk a dagirker \u00e7alakiyeke bi kal\u00eete li dar xist. Ev \u00e7alak\u00ee ji bo tolhildana zarok\u00ean [&hellip;]<\/p>\n","protected":false},"author":1,"featured_media":16859,"comment_status":"open","ping_status":"closed","sticky":false,"template":"","format":"standard","meta":{"footnotes":""},"categories":[38,40],"tags":[],"class_list":{"0":"post-16858","1":"post","2":"type-post","3":"status-publish","4":"format-standard","5":"has-post-thumbnail","7":"category-nuce","8":"category-wene"},"_links":{"self":[{"href":"https:\/\/ypjrojava.net\/index.php?rest_route=\/wp\/v2\/posts\/16858","targetHints":{"allow":["GET"]}}],"collection":[{"href":"https:\/\/ypjrojava.net\/index.php?rest_route=\/wp\/v2\/posts"}],"about":[{"href":"https:\/\/ypjrojava.net\/index.php?rest_route=\/wp\/v2\/types\/post"}],"author":[{"embeddable":true,"href":"https:\/\/ypjrojava.net\/index.php?rest_route=\/wp\/v2\/users\/1"}],"replies":[{"embeddable":true,"href":"https:\/\/ypjrojava.net\/index.php?rest_route=%2Fwp%2Fv2%2Fcomments&post=16858"}],"version-history":[{"count":1,"href":"https:\/\/ypjrojava.net\/index.php?rest_route=\/wp\/v2\/posts\/16858\/revisions"}],"predecessor-version":[{"id":16860,"href":"https:\/\/ypjrojava.net\/index.php?rest_route=\/wp\/v2\/posts\/16858\/revisions\/16860"}],"wp:featuredmedia":[{"embeddable":true,"href":"https:\/\/ypjrojava.net\/index.php?rest_route=\/wp\/v2\/media\/16859"}],"wp:attachment":[{"href":"https:\/\/ypjrojava.net\/index.php?rest_route=%2Fwp%2Fv2%2Fmedia&parent=16858"}],"wp:term":[{"taxonomy":"category","embeddable":true,"href":"https:\/\/ypjrojava.net\/index.php?rest_route=%2Fwp%2Fv2%2Fcategories&post=16858"},{"taxonomy":"post_tag","embeddable":true,"href":"https:\/\/ypjrojava.net\/index.php?rest_route=%2Fwp%2Fv2%2Ftags&post=16858"}],"curies":[{"name":"wp","href":"https:\/\/api.w.org\/{rel}","templated":true}]}}