{"id":16861,"date":"2023-09-09T09:20:06","date_gmt":"2023-09-09T08:20:06","guid":{"rendered":"https:\/\/ypjrojava.net\/?p=16861"},"modified":"2023-09-09T09:20:06","modified_gmt":"2023-09-09T08:20:06","slug":"hezen-meclisa-leskeri-ya-minbice-ji-bo-tolhildana-zaroken-gunde-ereb-hesen-di-1e-ilone-de-sehid-bibun-calakiyeke-bi-bandor-li-diji-ceteyan-lidarxistin","status":"publish","type":"post","link":"https:\/\/ypjrojava.net\/?p=16861","title":{"rendered":"H\u00eaz\u00ean Mecl\u00eesa Le\u015fker\u00ee ya Minbic\u00ea ji bo tolhildana zarok\u00ean gund\u00ea Ereb Hesen di 1\u2019\u00ea \u00celon\u00ea de \u015feh\u00eed bib\u00fbn, \u00e7alakiyeke bi bandor li dij\u00ee \u00e7eteyan lidarxistin"},"content":{"rendered":"<p><iframe loading=\"lazy\" title=\"\u0639\u0645\u0644\u064a\u0629 \u0646\u0648\u0639\u064a\u0629 \u0644\u0642\u0648\u0627\u062a \u0645\u062c\u0644\u0633 \u0645\u0646\u0628\u062c \u0627\u0644\u0639\u0633\u0643\u0631\u064a \u0639\u0644\u0649 \u0627\u0644\u0645\u0631\u062a\u0632\u0642\u0629 \u0627\u0646\u062a\u0642\u0627\u0645\u0627\u064b \u0644\u0644\u0623\u0637\u0641\u0627\u0644 \u0627\u0644\u0634\u0647\u062f\u0627\u0621 \u0641\u064a 1 \u0623\u064a\u0644\u0648\u0644 \u0642\u0631\u064a\u0629 \u0639\u0631\u0628 \u062d\u0633\u0646\" width=\"696\" height=\"392\" src=\"https:\/\/www.youtube.com\/embed\/FKjOYtPY-zo?feature=oembed\" frameborder=\"0\" allow=\"accelerometer; autoplay; clipboard-write; encrypted-media; gyroscope; picture-in-picture; web-share\" referrerpolicy=\"strict-origin-when-cross-origin\" allowfullscreen><\/iframe><\/p>\n","protected":false},"excerpt":{"rendered":"https:\/\/youtu.be\/FKjOYtPY-zo","protected":false},"author":1,"featured_media":16859,"comment_status":"open","ping_status":"closed","sticky":false,"template":"","format":"standard","meta":{"footnotes":""},"categories":[41,38],"tags":[],"class_list":{"0":"post-16861","1":"post","2":"type-post","3":"status-publish","4":"format-standard","5":"has-post-thumbnail","7":"category-dimen","8":"category-nuce"},"_links":{"self":[{"href":"https:\/\/ypjrojava.net\/index.php?rest_route=\/wp\/v2\/posts\/16861","targetHints":{"allow":["GET"]}}],"collection":[{"href":"https:\/\/ypjrojava.net\/index.php?rest_route=\/wp\/v2\/posts"}],"about":[{"href":"https:\/\/ypjrojava.net\/index.php?rest_route=\/wp\/v2\/types\/post"}],"author":[{"embeddable":true,"href":"https:\/\/ypjrojava.net\/index.php?rest_route=\/wp\/v2\/users\/1"}],"replies":[{"embeddable":true,"href":"https:\/\/ypjrojava.net\/index.php?rest_route=%2Fwp%2Fv2%2Fcomments&post=16861"}],"version-history":[{"count":1,"href":"https:\/\/ypjrojava.net\/index.php?rest_route=\/wp\/v2\/posts\/16861\/revisions"}],"predecessor-version":[{"id":16862,"href":"https:\/\/ypjrojava.net\/index.php?rest_route=\/wp\/v2\/posts\/16861\/revisions\/16862"}],"wp:featuredmedia":[{"embeddable":true,"href":"https:\/\/ypjrojava.net\/index.php?rest_route=\/wp\/v2\/media\/16859"}],"wp:attachment":[{"href":"https:\/\/ypjrojava.net\/index.php?rest_route=%2Fwp%2Fv2%2Fmedia&parent=16861"}],"wp:term":[{"taxonomy":"category","embeddable":true,"href":"https:\/\/ypjrojava.net\/index.php?rest_route=%2Fwp%2Fv2%2Fcategories&post=16861"},{"taxonomy":"post_tag","embeddable":true,"href":"https:\/\/ypjrojava.net\/index.php?rest_route=%2Fwp%2Fv2%2Ftags&post=16861"}],"curies":[{"name":"wp","href":"https:\/\/api.w.org\/{rel}","templated":true}]}}