{"id":16877,"date":"2023-09-14T18:06:24","date_gmt":"2023-09-14T17:06:24","guid":{"rendered":"https:\/\/ypjrojava.net\/?p=16877"},"modified":"2023-09-14T18:12:55","modified_gmt":"2023-09-14T17:12:55","slug":"seniyen-bajare-qamislo-hefte-u-du-sehiden-meha-ilone-bi-bir-anin","status":"publish","type":"post","link":"https:\/\/ypjrojava.net\/?p=16877","title":{"rendered":"\u015e\u00eaniy\u00ean bajar\u00ea Qami\u015flo heft\u00ea \u00fb du pakrewan\u00ean meha \u00celon\u00ea bi b\u00eer an\u00een"},"content":{"rendered":"<p>Meras\u00eema b\u00eeran\u00een\u00ea li bajar\u00ea Qami\u015flo bi deqeyeke r\u00eazgirtin\u00ea ji bo giyan\u00ea pak\u00ea \u015feh\u00eedan dest p\u00ea kir.<\/p>\n<p>Li ser nav\u00ea Meclisa Malbat\u00ean \u015eeh\u00eedan Remziya Mihemed axiv\u00ee \u00fb got: Em ji v\u00ea menbera p\u00eeroz, \u015feh\u00eed\u00ean xwe y\u00ean qehreman \u00ean ku can\u00ea xwe feda kirin ji bo hem\u00fb p\u00eeroziy\u00ean v\u00ee welat\u00ee bi b\u00eer t\u00eenin \u00fb em \u015fifayk\u00ee lezg\u00een\u00ee ji bo hem\u00fb heval\u00ean xwe y\u00ean bir\u00eendar dixwazin. Her wiha em ji hem\u00fb malbat \u00fb xizm\u00ean \u015feh\u00eedan re sersaxiy\u00ea dixwazin.<\/p>\n<p>Remziya Mihemed di axaftina xwe de bal ki\u015fand ser komb\u00fbna gel a li dora fikra R\u00eaber Apo \u00fb wiha got: Raman\u00ean R\u00eaber Apo raman\u00ean ku hem\u00fb \u00e7and \u00fb neteweyan li hev diciv\u00eene \u00fb \u00ead\u00ee dikarin mil bi mil li dij\u00ee dijmin\u00ea hevpar \u015fer bikin \u00fb bibin yek. ji bona welatek\u00ee azad bi hev re di yek xendek\u00ea de \u015feh\u00eed ketin. Dayik\u00ean ku p\u00ea\u015fwaziyz \u015fihadeta zarok\u00ean xwe, y\u00ean di ref\u00ean t\u00eako\u015f\u00een\u00ea de \u015feh\u00eed b\u00fbne \u00a0bi til\u00eeliyan dikin, b\u00fbne m\u00eenaka p\u00ea\u015fwaziya azadiy\u00ea.<\/p>\n<p>Di dawiya axaftina xwe de Remziya Muhemed wiha got: \u00c7i dibe bila bibe em dest ji xw\u00eena \u015feh\u00eed\u00ean xwe bernadin \u00fb heta dawiy\u00ea em \u00ea lay\u00eeq\u00ea r\u00eaber\u00ea xwe bin.Bij\u00ee r\u00eaber APO, \u015feh\u00eed namirin.<\/p>\n<p>Di dawiya b\u00eeran\u00een\u00ea de nav\u00ean \u015feh\u00eedan hatin xwendin, bi til\u00eeliy\u00ean dayikan \u00fb dir\u00fb\u015fmey\u00ean \u201c\u015eeh\u00eed \u00a0namirin, bij\u00ee R\u00eaber Apo\u201d.<\/p>\n<p>&nbsp;<\/p>\n<p>Navenda Ragihandina YPJ<\/p>\n<p><img loading=\"lazy\" decoding=\"async\" class=\"alignnone size-medium wp-image-16878\" src=\"https:\/\/ypjrojava.net\/wp-content\/uploads\/2023\/09\/photo1694706402-300x200.jpeg\" alt=\"\" width=\"300\" height=\"200\" srcset=\"https:\/\/ypjrojava.net\/wp-content\/uploads\/2023\/09\/photo1694706402-300x200.jpeg 300w, https:\/\/ypjrojava.net\/wp-content\/uploads\/2023\/09\/photo1694706402-1024x682.jpeg 1024w, https:\/\/ypjrojava.net\/wp-content\/uploads\/2023\/09\/photo1694706402-768x512.jpeg 768w, https:\/\/ypjrojava.net\/wp-content\/uploads\/2023\/09\/photo1694706402.jpeg 1280w\" sizes=\"auto, (max-width: 300px) 100vw, 300px\" \/> <img loading=\"lazy\" decoding=\"async\" class=\"alignnone size-medium wp-image-16879\" src=\"https:\/\/ypjrojava.net\/wp-content\/uploads\/2023\/09\/photo1694706393-300x200.jpeg\" alt=\"\" width=\"300\" height=\"200\" srcset=\"https:\/\/ypjrojava.net\/wp-content\/uploads\/2023\/09\/photo1694706393-300x200.jpeg 300w, https:\/\/ypjrojava.net\/wp-content\/uploads\/2023\/09\/photo1694706393-1024x682.jpeg 1024w, https:\/\/ypjrojava.net\/wp-content\/uploads\/2023\/09\/photo1694706393-768x512.jpeg 768w, https:\/\/ypjrojava.net\/wp-content\/uploads\/2023\/09\/photo1694706393.jpeg 1280w\" sizes=\"auto, (max-width: 300px) 100vw, 300px\" \/> <img loading=\"lazy\" decoding=\"async\" class=\"alignnone size-medium wp-image-16880\" src=\"https:\/\/ypjrojava.net\/wp-content\/uploads\/2023\/09\/photo1694706386-300x200.jpeg\" alt=\"\" width=\"300\" height=\"200\" srcset=\"https:\/\/ypjrojava.net\/wp-content\/uploads\/2023\/09\/photo1694706386-300x200.jpeg 300w, https:\/\/ypjrojava.net\/wp-content\/uploads\/2023\/09\/photo1694706386-1024x682.jpeg 1024w, https:\/\/ypjrojava.net\/wp-content\/uploads\/2023\/09\/photo1694706386-768x512.jpeg 768w, https:\/\/ypjrojava.net\/wp-content\/uploads\/2023\/09\/photo1694706386.jpeg 1280w\" sizes=\"auto, (max-width: 300px) 100vw, 300px\" \/> <img loading=\"lazy\" decoding=\"async\" class=\"alignnone size-medium wp-image-16881\" src=\"https:\/\/ypjrojava.net\/wp-content\/uploads\/2023\/09\/photo1694706374-300x200.jpeg\" alt=\"\" width=\"300\" height=\"200\" srcset=\"https:\/\/ypjrojava.net\/wp-content\/uploads\/2023\/09\/photo1694706374-300x200.jpeg 300w, https:\/\/ypjrojava.net\/wp-content\/uploads\/2023\/09\/photo1694706374-1024x682.jpeg 1024w, https:\/\/ypjrojava.net\/wp-content\/uploads\/2023\/09\/photo1694706374-768x512.jpeg 768w, https:\/\/ypjrojava.net\/wp-content\/uploads\/2023\/09\/photo1694706374.jpeg 1280w\" sizes=\"auto, (max-width: 300px) 100vw, 300px\" \/> <img loading=\"lazy\" decoding=\"async\" class=\"alignnone size-medium wp-image-16882\" src=\"https:\/\/ypjrojava.net\/wp-content\/uploads\/2023\/09\/photo1694706359-300x200.jpeg\" alt=\"\" width=\"300\" height=\"200\" srcset=\"https:\/\/ypjrojava.net\/wp-content\/uploads\/2023\/09\/photo1694706359-300x200.jpeg 300w, https:\/\/ypjrojava.net\/wp-content\/uploads\/2023\/09\/photo1694706359-1024x682.jpeg 1024w, https:\/\/ypjrojava.net\/wp-content\/uploads\/2023\/09\/photo1694706359-768x512.jpeg 768w, https:\/\/ypjrojava.net\/wp-content\/uploads\/2023\/09\/photo1694706359.jpeg 1280w\" sizes=\"auto, (max-width: 300px) 100vw, 300px\" \/><img loading=\"lazy\" decoding=\"async\" class=\"alignnone size-medium wp-image-16883\" src=\"https:\/\/ypjrojava.net\/wp-content\/uploads\/2023\/09\/photo1694706357-300x200.jpeg\" alt=\"\" width=\"300\" height=\"200\" srcset=\"https:\/\/ypjrojava.net\/wp-content\/uploads\/2023\/09\/photo1694706357-300x200.jpeg 300w, https:\/\/ypjrojava.net\/wp-content\/uploads\/2023\/09\/photo1694706357-1024x682.jpeg 1024w, https:\/\/ypjrojava.net\/wp-content\/uploads\/2023\/09\/photo1694706357-768x512.jpeg 768w, https:\/\/ypjrojava.net\/wp-content\/uploads\/2023\/09\/photo1694706357.jpeg 1280w\" sizes=\"auto, (max-width: 300px) 100vw, 300px\" \/><\/p>\n","protected":false},"excerpt":{"rendered":"<p>Meras\u00eema b\u00eeran\u00een\u00ea li bajar\u00ea Qami\u015flo bi deqeyeke r\u00eazgirtin\u00ea ji bo giyan\u00ea pak\u00ea \u015feh\u00eedan dest p\u00ea kir. Li ser nav\u00ea Meclisa Malbat\u00ean \u015eeh\u00eedan Remziya Mihemed axiv\u00ee \u00fb got: Em ji v\u00ea menbera p\u00eeroz, \u015feh\u00eed\u00ean xwe y\u00ean qehreman \u00ean ku can\u00ea xwe feda kirin ji bo hem\u00fb p\u00eeroziy\u00ean v\u00ee welat\u00ee bi b\u00eer t\u00eenin \u00fb em \u015fifayk\u00ee lezg\u00een\u00ee [&hellip;]<\/p>\n","protected":false},"author":1,"featured_media":16882,"comment_status":"open","ping_status":"closed","sticky":false,"template":"","format":"standard","meta":{"footnotes":""},"categories":[38,40],"tags":[],"class_list":{"0":"post-16877","1":"post","2":"type-post","3":"status-publish","4":"format-standard","5":"has-post-thumbnail","7":"category-nuce","8":"category-wene"},"_links":{"self":[{"href":"https:\/\/ypjrojava.net\/index.php?rest_route=\/wp\/v2\/posts\/16877","targetHints":{"allow":["GET"]}}],"collection":[{"href":"https:\/\/ypjrojava.net\/index.php?rest_route=\/wp\/v2\/posts"}],"about":[{"href":"https:\/\/ypjrojava.net\/index.php?rest_route=\/wp\/v2\/types\/post"}],"author":[{"embeddable":true,"href":"https:\/\/ypjrojava.net\/index.php?rest_route=\/wp\/v2\/users\/1"}],"replies":[{"embeddable":true,"href":"https:\/\/ypjrojava.net\/index.php?rest_route=%2Fwp%2Fv2%2Fcomments&post=16877"}],"version-history":[{"count":2,"href":"https:\/\/ypjrojava.net\/index.php?rest_route=\/wp\/v2\/posts\/16877\/revisions"}],"predecessor-version":[{"id":16885,"href":"https:\/\/ypjrojava.net\/index.php?rest_route=\/wp\/v2\/posts\/16877\/revisions\/16885"}],"wp:featuredmedia":[{"embeddable":true,"href":"https:\/\/ypjrojava.net\/index.php?rest_route=\/wp\/v2\/media\/16882"}],"wp:attachment":[{"href":"https:\/\/ypjrojava.net\/index.php?rest_route=%2Fwp%2Fv2%2Fmedia&parent=16877"}],"wp:term":[{"taxonomy":"category","embeddable":true,"href":"https:\/\/ypjrojava.net\/index.php?rest_route=%2Fwp%2Fv2%2Fcategories&post=16877"},{"taxonomy":"post_tag","embeddable":true,"href":"https:\/\/ypjrojava.net\/index.php?rest_route=%2Fwp%2Fv2%2Ftags&post=16877"}],"curies":[{"name":"wp","href":"https:\/\/api.w.org\/{rel}","templated":true}]}}