{"id":16892,"date":"2023-09-16T11:12:26","date_gmt":"2023-09-16T10:12:26","guid":{"rendered":"https:\/\/ypjrojava.net\/?p=16892"},"modified":"2023-09-16T11:15:40","modified_gmt":"2023-09-16T10:15:40","slug":"16892","status":"publish","type":"post","link":"https:\/\/ypjrojava.net\/?p=16892","title":{"rendered":"Ji Gel\u00ea Me \u00fb Raya Gi\u015ft\u00ee Re!"},"content":{"rendered":"<p>Di encama \u00ear\u00ee\u015fa dewleta Tirk a dagirker de, di 15\u2019\u00ea \u00celon\u00ea de li bajar\u00ea\u00a0 Minbic\u00ea \u00a0Endama Fermandariya Mecl\u00eesa Le\u015fker\u00ee ya YPJ\u2019\u00ea \u00fb Fermandara Mecl\u00eesa Le\u015fker\u00ee ya Minbic\u00ea \u015eerv\u00een Serdar \u00fb hevr\u00eay\u00ean me N\u00fbcan Ocalan \u00fb\u00a0 Canda C\u00fbd\u00ee tevl\u00ee karwan\u00ean nemiran b\u00fbn.<\/p>\n<p>Dewleta Tirk a qirker, her roj bi r\u00eabaz\u00ean xwe y\u00ean dervey\u00ee p\u00eevan\u00ean \u015fer \u00ear\u00ee\u015f\u00ee gel\u00ea me \u00fb p\u00ea\u015feng\u00ean \u015fore\u015fa Bak\u00fbr-Rojhilat\u00ea S\u00fbr\u00ee dike. Teko\u015f\u00eena me di dil\u00ea desthildariya xw\u00eenm\u00eaj a Erdoxan de tirs \u00fb xofeke mezin avakiriye. Dewleta Tirk a dagirker ji aliy\u00ea da\u00eereya \u015fer\u00ea taybet ve t\u00ea r\u00eavebirin. Di tu dem\u00ean d\u00eerok\u00ea de qirkirineke bi v\u00ee reng\u00ee\u00a0 r\u00eaxistinkir\u00ee, li ser gelan nehatiye me\u015fandin. \u00cero j\u00ee navenda v\u00ea qirkirin\u00ea S\u00fbriye ye. Dewleta Tirk a ku bermahiy\u00ea desthildariya Osmaniya ye, cardin dixwaza axa me bi feraseta n\u00fbjen a Osmaniya dem\u00ea re \u00a0dagir bike \u00fb bi r\u00eave bibe. Ji ber w\u00ea j\u00ee bi \u00ear\u00ee\u015f\u00ean xwe y\u00ean pir al\u00ee hewl dide her deng\u00ea ku ji bo azad\u00ee \u00fb demokrasiy\u00ea bilind dibe, bitepis\u00eene.<\/p>\n<p>Weke Yek\u00eeney\u00ean Parastina Jin, ji destp\u00eaka teko\u015f\u00eena xwe heta roja \u00eero em wek mertaleke parastin\u00ea li hember\u00ee van \u00ear\u00ee\u015fan disekinin. Me di oxira v\u00ea armanca xwe de bi sedan \u015feh\u00eed dan. Ev rastiya me \u00e7av\u00ean tevah\u00ee civak\u00ean ku li azad\u00ee \u00fb maf\u00ean xwe digerin ji jiyaneke n\u00fb re vekir. YPJ bi teko\u015f\u00eena xwe ya li dij\u00ee DAI\u015e\u2019\u00ea, b\u00fb \u00eefadeya ruh\u00ea jin\u00ean ku ji bo mirovahiy\u00ea heb\u00fbna xwe feda dikin. YPJ, li seranser\u00ee c\u00eehan\u00ea weke model \u00fb h\u00eaviya jiyaneke n\u00fb ya gelan t\u00ea p\u00eanase kirin. L\u00ea \u00eero ev jin\u00ean leheng bi fermana Erdoxan\u00ea ku dijmin\u00ea \u00eerade \u00fb heb\u00fbna jinane, t\u00ean armanc kirin. Di d\u00eeroka 15\u2019\u00ea \u00celon\u00ea de di salvegera \u00ear\u00ee\u015f\u00ean li ser Koban\u00ee de cardin armanc girtina jin\u00ean \u015fore\u015fger ne rasthatineke. Ev dijminahiya dewleta Tirk a dagirker, hezim nekirina t\u00eak \u00e7\u00fby\u00eena DAI\u015e\u2019\u00ea \u00eefade dike.\u00a0 Di heman dem\u00ea de bi armanca \u015fikandina \u00eerade \u00fb motivasyona \u015fore\u015f\u00ea, van \u00ear\u00ee\u015fan p\u00eak t\u00eenin. Nirx\u00ean ku R\u00eaber APO li ser v\u00ea ax\u00ea daye afirandin, di nava xwe de malbet\u00ean welatpar\u00eaz \u00fb demokrat ava kir. Ev yek j\u00ee tu cara nah\u00eale ku dijmin encam bigre \u00fb \u015fa bibe. R\u00eaber Apo bi teko\u015f\u00een \u00fb keda xwe ya li tevahiya S\u00fbr\u00ee daye me\u015fandin, civakeke bi nirx ku di nava xwe de rastiya malbat\u00ean welatpar\u00eaz \u00fb demokrat dihew\u00eene, afirandiye. Yek ji wan malbatan j\u00ee malbata Fermandar \u015eerv\u00eene ku zarok\u00ean xwe bi ked \u00fb nirx\u00ean welatpar\u00eaziya mezin kirin \u00fb di dil\u00ea wan de e\u015fqa welatek\u00ee azad \u00e7andin.<\/p>\n<p>Fermandar \u015eerv\u00een di sala 1981\u2019an de li bajar\u00ea Dirb\u00easiy\u00ea ji day\u00eek dibe. Di sala 1998\u2019an de j\u00ee tevl\u00ee nava ref\u00ean azadiy\u00ea dibe. Fermandar \u015eerv\u00een li \u00e7iyay\u00ean azad dest bi teko\u015f\u00eena azadiy\u00ea dike \u00fb pi\u015ft\u00ee sal\u00ean dir\u00eaj y\u00ean ji war\u00ean azad ber\u00ea xwe dide \u015fore\u015fa Rojavay\u00ea Kurdistan\u00ea. Fermandar \u015eerv\u00een di 25 sal\u00ean jiyana xwe ya \u015fore\u015fger\u00ee de, bi baweriya b\u00eerdoziya R\u00eaber APO a azadiya jin\u00ea \u00fb bi ruhek\u00ee feday\u00ee bi erk\u00ean xwe y\u00ean \u015fore\u015fger\u00ee rab\u00fb. Xeta feday\u00eet\u00ee \u00fb kesayeta m\u00eel\u00eetan a ruh\u00ea dem\u00ea bi kesayeta fermandar \u015eerv\u00een re heman watey\u00ea dihew\u00eene. Weke fermandareke jin a p\u00ea\u015feng ji bo avakirin, parastin \u00fb may\u00eende kirina \u015fore\u015f\u00ea di hem\u00fb qad\u00ean jiyan\u00ea de kar \u00fb xebateke b\u00ea hempa da me\u015fandin. Ji qada siyas\u00ee, d\u00eeplomas\u00ee \u00fb heta parastin\u00ea xeta m\u00eel\u00eetaniya Apoy\u00ee tems\u00eel kir. Weke fermandareke jin heta dawiy\u00ea ji serkeftina \u015fore\u015fa gelan bawer kir. Fermandar \u015eerv\u00een ji bo t\u00eakbirin \u00fb asteng kirina pol\u00eetakay\u00ean qir\u00eaj \u00ean h\u00eaz\u00ean derva y\u00ean ku bi armanca\u00a0 xirab kirina yek\u00eetiya gelan her\u00ee daw\u00ee li her\u00eama D\u00earazor\u00ea hate plan kirin, di \u00a0\u2018Operasyona Xurtkirina Ewlehiy\u00ea\u2019 de weke fermandareke jin ji bo t\u00eakbirin \u00fb p\u00fb\u00e7kirina van plan\u00ean qir\u00eaj roleke p\u00ea\u015feng ley\u00eest. Di her k\u00ealiya jiyana xwe de b\u00fb yek ji kes\u00ean ku karib\u00fb heq\u00eeqeta Jin, Jiyan, Azad\u00ee di kesayeta xwe de tems\u00eel bike. Hevr\u00ea \u00fb Fermandara w\u00earek \u015eerv\u00een weke jineke \u015fore\u015fger ku heta dawiy\u00ea xwed\u00ee li p\u00eevan\u00ean jina azad derket, di \u00a0nava ref\u00ean azadiy\u00ea de b\u00fb fermandareke \u015fore\u015fa azadiya gelan.<\/p>\n<p>\u015eore\u015fa azadiy\u00ea bi m\u00eerateya \u015fore\u015fger\u00ean weke fermandar \u015eerv\u00een her dem\u00ea z\u00eend\u00eeb\u00fbn \u00fb herikbariya xwe domand \u00fb weke me\u015feke maraton\u00ea destkeftiy\u00ean \u015fore\u015fa jin ji neslek\u00ee derbas\u00ee neslek\u00ee din dibe. Tevl\u00eeb\u00fbna hevr\u00eay\u00ean me N\u00fbcan\u00a0 \u00fb Canda j\u00ee \u00eefadaye v\u00ea rastiy\u00ea dike.<\/p>\n<p>Hevr\u00ea N\u00fbcan di temeneke ciwan de ji bo ku destkeftiy\u00ean \u015fore\u015f\u00ea bipar\u00eaze \u00fb r\u00ea nede \u00ear\u00ee\u015f\u00ean dagirkeriy\u00ea be\u015fdar\u00ee nava ref\u00ean YPJ\u2019\u00ea b\u00fb. Hevr\u00ea N\u00fbcan ji bajar\u00ea Minbic\u00ea ye \u00fb bi ciwaniya xwe di nava ref\u00ean azadiy\u00ea de tems\u00eeliyeta ruh\u00ea jin\u00ean ciwan kir. Bi dilsoziya xwe ya ji nirx\u00ean \u015fore\u015f\u00ea re kesayeta xwe xurt kir \u00fb ji bo avakirina pergala modern\u00eeteya demokrat\u00eek bi erk\u00ean xwe y\u00ean dem\u00ea rab\u00fb.<\/p>\n<p>Hevr\u00ea Canda C\u00fbd\u00ee j\u00ee bi esl\u00ea xwe ji bajar\u00ea Gir\u00ea Sip\u00ee (Til Ebyad) e \u00fb pi\u015ft\u00ee \u00ear\u00ee\u015f\u00ean dagirkeriya dewleta Tirk a li ser bajar\u00ea Gir\u00ea Sip\u00ee,\u00a0 bi h\u00earsa tolgirtina ji dagirkeriy\u00ea tevl\u00ee nava ref\u00ean YPJ\u2019\u00ea dibe. Hevr\u00ea Canda xwed\u00ee li nirx\u00ean civaka xwe derket \u00fb bi ruxm\u00ee ku day\u00eeka du zarokan b\u00fb j\u00eei tu car\u00ee xwe pa\u015fde neda \u00fb ji bo p\u00ea\u015feroja tevah\u00ee zarok\u00ean welat\u00ea xwe heta h\u00eanaseya xwe ya daw\u00ee bi erk\u00ean xwe y\u00ean \u015fore\u015fger\u00ee rab\u00fb. Hem di perwerdey\u00ean le\u015fker\u00ee hem j\u00ee di y\u00ean b\u00eerdoz\u00ee de di demeke kurt de b\u00fb xwed\u00ee \u00e7awaniyeke xurt \u00fb di eniy\u00ean her\u00ee p\u00ea\u015f de li hember\u00ee \u00ear\u00ee\u015f\u00ean dagirkeriya dewleta Tirk cih\u00ea xwe girt.<\/p>\n<p>Hevr\u00eay\u00ean me \u015eerv\u00een, Canda \u00fb N\u00fbcan ruh\u00ea hevaltiya rast, yek\u00eetiya armanc \u00fb r\u00eagez\u00a0 tems\u00eel kirin. B\u00ea teredd\u00fbt, b\u00ea tirs \u00fb bi ruhek\u00ee wefadar erk\u00ean xwe bi cih an\u00een \u00fb di oxira w\u00ea de can\u00ea xwe feda kirin.<\/p>\n<p>Di ser\u00ee de ji bo malbat\u00ean hevr\u00eay\u00ean me y\u00ean h\u00eaja Fermandar \u015eerv\u00een, Canda \u00fb Nucan, em ji tevah\u00ee gel\u00ean xwe y\u00ean ku li hember\u00ee \u00ear\u00ee\u015f\u00ean dagirkeriy\u00ea teko\u015f\u00een dikin \u00fb ser\u00ee natew\u00eenin, sersaxiy\u00ea dixwazin.<\/p>\n<p>Me her bihusteke axa welat bi ked \u00fb xw\u00eena hevr\u00eay\u00ean weke Fermandar \u015eerv\u00een, Canda \u00fb N\u00fbcan, ji hem\u00fb kir\u00eatiy\u00ean feraseta dagirker paqij kir. Li ser v\u00ea esas\u00ea j\u00ee em\u00ea herdem xwed\u00ee li keda hevr\u00eay\u00ean xwe y\u00ean \u015feh\u00eed derbikevin \u00fb em\u00ea bibin mil\u00eetan\u00ean tolhildan\u00ea. W\u00ea tu car\u00ee ezim \u00fb \u00eeradeya me ney\u00ea \u015fikandin.<\/p>\n<p><strong>\u00a0<\/strong><\/p>\n<p><strong>Nasnamey\u00ean Hevr\u00eay\u00ean me wiha ne:<\/strong><\/p>\n<p><img loading=\"lazy\" decoding=\"async\" class=\"alignnone size-medium wp-image-16893\" src=\"https:\/\/ypjrojava.net\/wp-content\/uploads\/2023\/09\/servin-224x300.png\" alt=\"\" width=\"224\" height=\"300\" srcset=\"https:\/\/ypjrojava.net\/wp-content\/uploads\/2023\/09\/servin-224x300.png 224w, https:\/\/ypjrojava.net\/wp-content\/uploads\/2023\/09\/servin-766x1024.png 766w, https:\/\/ypjrojava.net\/wp-content\/uploads\/2023\/09\/servin-768x1027.png 768w, https:\/\/ypjrojava.net\/wp-content\/uploads\/2023\/09\/servin-1149x1536.png 1149w, https:\/\/ypjrojava.net\/wp-content\/uploads\/2023\/09\/servin.png 1532w\" sizes=\"auto, (max-width: 224px) 100vw, 224px\" \/><\/p>\n<p>Nasnav: \u015eerv\u00een Serdar<\/p>\n<p>Nav \u00fb Pa\u015fnav:\u00a0\u00ceman Mehm\u00fbd Derw\u00ea\u015f<\/p>\n<p>Nav\u00ea day\u00eek: Dil\u015fa<\/p>\n<p>Nav\u00ea bav: Mehm\u00fbd<\/p>\n<p>Cih \u00fb D\u00eeroka \u015eehadet\u00ea: Minbic\u00a0 &#8211; 15.09.2023<\/p>\n<p><img loading=\"lazy\" decoding=\"async\" class=\"alignnone size-medium wp-image-16894\" src=\"https:\/\/ypjrojava.net\/wp-content\/uploads\/2023\/09\/n-224x300.png\" alt=\"\" width=\"224\" height=\"300\" srcset=\"https:\/\/ypjrojava.net\/wp-content\/uploads\/2023\/09\/n-224x300.png 224w, https:\/\/ypjrojava.net\/wp-content\/uploads\/2023\/09\/n-766x1024.png 766w, https:\/\/ypjrojava.net\/wp-content\/uploads\/2023\/09\/n-768x1027.png 768w, https:\/\/ypjrojava.net\/wp-content\/uploads\/2023\/09\/n-1149x1536.png 1149w, https:\/\/ypjrojava.net\/wp-content\/uploads\/2023\/09\/n.png 1532w\" sizes=\"auto, (max-width: 224px) 100vw, 224px\" \/><\/p>\n<p>Nasnav:\u00a0 Canda C\u00fbd\u00ee<\/p>\n<p>Nav \u00fb Pa\u015fnav:\u00a0 Sara Mihemed Ebd\u00ee<\/p>\n<p>Nav\u00ea day\u00eek: \u015eems\u00ea<\/p>\n<p>Nav\u00ea bav: Mihemed<\/p>\n<p>Cih \u00fb D\u00eeroka \u015eehadet\u00ea: Minbic &#8211; 15.09.2023<\/p>\n<p><img loading=\"lazy\" decoding=\"async\" class=\"alignnone size-medium wp-image-16895\" src=\"https:\/\/ypjrojava.net\/wp-content\/uploads\/2023\/09\/ala-siciw-224x300.png\" alt=\"\" width=\"224\" height=\"300\" srcset=\"https:\/\/ypjrojava.net\/wp-content\/uploads\/2023\/09\/ala-siciw-224x300.png 224w, https:\/\/ypjrojava.net\/wp-content\/uploads\/2023\/09\/ala-siciw-766x1024.png 766w, https:\/\/ypjrojava.net\/wp-content\/uploads\/2023\/09\/ala-siciw-768x1027.png 768w, https:\/\/ypjrojava.net\/wp-content\/uploads\/2023\/09\/ala-siciw-1149x1536.png 1149w, https:\/\/ypjrojava.net\/wp-content\/uploads\/2023\/09\/ala-siciw.png 1532w\" sizes=\"auto, (max-width: 224px) 100vw, 224px\" \/><\/p>\n<p>&nbsp;<\/p>\n<p>Nasnav:\u00a0 N\u00fbcan Ocalan<\/p>\n<p>Nav \u00fb Pa\u015fnav:\u00a0 \u015e\u00eelan Mihemed Ehmed<\/p>\n<p>Nav\u00ea day\u00eek: S\u00eeham<\/p>\n<p>Nav\u00ea bav: Mihemed<\/p>\n<p>Cih \u00fb D\u00eeroka \u015eehadet\u00ea: Minbic\u00a0 &#8211; 15.09.2023<\/p>\n<p>&nbsp;<\/p>\n<p><strong>Fermandariya Gi\u015ft\u00ee a YPJ\u2019\u00ea <\/strong><\/p>\n<p><strong>16.09.2023<\/strong><\/p>\n<p><img loading=\"lazy\" decoding=\"async\" class=\"alignnone size-medium wp-image-16896\" src=\"https:\/\/ypjrojava.net\/wp-content\/uploads\/2023\/09\/SEHIDEN-MINBICE-300x193.png\" alt=\"\" width=\"300\" height=\"193\" srcset=\"https:\/\/ypjrojava.net\/wp-content\/uploads\/2023\/09\/SEHIDEN-MINBICE-300x193.png 300w, https:\/\/ypjrojava.net\/wp-content\/uploads\/2023\/09\/SEHIDEN-MINBICE-1024x659.png 1024w, https:\/\/ypjrojava.net\/wp-content\/uploads\/2023\/09\/SEHIDEN-MINBICE-768x494.png 768w, https:\/\/ypjrojava.net\/wp-content\/uploads\/2023\/09\/SEHIDEN-MINBICE-1536x988.png 1536w, https:\/\/ypjrojava.net\/wp-content\/uploads\/2023\/09\/SEHIDEN-MINBICE-2048x1317.png 2048w\" sizes=\"auto, (max-width: 300px) 100vw, 300px\" \/> <img loading=\"lazy\" decoding=\"async\" class=\"alignnone size-medium wp-image-16897\" src=\"https:\/\/ypjrojava.net\/wp-content\/uploads\/2023\/09\/SEHIDEN-MINBICE-16-09-2023-300x213.png\" alt=\"\" width=\"300\" height=\"213\" srcset=\"https:\/\/ypjrojava.net\/wp-content\/uploads\/2023\/09\/SEHIDEN-MINBICE-16-09-2023-300x213.png 300w, https:\/\/ypjrojava.net\/wp-content\/uploads\/2023\/09\/SEHIDEN-MINBICE-16-09-2023-1024x728.png 1024w, https:\/\/ypjrojava.net\/wp-content\/uploads\/2023\/09\/SEHIDEN-MINBICE-16-09-2023-768x546.png 768w, https:\/\/ypjrojava.net\/wp-content\/uploads\/2023\/09\/SEHIDEN-MINBICE-16-09-2023-1536x1092.png 1536w, https:\/\/ypjrojava.net\/wp-content\/uploads\/2023\/09\/SEHIDEN-MINBICE-16-09-2023-2048x1455.png 2048w\" sizes=\"auto, (max-width: 300px) 100vw, 300px\" \/><\/p>\n<p><strong>\u00a0<\/strong><\/p>\n<p>&nbsp;<\/p>\n","protected":false},"excerpt":{"rendered":"<p>Di encama \u00ear\u00ee\u015fa dewleta Tirk a dagirker de, di 15\u2019\u00ea \u00celon\u00ea de li bajar\u00ea\u00a0 Minbic\u00ea \u00a0Endama Fermandariya Mecl\u00eesa Le\u015fker\u00ee ya YPJ\u2019\u00ea \u00fb Fermandara Mecl\u00eesa Le\u015fker\u00ee ya Minbic\u00ea \u015eerv\u00een Serdar \u00fb hevr\u00eay\u00ean me N\u00fbcan Ocalan \u00fb\u00a0 Canda C\u00fbd\u00ee tevl\u00ee karwan\u00ean nemiran b\u00fbn. Dewleta Tirk a qirker, her roj bi r\u00eabaz\u00ean xwe y\u00ean dervey\u00ee p\u00eevan\u00ean \u015fer \u00ear\u00ee\u015f\u00ee [&hellip;]<\/p>\n","protected":false},"author":1,"featured_media":16896,"comment_status":"open","ping_status":"closed","sticky":false,"template":"","format":"standard","meta":{"footnotes":""},"categories":[39,40],"tags":[],"class_list":{"0":"post-16892","1":"post","2":"type-post","3":"status-publish","4":"format-standard","5":"has-post-thumbnail","7":"category-daxuyani","8":"category-wene"},"_links":{"self":[{"href":"https:\/\/ypjrojava.net\/index.php?rest_route=\/wp\/v2\/posts\/16892","targetHints":{"allow":["GET"]}}],"collection":[{"href":"https:\/\/ypjrojava.net\/index.php?rest_route=\/wp\/v2\/posts"}],"about":[{"href":"https:\/\/ypjrojava.net\/index.php?rest_route=\/wp\/v2\/types\/post"}],"author":[{"embeddable":true,"href":"https:\/\/ypjrojava.net\/index.php?rest_route=\/wp\/v2\/users\/1"}],"replies":[{"embeddable":true,"href":"https:\/\/ypjrojava.net\/index.php?rest_route=%2Fwp%2Fv2%2Fcomments&post=16892"}],"version-history":[{"count":2,"href":"https:\/\/ypjrojava.net\/index.php?rest_route=\/wp\/v2\/posts\/16892\/revisions"}],"predecessor-version":[{"id":16899,"href":"https:\/\/ypjrojava.net\/index.php?rest_route=\/wp\/v2\/posts\/16892\/revisions\/16899"}],"wp:featuredmedia":[{"embeddable":true,"href":"https:\/\/ypjrojava.net\/index.php?rest_route=\/wp\/v2\/media\/16896"}],"wp:attachment":[{"href":"https:\/\/ypjrojava.net\/index.php?rest_route=%2Fwp%2Fv2%2Fmedia&parent=16892"}],"wp:term":[{"taxonomy":"category","embeddable":true,"href":"https:\/\/ypjrojava.net\/index.php?rest_route=%2Fwp%2Fv2%2Fcategories&post=16892"},{"taxonomy":"post_tag","embeddable":true,"href":"https:\/\/ypjrojava.net\/index.php?rest_route=%2Fwp%2Fv2%2Ftags&post=16892"}],"curies":[{"name":"wp","href":"https:\/\/api.w.org\/{rel}","templated":true}]}}