{"id":16926,"date":"2023-09-20T16:36:53","date_gmt":"2023-09-20T15:36:53","guid":{"rendered":"https:\/\/ypjrojava.net\/?p=16926"},"modified":"2023-09-20T16:36:53","modified_gmt":"2023-09-20T15:36:53","slug":"ypj%e2%80%b2e-jina-ezidi-firyal-xidir-ji-ceteyen-dais%e2%80%b2e-rizgar-kir","status":"publish","type":"post","link":"https:\/\/ypjrojava.net\/?p=16926","title":{"rendered":"YPJ\u2032\u00ea jina \u00eazid\u00ee Firyal Xidir ji \u00e7etey\u00ean DAI\u015e\u2032\u00ea rizgar kir"},"content":{"rendered":"<p><strong>YPJ\u2032\u00ea jina \u00eazid\u00ee Firyal Xidir ji \u00e7etey\u00ean DAI\u015e\u2032\u00ea rizgar kir<\/strong><\/p>\n<p>Dema r\u00eaxistina DAI\u015e\u2032\u00ea ya teror\u00eest di sala 2014\u2032an de bi awayek\u00ee hovane \u00eari\u015f\u00ee \u015eengal\u00ea kirib\u00fb, Firayl 12 sal\u00ee b\u00fb. Dema ku xelk\u00ea \u015eengal\u00ea hewl dan xwe ji hov\u00eetiya \u00e7eteyan rizgar bikin \u00e7eteyan r\u00ea li ber wan girtin \u00fb di nav de hejmareke endam\u00ean malbata Firyal \u00fb gelek xelk\u00ea \u015eengal\u00ea y\u00ean ji temen\u00ean cuda, bi taybet jin \u00fb ke\u00e7 revandin \u00fb kes\u00ean mezin li cihek\u00ee kom kirin \u00fb b\u00ea rehm wan qetil kirin.<\/p>\n<p>Jina \u00eazid\u00ee li ser \u00ea\u015f\u00ean xwe dema hatib\u00fb revandin axiv\u00ee. Li gor\u00ee Firyal, r\u00eaxistina DAI\u015e\u2032\u00ea ya teror\u00eest w\u00ea revandin \u00fb birin dibistana mezin a li Til Efer\u00ea. Pi\u015ftre jin \u00fb ke\u00e7 ji m\u00earan cuda kirin. Heta zarok\u00ean ke\u00e7\u00een ji hev cuda kirin. Her wiha ke\u00e7 \u00fb jin j\u00ee ji hev cuda kirin. Jin li Til Efer\u00ea hi\u015ftin \u00fb ke\u00e7 wek\u00ee kole birin M\u00fbsil\u00ea \u00fb li wir em\u00eeran ke\u00e7 hildibijartin \u00fb dibirin \u00fb difirotin, ne digotin bi\u00e7\u00fbk e ne j\u00ee mezin e. Pi\u015ft\u00ee demek\u00ea li M\u00fbsil\u00ea man, v\u00ea car\u00ea tev\u00ee ku ke\u00e7\u00ean xal\u00ea xwe wek\u00ee kole birin \u015eedad\u00ea ya S\u00fbriyey\u00ea \u00fb li dibistanek\u00ea hatin ragirtin.<\/p>\n<p>M\u00eena ke\u00e7 \u00fb jin\u00ean din, Firyal\u00ea xof \u00fb tirsek dijiya.\u00a0Dema r\u00eaxistina teror\u00ea nav\u00ean wan tomar kirin da ku wan ji em\u00eer \u00fb endam\u00ean \u00e7ete hilbij\u00earin ew pir tirsiyan. Weke xen\u00eemet\u00ean \u015fer bi zor\u00ea dihatin kir\u00een. Ke\u00e7\u00ean ku red dikirin bi wan re bi\u00e7in \u00ee\u015fkence li wan dikirin.\u00a0Li \u015eedad\u00ea r\u00eaxistina teror\u00eest 3 caran Firyal firot.<\/p>\n<p>Firyal h\u00eena 14 saliya xwe derbas nekir\u00fbb, tev\u00ee ke\u00e7eke din w\u00ea birin Reqay\u00ea \u00fb firotin. \u00a0Li wir j\u00ee li gel berpirsek\u00ee DAI\u015e\u2032\u00ea bi nav\u00ea Eb\u00fb Mihemed d\u00eelgirt\u00ee ma heta temen\u00ea w\u00ea b\u00fb 15 sal. Di zarokatiya xwe de zarokek an\u00ee.\u00a0 DAI\u015e\u2032iy\u00ea k\u00fb Firyal li cem w\u00ee girt\u00ee b\u00fb di dema operasyona rizgarkirina bajar\u00ea Reqay\u00ea di \u00eari\u015fa heway\u00ee ya Koal\u00eesyona Navnetewey\u00ee de hat ku\u015ftin.<\/p>\n<p>Firyal\u00ea behsa v\u00ea mijar\u00ea kir dema operasyona QSD\u2032\u00ea \u00e7awa tev\u00ee jin\u00ean din ji Reqay\u00ea ber bi D\u00earazor\u00ea ve bi taybet li Baxoz\u00ea hatin veguhestin \u00fb li \u00e7olan\u00a0\u00ea\u015fa serma \u00fb bir\u00e7\u00eeb\u00fbn\u00ea diki\u015fandin, nexasim di dest\u00ea w\u00ea de zarokek heb\u00fb. Pi\u015ft\u00ee demeke kurt ew birin Bab\u00ea \u00fb li wir 2 salan ma, her\u00ee daw\u00ee j\u00ee birin Idlib\u00ea.<\/p>\n<p>Pi\u015ft\u00ee v\u00ea r\u00eaw\u00eetiya dijwar, Firyal\u00ea xwest bi hem\u00fb r\u00ea \u00fb r\u00eabazan ji r\u00eaxistina teror\u00eest xelas bibe. Ji ber k\u00fb r\u00fb bi r\u00fb rast\u00ee qirkirina \u00e7and\u00ee \u00fb kolekirina jin\u00ea hat.\u00a0Li vir YPJ\u2032\u00ea tevah\u00ee hewldan kirin ku w\u00ea rizgar bike. Hewldan\u00ean YPJ\u2032\u00ea y\u00ean rizgarkirina Firyal\u00ea \u00fb gihandina li her\u00eam\u00ean Bakur \u00fb Rojhilat\u00ea S\u00fbriyey\u00ea bi ser ket \u00fb ew rizgar kir.<\/p>\n<p>\u00c7etey\u00ean DAI\u015e\u2032\u00ea 5 caran Firyal firotin. Firyal heta niha nizane ka \u00e7etey\u00ean DAI\u015e\u2032\u00ea xizm\u00ean w\u00ea qetil kirine yan h\u00eena sax in.<\/p>\n<p>Di dawiya axaftina xwe de Firyal k,fxwe\u015fya xwe an\u00ee ser ziman, k\u00fb YPJ&#8217;\u00ea ew rizgar kir.<\/p>\n<p><strong>Navenda Ragihandina YPJ<\/strong><\/p>\n<p>&nbsp;<\/p>\n","protected":false},"excerpt":{"rendered":"<p>YPJ\u2032\u00ea jina \u00eazid\u00ee Firyal Xidir ji \u00e7etey\u00ean DAI\u015e\u2032\u00ea rizgar kir Dema r\u00eaxistina DAI\u015e\u2032\u00ea ya teror\u00eest di sala 2014\u2032an de bi awayek\u00ee hovane \u00eari\u015f\u00ee \u015eengal\u00ea kirib\u00fb, Firayl 12 sal\u00ee b\u00fb. Dema ku xelk\u00ea \u015eengal\u00ea hewl dan xwe ji hov\u00eetiya \u00e7eteyan rizgar bikin \u00e7eteyan r\u00ea li ber wan girtin \u00fb di nav de hejmareke endam\u00ean malbata Firyal [&hellip;]<\/p>\n","protected":false},"author":1,"featured_media":16924,"comment_status":"open","ping_status":"closed","sticky":false,"template":"","format":"standard","meta":{"footnotes":""},"categories":[38,40],"tags":[],"class_list":{"0":"post-16926","1":"post","2":"type-post","3":"status-publish","4":"format-standard","5":"has-post-thumbnail","7":"category-nuce","8":"category-wene"},"_links":{"self":[{"href":"https:\/\/ypjrojava.net\/index.php?rest_route=\/wp\/v2\/posts\/16926","targetHints":{"allow":["GET"]}}],"collection":[{"href":"https:\/\/ypjrojava.net\/index.php?rest_route=\/wp\/v2\/posts"}],"about":[{"href":"https:\/\/ypjrojava.net\/index.php?rest_route=\/wp\/v2\/types\/post"}],"author":[{"embeddable":true,"href":"https:\/\/ypjrojava.net\/index.php?rest_route=\/wp\/v2\/users\/1"}],"replies":[{"embeddable":true,"href":"https:\/\/ypjrojava.net\/index.php?rest_route=%2Fwp%2Fv2%2Fcomments&post=16926"}],"version-history":[{"count":1,"href":"https:\/\/ypjrojava.net\/index.php?rest_route=\/wp\/v2\/posts\/16926\/revisions"}],"predecessor-version":[{"id":16927,"href":"https:\/\/ypjrojava.net\/index.php?rest_route=\/wp\/v2\/posts\/16926\/revisions\/16927"}],"wp:featuredmedia":[{"embeddable":true,"href":"https:\/\/ypjrojava.net\/index.php?rest_route=\/wp\/v2\/media\/16924"}],"wp:attachment":[{"href":"https:\/\/ypjrojava.net\/index.php?rest_route=%2Fwp%2Fv2%2Fmedia&parent=16926"}],"wp:term":[{"taxonomy":"category","embeddable":true,"href":"https:\/\/ypjrojava.net\/index.php?rest_route=%2Fwp%2Fv2%2Fcategories&post=16926"},{"taxonomy":"post_tag","embeddable":true,"href":"https:\/\/ypjrojava.net\/index.php?rest_route=%2Fwp%2Fv2%2Ftags&post=16926"}],"curies":[{"name":"wp","href":"https:\/\/api.w.org\/{rel}","templated":true}]}}