{"id":16931,"date":"2023-09-21T14:48:25","date_gmt":"2023-09-21T13:48:25","guid":{"rendered":"https:\/\/ypjrojava.net\/?p=16931"},"modified":"2023-09-21T14:56:16","modified_gmt":"2023-09-21T13:56:16","slug":"calakiya-tolhildana-sehiden-minbice","status":"publish","type":"post","link":"https:\/\/ypjrojava.net\/?p=16931","title":{"rendered":"\u00c7ALAKIYA TOLHILDANA \u015eEH\u00ceD\u00caN MINBIC\u00ca"},"content":{"rendered":"<p><strong>\u00c7ALAKIYA TOLHILDANA \u015eEH\u00ceD\u00caN MINBIC\u00ca<\/strong><\/p>\n<p>\u015eervan\u00ean me\u00a0 ji bo tolhildana \u015feh\u00eed\u00ean Minbic\u00ea, Fermandar \u015eerv\u00een Serdar \u00fb hevr\u00ea N\u00fbcan Ocelan \u00fb Canda C\u00fbd\u00ee\u00a0 ku di 15\u2019\u00ea \u00celon\u00ea de ji aliye dewleta Tirk a dagirker ve hatib\u00fbn \u015feh\u00eed xistin, \u00e7alakiyeke tolhildan\u00ea lidarxistin.<\/p>\n<p>\u00c7alakiya tolhildan\u00ea\u00a0 li ser baregeha \u00e7etey\u00ean Siltan Murad a gir\u00eaday\u00ee dewleta Tirk a dagiker in, di navbera g\u00fbnd\u00ea Til El\u00ee \u00fb El \u015eih\u00eab ya Minbic\u00ea de\u00a0 p\u00eak hat.<\/p>\n<p>Di encam\u00ea v\u00ea \u00e7alakiy\u00ea de 5 \u00e7etey\u00ean dewleta Tirk hatin ku\u015ftin \u00fb 7 \u00e7ete j\u00ee bir\u00eendar b\u00fbn. Di encam\u00ea \u00e7alakiy\u00ea de herwiha 3 \u00e7eper, \u00e7ekek bi cureya do\u00e7ka,\u00a0 \u00e7ekek RPG, \u00e7ek\u00ean nav\u00een \u00fb 2 wesayit\u00ean \u00e7etey\u00ean dewleta Tirk a dagirker hatin r\u00fbxandin.<\/p>\n<p><strong>Navenda Ragihandina QSD&#8217;\u00ea<\/strong><\/p>\n<p><img loading=\"lazy\" decoding=\"async\" class=\"alignnone size-medium wp-image-16932\" src=\"https:\/\/ypjrojava.net\/wp-content\/uploads\/2023\/09\/photo_2023-09-21_15-57-21-1-750x430-1-300x172.jpg\" alt=\"\" width=\"300\" height=\"172\" srcset=\"https:\/\/ypjrojava.net\/wp-content\/uploads\/2023\/09\/photo_2023-09-21_15-57-21-1-750x430-1-300x172.jpg 300w, https:\/\/ypjrojava.net\/wp-content\/uploads\/2023\/09\/photo_2023-09-21_15-57-21-1-750x430-1.jpg 750w\" sizes=\"auto, (max-width: 300px) 100vw, 300px\" \/><\/p>\n<p><iframe loading=\"lazy\" title=\"\u00c7alakiya Tolhildana \u015eeh\u00eed\u00ean Minbic\u00ea  18+\" width=\"696\" height=\"392\" src=\"https:\/\/www.youtube.com\/embed\/kMDCQJdbIU4?feature=oembed\" frameborder=\"0\" allow=\"accelerometer; autoplay; clipboard-write; encrypted-media; gyroscope; picture-in-picture; web-share\" referrerpolicy=\"strict-origin-when-cross-origin\" allowfullscreen><\/iframe><\/p>\n","protected":false},"excerpt":{"rendered":"<p>\u00c7ALAKIYA TOLHILDANA \u015eEH\u00ceD\u00caN MINBIC\u00ca \u015eervan\u00ean me\u00a0 ji bo tolhildana \u015feh\u00eed\u00ean Minbic\u00ea, Fermandar \u015eerv\u00een Serdar \u00fb hevr\u00ea N\u00fbcan Ocelan \u00fb Canda C\u00fbd\u00ee\u00a0 ku di 15\u2019\u00ea \u00celon\u00ea de ji aliye dewleta Tirk a dagirker ve hatib\u00fbn \u015feh\u00eed xistin, \u00e7alakiyeke tolhildan\u00ea lidarxistin. \u00c7alakiya tolhildan\u00ea\u00a0 li ser baregeha \u00e7etey\u00ean Siltan Murad a gir\u00eaday\u00ee dewleta Tirk a dagiker in, di [&hellip;]<\/p>\n","protected":false},"author":1,"featured_media":16932,"comment_status":"open","ping_status":"closed","sticky":false,"template":"","format":"standard","meta":{"footnotes":""},"categories":[38,40],"tags":[],"class_list":{"0":"post-16931","1":"post","2":"type-post","3":"status-publish","4":"format-standard","5":"has-post-thumbnail","7":"category-nuce","8":"category-wene"},"_links":{"self":[{"href":"https:\/\/ypjrojava.net\/index.php?rest_route=\/wp\/v2\/posts\/16931","targetHints":{"allow":["GET"]}}],"collection":[{"href":"https:\/\/ypjrojava.net\/index.php?rest_route=\/wp\/v2\/posts"}],"about":[{"href":"https:\/\/ypjrojava.net\/index.php?rest_route=\/wp\/v2\/types\/post"}],"author":[{"embeddable":true,"href":"https:\/\/ypjrojava.net\/index.php?rest_route=\/wp\/v2\/users\/1"}],"replies":[{"embeddable":true,"href":"https:\/\/ypjrojava.net\/index.php?rest_route=%2Fwp%2Fv2%2Fcomments&post=16931"}],"version-history":[{"count":2,"href":"https:\/\/ypjrojava.net\/index.php?rest_route=\/wp\/v2\/posts\/16931\/revisions"}],"predecessor-version":[{"id":16934,"href":"https:\/\/ypjrojava.net\/index.php?rest_route=\/wp\/v2\/posts\/16931\/revisions\/16934"}],"wp:featuredmedia":[{"embeddable":true,"href":"https:\/\/ypjrojava.net\/index.php?rest_route=\/wp\/v2\/media\/16932"}],"wp:attachment":[{"href":"https:\/\/ypjrojava.net\/index.php?rest_route=%2Fwp%2Fv2%2Fmedia&parent=16931"}],"wp:term":[{"taxonomy":"category","embeddable":true,"href":"https:\/\/ypjrojava.net\/index.php?rest_route=%2Fwp%2Fv2%2Fcategories&post=16931"},{"taxonomy":"post_tag","embeddable":true,"href":"https:\/\/ypjrojava.net\/index.php?rest_route=%2Fwp%2Fv2%2Ftags&post=16931"}],"curies":[{"name":"wp","href":"https:\/\/api.w.org\/{rel}","templated":true}]}}