{"id":16939,"date":"2023-09-22T19:59:49","date_gmt":"2023-09-22T18:59:49","guid":{"rendered":"https:\/\/ypjrojava.net\/?p=16939"},"modified":"2023-09-22T20:00:24","modified_gmt":"2023-09-22T19:00:24","slug":"sal-vegera-sihadeta-hevre-sema-derya-mezlum-u-peyman-eli","status":"publish","type":"post","link":"https:\/\/ypjrojava.net\/?p=16939","title":{"rendered":"Sal vegera \u015fihadeta Hevr\u00ea Sema Derya Mezl\u00fbm \u00fb Peyman El\u00ee"},"content":{"rendered":"<p>\u00cero sal vegera \u015eehadeta hevr\u00ea Sema Derya Mezl\u00fbm \u00fb Peyman El\u00ee ye. Di b\u00eest \u00fb duy\u00ea \u00celona 2014\u2019an de li gund\u00ea Mebr\u00fbka r\u00eahevala me ya p\u00ea\u015feng\u00a0 Sema Derya Mezl\u00fbm \u00fb Peyman El\u00ee bi lehengiyeke mezin\u00a0 \u015feh\u00eed b\u00fbn. R\u00eaheval Sama\u00a0 ke\u00e7a dilpak \u00fb ces\u00fbr\u00a0 ya Efr\u00een\u00ea \u00fb r\u00eaheval Peyman El\u00ee\u00a0 ke\u00e7a Am\u00fbd\u00ea ya ciwan \u00fb fedakar, ji bo ku di \u015fer\u00ean dijwar de pi\u015ftgir\u00ee bidin heval\u00ean xwe, ji bo r\u00fbbir\u00fbb\u00fbna r\u00eaxistina teror\u00eest a DAI\u015e`\u00ea, bilez tevl\u00ee \u015fer b\u00fbn. W\u00ea dem\u00ea Koban\u00ea rast\u00ee \u00ear\u00ee\u015f\u00ean \u00e7etey\u00ean dewleta Tirk a dagirker \u00fb \u00e7etey\u00ean DAI\u015e\u2019\u00ea hat.<br \/>\nDi wan \u015feran de r\u00eahevala qehreman Sama Darya Mezl\u00fbm \u00fb Peyman El\u00ee tev\u00ee hejmarek ji hevr\u00eay\u00ean din gih\u00ee\u015ftin asta \u015fehadet\u00ea \u00fb li ser r\u00fbpel\u00ean d\u00eerok\u00ea \u015fopeke r\u00fbmet\u00ea hi\u015ftin ku bi dem\u00ea re nay\u00ea jib\u00eerkirin.<br \/>\nR\u00fbmet \u00fb ebed\u00ee ji can\u00ea wan y\u00ea pak re<\/p>\n<p><strong>Navenda Ragihandina YPJ<\/strong><\/p>\n<p><img loading=\"lazy\" decoding=\"async\" class=\"alignnone size-full wp-image-16940\" src=\"https:\/\/ypjrojava.net\/wp-content\/uploads\/2023\/09\/DSC01056-225x300-1.jpg\" alt=\"\" width=\"225\" height=\"300\" \/> <img loading=\"lazy\" decoding=\"async\" class=\"alignnone size-medium wp-image-16941\" src=\"https:\/\/ypjrojava.net\/wp-content\/uploads\/2023\/09\/WhatsApp-Image-2023-09-22-at-6.57.05-PM-264x300.jpeg\" alt=\"\" width=\"264\" height=\"300\" srcset=\"https:\/\/ypjrojava.net\/wp-content\/uploads\/2023\/09\/WhatsApp-Image-2023-09-22-at-6.57.05-PM-264x300.jpeg 264w, https:\/\/ypjrojava.net\/wp-content\/uploads\/2023\/09\/WhatsApp-Image-2023-09-22-at-6.57.05-PM.jpeg 363w\" sizes=\"auto, (max-width: 264px) 100vw, 264px\" \/><\/p>\n","protected":false},"excerpt":{"rendered":"<p>\u00cero sal vegera \u015eehadeta hevr\u00ea Sema Derya Mezl\u00fbm \u00fb Peyman El\u00ee ye. Di b\u00eest \u00fb duy\u00ea \u00celona 2014\u2019an de li gund\u00ea Mebr\u00fbka r\u00eahevala me ya p\u00ea\u015feng\u00a0 Sema Derya Mezl\u00fbm \u00fb Peyman El\u00ee bi lehengiyeke mezin\u00a0 \u015feh\u00eed b\u00fbn. R\u00eaheval Sama\u00a0 ke\u00e7a dilpak \u00fb ces\u00fbr\u00a0 ya Efr\u00een\u00ea \u00fb r\u00eaheval Peyman El\u00ee\u00a0 ke\u00e7a Am\u00fbd\u00ea ya ciwan \u00fb fedakar, [&hellip;]<\/p>\n","protected":false},"author":1,"featured_media":16941,"comment_status":"open","ping_status":"closed","sticky":false,"template":"","format":"standard","meta":{"footnotes":""},"categories":[59,38,40],"tags":[],"class_list":{"0":"post-16939","1":"post","2":"type-post","3":"status-publish","4":"format-standard","5":"has-post-thumbnail","7":"category-biranin","8":"category-nuce","9":"category-wene"},"_links":{"self":[{"href":"https:\/\/ypjrojava.net\/index.php?rest_route=\/wp\/v2\/posts\/16939","targetHints":{"allow":["GET"]}}],"collection":[{"href":"https:\/\/ypjrojava.net\/index.php?rest_route=\/wp\/v2\/posts"}],"about":[{"href":"https:\/\/ypjrojava.net\/index.php?rest_route=\/wp\/v2\/types\/post"}],"author":[{"embeddable":true,"href":"https:\/\/ypjrojava.net\/index.php?rest_route=\/wp\/v2\/users\/1"}],"replies":[{"embeddable":true,"href":"https:\/\/ypjrojava.net\/index.php?rest_route=%2Fwp%2Fv2%2Fcomments&post=16939"}],"version-history":[{"count":2,"href":"https:\/\/ypjrojava.net\/index.php?rest_route=\/wp\/v2\/posts\/16939\/revisions"}],"predecessor-version":[{"id":16943,"href":"https:\/\/ypjrojava.net\/index.php?rest_route=\/wp\/v2\/posts\/16939\/revisions\/16943"}],"wp:featuredmedia":[{"embeddable":true,"href":"https:\/\/ypjrojava.net\/index.php?rest_route=\/wp\/v2\/media\/16941"}],"wp:attachment":[{"href":"https:\/\/ypjrojava.net\/index.php?rest_route=%2Fwp%2Fv2%2Fmedia&parent=16939"}],"wp:term":[{"taxonomy":"category","embeddable":true,"href":"https:\/\/ypjrojava.net\/index.php?rest_route=%2Fwp%2Fv2%2Fcategories&post=16939"},{"taxonomy":"post_tag","embeddable":true,"href":"https:\/\/ypjrojava.net\/index.php?rest_route=%2Fwp%2Fv2%2Ftags&post=16939"}],"curies":[{"name":"wp","href":"https:\/\/api.w.org\/{rel}","templated":true}]}}