{"id":16953,"date":"2023-09-29T21:27:01","date_gmt":"2023-09-29T20:27:01","guid":{"rendered":"https:\/\/ypjrojava.net\/?p=16953"},"modified":"2023-09-29T21:27:01","modified_gmt":"2023-09-29T20:27:01","slug":"ypj%e2%80%b2e-jina-ciwan-ya-ezidi-feryal-ibrahim-ku-ji-deste-ceteyen-daise-rizgar-kiribu-radesti-ybs%e2%80%b2e-kir","status":"publish","type":"post","link":"https:\/\/ypjrojava.net\/?p=16953","title":{"rendered":"YPJ\u2032\u00ea jina ciwan ya \u00cazid\u00ee Feryal \u00cebrah\u00eem ku ji dest\u00ea \u00e7etey\u00ean DAI\u015e\u2019\u00ea rizgar kirib\u00fb, radest\u00ee YB\u015e\u2032\u00ea kir."},"content":{"rendered":"<p>YPJ\u2032\u00ea jina ciwan ya \u00cazid\u00ee Feryal \u00cebrah\u00eem ku ji dest\u00ea \u00e7etey\u00ean DAI\u015e\u2019\u00ea rizgar kirib\u00fb, radest\u00ee YB\u015e\u2032\u00ea kir.<\/p>\n<p>Yek\u00eeney\u00ean Parastina Jin (YPJ) 19\u2032y\u00ea \u00celon\u00ea ciwana \u00cazid\u00ee ya bi nav\u00ea Feryal Xidir \u00cebrah\u00eem ji \u00e7etey\u00ean DAI\u015e\u2032\u00ea rizgar kirib\u00fb.<\/p>\n<p>Dema \u00e7etey\u00ean DAI\u015e\u2032\u00ea \u00eari\u015f\u00ee \u015eengal\u00ea kirib\u00fb, Feryal Xidir \u00cebrah\u00eem 12 sal\u00ee b\u00fb. Dema xelk\u00ea \u015eengal\u00ea hewl da ji hov\u00eetiya DAI\u015e\u2032\u00ea rizgar bibe, \u00e7eteyan r\u00ea li p\u00ea\u015f wan girt \u00fb gelek ferd\u00ean malbata Feryal\u00ea \u00fb gelek \u015f\u00eaniy\u00ean \u015eengal\u00ea revandin.<\/p>\n<p>Bi meras\u00eemeke li navenda Fermandariya Gi\u015ft\u00ee ya H\u00eaz\u00ean S\u00fbriya Demokrat\u00eek (QSD) ya li Hesek\u00ea, Feryal \u00cebrah\u00eem hate radestkirin. Di meras\u00eem\u00ea de \u015fandeyeke YPJ\u2032\u00ea bi serokatiya berdevka YPJ\u2032\u00ea R\u00fbksan Mihemed, hevseroka Mala \u00cazidiyan a Her\u00eama Ciz\u00eer\u00ea Leyla \u00cebrah\u00eem \u00fb \u015fandeyeke YB\u015e\u2032\u00ea bi serokatiya fermanar Omer \u015eengal\u00ee amade b\u00fbn.<\/p>\n<p>Di meras\u00eema radestkirin\u00ea de berdevka YPJ\u2032\u00ea R\u00fbksan Mihemed axiv\u00ee \u00fb \u00ee\u015faret bi \u00eari\u015f\u00ean li dij\u00ee \u00eazidiyan kir \u00fb bi qirkirin\u00ea bi nav kir \u00fb wiha got: \u201cRuxm\u00ee qetilkirin, qirkirin \u00fb komkujiy\u00ean li dij\u00ee civata \u00eazid\u00ee, l\u00ea ew bi r\u00eagez, prens\u00eeb \u00fb ola xwe ve gir\u00eaday\u00ee ye, bindest\u00ee qeb\u00fbl nekir \u00fb li dij\u00ee \u00e7eteyan li ber xwe da \u00fb h\u00eena j\u00ee ev berxwedan dewame.\u201d<\/p>\n<p>R\u00fbksan wiha an\u00ee ziman: \u201cBi berxwedan \u00fb hevgirtin\u00ea em\u00ea tevah\u00ee plan\u00ean \u00e7eteyan t\u00eak bibin \u00fb soz didin tevah\u00ee \u00eazidiyan ku em wan ji \u00e7etey\u00ean DAI\u015e\u2032\u00ea rizgar bikin \u00fb maf\u00ean wan bipar\u00eazin.\u201d<br \/>\nDi dawiy\u00ea de Feryal \u00cebrah\u00eem j\u00ee spasiya YPJ&#8217;\u00ea kir.<\/p>\n<p><img loading=\"lazy\" decoding=\"async\" class=\"alignnone size-medium wp-image-16954\" src=\"https:\/\/ypjrojava.net\/wp-content\/uploads\/2023\/09\/401A6913-300x200.jpg\" alt=\"\" width=\"300\" height=\"200\" srcset=\"https:\/\/ypjrojava.net\/wp-content\/uploads\/2023\/09\/401A6913-300x200.jpg 300w, https:\/\/ypjrojava.net\/wp-content\/uploads\/2023\/09\/401A6913-1024x683.jpg 1024w, https:\/\/ypjrojava.net\/wp-content\/uploads\/2023\/09\/401A6913-768x512.jpg 768w, https:\/\/ypjrojava.net\/wp-content\/uploads\/2023\/09\/401A6913-1536x1024.jpg 1536w, https:\/\/ypjrojava.net\/wp-content\/uploads\/2023\/09\/401A6913-2048x1365.jpg 2048w\" sizes=\"auto, (max-width: 300px) 100vw, 300px\" \/> <img loading=\"lazy\" decoding=\"async\" class=\"alignnone size-medium wp-image-16955\" src=\"https:\/\/ypjrojava.net\/wp-content\/uploads\/2023\/09\/401A6926-300x200.jpg\" alt=\"\" width=\"300\" height=\"200\" srcset=\"https:\/\/ypjrojava.net\/wp-content\/uploads\/2023\/09\/401A6926-300x200.jpg 300w, https:\/\/ypjrojava.net\/wp-content\/uploads\/2023\/09\/401A6926-1024x683.jpg 1024w, https:\/\/ypjrojava.net\/wp-content\/uploads\/2023\/09\/401A6926-768x512.jpg 768w, https:\/\/ypjrojava.net\/wp-content\/uploads\/2023\/09\/401A6926-1536x1024.jpg 1536w, https:\/\/ypjrojava.net\/wp-content\/uploads\/2023\/09\/401A6926-2048x1365.jpg 2048w\" sizes=\"auto, (max-width: 300px) 100vw, 300px\" \/><\/p>\n<p><iframe loading=\"lazy\" title=\"Jina \u00caz\u00eed\u00ee Firyal \u00cebrah\u00eem  Radest\u00ee Malbata Xwe Hate Kirin\" width=\"696\" height=\"392\" src=\"https:\/\/www.youtube.com\/embed\/vZ45F08_SWw?feature=oembed\" frameborder=\"0\" allow=\"accelerometer; autoplay; clipboard-write; encrypted-media; gyroscope; picture-in-picture; web-share\" referrerpolicy=\"strict-origin-when-cross-origin\" allowfullscreen><\/iframe><\/p>\n","protected":false},"excerpt":{"rendered":"<p>YPJ\u2032\u00ea jina ciwan ya \u00cazid\u00ee Feryal \u00cebrah\u00eem ku ji dest\u00ea \u00e7etey\u00ean DAI\u015e\u2019\u00ea rizgar kirib\u00fb, radest\u00ee YB\u015e\u2032\u00ea kir. Yek\u00eeney\u00ean Parastina Jin (YPJ) 19\u2032y\u00ea \u00celon\u00ea ciwana \u00cazid\u00ee ya bi nav\u00ea Feryal Xidir \u00cebrah\u00eem ji \u00e7etey\u00ean DAI\u015e\u2032\u00ea rizgar kirib\u00fb. Dema \u00e7etey\u00ean DAI\u015e\u2032\u00ea \u00eari\u015f\u00ee \u015eengal\u00ea kirib\u00fb, Feryal Xidir \u00cebrah\u00eem 12 sal\u00ee b\u00fb. Dema xelk\u00ea \u015eengal\u00ea hewl da ji hov\u00eetiya [&hellip;]<\/p>\n","protected":false},"author":1,"featured_media":16954,"comment_status":"open","ping_status":"closed","sticky":false,"template":"","format":"standard","meta":{"footnotes":""},"categories":[38,40],"tags":[],"class_list":{"0":"post-16953","1":"post","2":"type-post","3":"status-publish","4":"format-standard","5":"has-post-thumbnail","7":"category-nuce","8":"category-wene"},"_links":{"self":[{"href":"https:\/\/ypjrojava.net\/index.php?rest_route=\/wp\/v2\/posts\/16953","targetHints":{"allow":["GET"]}}],"collection":[{"href":"https:\/\/ypjrojava.net\/index.php?rest_route=\/wp\/v2\/posts"}],"about":[{"href":"https:\/\/ypjrojava.net\/index.php?rest_route=\/wp\/v2\/types\/post"}],"author":[{"embeddable":true,"href":"https:\/\/ypjrojava.net\/index.php?rest_route=\/wp\/v2\/users\/1"}],"replies":[{"embeddable":true,"href":"https:\/\/ypjrojava.net\/index.php?rest_route=%2Fwp%2Fv2%2Fcomments&post=16953"}],"version-history":[{"count":1,"href":"https:\/\/ypjrojava.net\/index.php?rest_route=\/wp\/v2\/posts\/16953\/revisions"}],"predecessor-version":[{"id":16956,"href":"https:\/\/ypjrojava.net\/index.php?rest_route=\/wp\/v2\/posts\/16953\/revisions\/16956"}],"wp:featuredmedia":[{"embeddable":true,"href":"https:\/\/ypjrojava.net\/index.php?rest_route=\/wp\/v2\/media\/16954"}],"wp:attachment":[{"href":"https:\/\/ypjrojava.net\/index.php?rest_route=%2Fwp%2Fv2%2Fmedia&parent=16953"}],"wp:term":[{"taxonomy":"category","embeddable":true,"href":"https:\/\/ypjrojava.net\/index.php?rest_route=%2Fwp%2Fv2%2Fcategories&post=16953"},{"taxonomy":"post_tag","embeddable":true,"href":"https:\/\/ypjrojava.net\/index.php?rest_route=%2Fwp%2Fv2%2Ftags&post=16953"}],"curies":[{"name":"wp","href":"https:\/\/api.w.org\/{rel}","templated":true}]}}