{"id":16969,"date":"2023-10-02T11:55:12","date_gmt":"2023-10-02T10:55:12","guid":{"rendered":"https:\/\/ypjrojava.net\/?p=16969"},"modified":"2023-10-02T11:55:12","modified_gmt":"2023-10-02T10:55:12","slug":"heya-ku-soresgeren-ku-di-her-keliya-jiyana-xwe-de-nefesa-serbilindi-u-rumete-distinin-hebin-we-ala-serkeftine-li-asimane-welate-me-liba-bibe","status":"publish","type":"post","link":"https:\/\/ypjrojava.net\/?p=16969","title":{"rendered":"Heya ku \u015fore\u015fger\u00ean ku di her k\u00ealiya jiyana xwe de nefesa serbilind\u00ee \u00fb r\u00fbmet\u00ea dist\u00eenin hebin w\u00ea ala serkeftin\u00ea li as\u00eeman\u00ea welat\u00ea me liba bibe."},"content":{"rendered":"<p><strong>Heya ku \u015fore\u015fger\u00ean ku di her k\u00ealiya jiyana xwe de nefesa serbilind\u00ee \u00fb r\u00fbmet\u00ea dist\u00eenin hebin w\u00ea ala serkeftin\u00ea li as\u00eeman\u00ea welat\u00ea me liba bibe.<\/strong><\/p>\n<p><img loading=\"lazy\" decoding=\"async\" class=\"alignnone size-medium wp-image-16970\" src=\"https:\/\/ypjrojava.net\/wp-content\/uploads\/2023\/10\/DSC03275-300x197.jpg\" alt=\"\" width=\"300\" height=\"197\" srcset=\"https:\/\/ypjrojava.net\/wp-content\/uploads\/2023\/10\/DSC03275-300x197.jpg 300w, https:\/\/ypjrojava.net\/wp-content\/uploads\/2023\/10\/DSC03275-1024x673.jpg 1024w, https:\/\/ypjrojava.net\/wp-content\/uploads\/2023\/10\/DSC03275-768x505.jpg 768w, https:\/\/ypjrojava.net\/wp-content\/uploads\/2023\/10\/DSC03275-1536x1010.jpg 1536w, https:\/\/ypjrojava.net\/wp-content\/uploads\/2023\/10\/DSC03275-2048x1346.jpg 2048w\" sizes=\"auto, (max-width: 300px) 100vw, 300px\" \/> <img loading=\"lazy\" decoding=\"async\" class=\"alignnone size-medium wp-image-16971\" src=\"https:\/\/ypjrojava.net\/wp-content\/uploads\/2023\/10\/YPJ-11-300x199.jpg\" alt=\"\" width=\"300\" height=\"199\" srcset=\"https:\/\/ypjrojava.net\/wp-content\/uploads\/2023\/10\/YPJ-11-300x199.jpg 300w, https:\/\/ypjrojava.net\/wp-content\/uploads\/2023\/10\/YPJ-11-1024x681.jpg 1024w, https:\/\/ypjrojava.net\/wp-content\/uploads\/2023\/10\/YPJ-11-768x511.jpg 768w, https:\/\/ypjrojava.net\/wp-content\/uploads\/2023\/10\/YPJ-11-1536x1021.jpg 1536w, https:\/\/ypjrojava.net\/wp-content\/uploads\/2023\/10\/YPJ-11-2048x1362.jpg 2048w\" sizes=\"auto, (max-width: 300px) 100vw, 300px\" \/><\/p>\n","protected":false},"excerpt":{"rendered":"<p>Heya ku \u015fore\u015fger\u00ean ku di her k\u00ealiya jiyana xwe de nefesa serbilind\u00ee \u00fb r\u00fbmet\u00ea dist\u00eenin hebin w\u00ea ala serkeftin\u00ea li as\u00eeman\u00ea welat\u00ea me liba bibe.<\/p>\n","protected":false},"author":1,"featured_media":16970,"comment_status":"open","ping_status":"closed","sticky":false,"template":"","format":"standard","meta":{"footnotes":""},"categories":[40],"tags":[],"class_list":{"0":"post-16969","1":"post","2":"type-post","3":"status-publish","4":"format-standard","5":"has-post-thumbnail","7":"category-wene"},"_links":{"self":[{"href":"https:\/\/ypjrojava.net\/index.php?rest_route=\/wp\/v2\/posts\/16969","targetHints":{"allow":["GET"]}}],"collection":[{"href":"https:\/\/ypjrojava.net\/index.php?rest_route=\/wp\/v2\/posts"}],"about":[{"href":"https:\/\/ypjrojava.net\/index.php?rest_route=\/wp\/v2\/types\/post"}],"author":[{"embeddable":true,"href":"https:\/\/ypjrojava.net\/index.php?rest_route=\/wp\/v2\/users\/1"}],"replies":[{"embeddable":true,"href":"https:\/\/ypjrojava.net\/index.php?rest_route=%2Fwp%2Fv2%2Fcomments&post=16969"}],"version-history":[{"count":1,"href":"https:\/\/ypjrojava.net\/index.php?rest_route=\/wp\/v2\/posts\/16969\/revisions"}],"predecessor-version":[{"id":16972,"href":"https:\/\/ypjrojava.net\/index.php?rest_route=\/wp\/v2\/posts\/16969\/revisions\/16972"}],"wp:featuredmedia":[{"embeddable":true,"href":"https:\/\/ypjrojava.net\/index.php?rest_route=\/wp\/v2\/media\/16970"}],"wp:attachment":[{"href":"https:\/\/ypjrojava.net\/index.php?rest_route=%2Fwp%2Fv2%2Fmedia&parent=16969"}],"wp:term":[{"taxonomy":"category","embeddable":true,"href":"https:\/\/ypjrojava.net\/index.php?rest_route=%2Fwp%2Fv2%2Fcategories&post=16969"},{"taxonomy":"post_tag","embeddable":true,"href":"https:\/\/ypjrojava.net\/index.php?rest_route=%2Fwp%2Fv2%2Ftags&post=16969"}],"curies":[{"name":"wp","href":"https:\/\/api.w.org\/{rel}","templated":true}]}}