{"id":17006,"date":"2023-10-05T08:23:36","date_gmt":"2023-10-05T07:23:36","guid":{"rendered":"https:\/\/ypjrojava.net\/?p=17006"},"modified":"2023-10-05T08:23:36","modified_gmt":"2023-10-05T07:23:36","slug":"salvegera-qehremaniya-jina-nemir-arin-mirkan","status":"publish","type":"post","link":"https:\/\/ypjrojava.net\/?p=17006","title":{"rendered":"Salvegera Qehremaniya Jina Nemir Ar\u00een M\u00eerkan"},"content":{"rendered":"<p>Ji nav dil\u00ea axa p\u00eeroz, bi giyana welatpar\u00eaziya bi r\u00fbmet \u00fb bi berxwedaniyeke b\u00ea hempa Ar\u00eenan xwe feday\u00ee tevah\u00ee nirx\u00ean gel \u00fb welat\u00ea xwe kir \u00fb muhra xwe li rizgarkirina Koban\u00ea da. Bi v\u00ea boneya p\u00eeroz em salvegera qehremaniya Ar\u00een M\u00eerkan \u00fb tevah\u00ee leheng\u00ean azadiy\u00ea bi minetdariyeke mezin bib\u00eert\u00eenin.<\/p>\n<p>&nbsp;<\/p>\n<p><strong>Navenda Ragihandina YPJ<\/strong><\/p>\n<p><img loading=\"lazy\" decoding=\"async\" class=\"alignnone size-medium wp-image-17008\" src=\"https:\/\/ypjrojava.net\/wp-content\/uploads\/2023\/10\/sehit_arin_mirkan-6-300x224.jpg\" alt=\"\" width=\"300\" height=\"224\" srcset=\"https:\/\/ypjrojava.net\/wp-content\/uploads\/2023\/10\/sehit_arin_mirkan-6-300x224.jpg 300w, https:\/\/ypjrojava.net\/wp-content\/uploads\/2023\/10\/sehit_arin_mirkan-6-768x575.jpg 768w, https:\/\/ypjrojava.net\/wp-content\/uploads\/2023\/10\/sehit_arin_mirkan-6.jpg 1024w\" sizes=\"auto, (max-width: 300px) 100vw, 300px\" \/> <img loading=\"lazy\" decoding=\"async\" class=\"alignnone size-medium wp-image-17007\" src=\"https:\/\/ypjrojava.net\/wp-content\/uploads\/2023\/10\/S-ARIN-copy-300x169.jpg\" alt=\"\" width=\"300\" height=\"169\" srcset=\"https:\/\/ypjrojava.net\/wp-content\/uploads\/2023\/10\/S-ARIN-copy-300x169.jpg 300w, https:\/\/ypjrojava.net\/wp-content\/uploads\/2023\/10\/S-ARIN-copy-1024x576.jpg 1024w, https:\/\/ypjrojava.net\/wp-content\/uploads\/2023\/10\/S-ARIN-copy-768x432.jpg 768w, https:\/\/ypjrojava.net\/wp-content\/uploads\/2023\/10\/S-ARIN-copy-1536x864.jpg 1536w, https:\/\/ypjrojava.net\/wp-content\/uploads\/2023\/10\/S-ARIN-copy-2048x1152.jpg 2048w, https:\/\/ypjrojava.net\/wp-content\/uploads\/2023\/10\/S-ARIN-copy-390x220.jpg 390w\" sizes=\"auto, (max-width: 300px) 100vw, 300px\" \/><\/p>\n","protected":false},"excerpt":{"rendered":"<p>Ji nav dil\u00ea axa p\u00eeroz, bi giyana welatpar\u00eaziya bi r\u00fbmet \u00fb bi berxwedaniyeke b\u00ea hempa Ar\u00eenan xwe feday\u00ee tevah\u00ee nirx\u00ean gel \u00fb welat\u00ea xwe kir \u00fb muhra xwe li rizgarkirina Koban\u00ea da. Bi v\u00ea boneya p\u00eeroz em salvegera qehremaniya Ar\u00een M\u00eerkan \u00fb tevah\u00ee leheng\u00ean azadiy\u00ea bi minetdariyeke mezin bib\u00eert\u00eenin. &nbsp; Navenda Ragihandina YPJ<\/p>\n","protected":false},"author":1,"featured_media":17007,"comment_status":"open","ping_status":"closed","sticky":false,"template":"","format":"standard","meta":{"footnotes":""},"categories":[59,38,40],"tags":[],"class_list":{"0":"post-17006","1":"post","2":"type-post","3":"status-publish","4":"format-standard","5":"has-post-thumbnail","7":"category-biranin","8":"category-nuce","9":"category-wene"},"_links":{"self":[{"href":"https:\/\/ypjrojava.net\/index.php?rest_route=\/wp\/v2\/posts\/17006","targetHints":{"allow":["GET"]}}],"collection":[{"href":"https:\/\/ypjrojava.net\/index.php?rest_route=\/wp\/v2\/posts"}],"about":[{"href":"https:\/\/ypjrojava.net\/index.php?rest_route=\/wp\/v2\/types\/post"}],"author":[{"embeddable":true,"href":"https:\/\/ypjrojava.net\/index.php?rest_route=\/wp\/v2\/users\/1"}],"replies":[{"embeddable":true,"href":"https:\/\/ypjrojava.net\/index.php?rest_route=%2Fwp%2Fv2%2Fcomments&post=17006"}],"version-history":[{"count":1,"href":"https:\/\/ypjrojava.net\/index.php?rest_route=\/wp\/v2\/posts\/17006\/revisions"}],"predecessor-version":[{"id":17009,"href":"https:\/\/ypjrojava.net\/index.php?rest_route=\/wp\/v2\/posts\/17006\/revisions\/17009"}],"wp:featuredmedia":[{"embeddable":true,"href":"https:\/\/ypjrojava.net\/index.php?rest_route=\/wp\/v2\/media\/17007"}],"wp:attachment":[{"href":"https:\/\/ypjrojava.net\/index.php?rest_route=%2Fwp%2Fv2%2Fmedia&parent=17006"}],"wp:term":[{"taxonomy":"category","embeddable":true,"href":"https:\/\/ypjrojava.net\/index.php?rest_route=%2Fwp%2Fv2%2Fcategories&post=17006"},{"taxonomy":"post_tag","embeddable":true,"href":"https:\/\/ypjrojava.net\/index.php?rest_route=%2Fwp%2Fv2%2Ftags&post=17006"}],"curies":[{"name":"wp","href":"https:\/\/api.w.org\/{rel}","templated":true}]}}