{"id":17012,"date":"2023-10-05T15:08:26","date_gmt":"2023-10-05T14:08:26","guid":{"rendered":"https:\/\/ypjrojava.net\/?p=17012"},"modified":"2023-10-05T15:13:45","modified_gmt":"2023-10-05T14:13:45","slug":"ji-capemeni-u-raya-gisti-re-6","status":"publish","type":"post","link":"https:\/\/ypjrojava.net\/?p=17012","title":{"rendered":"Ji \u00c7apemen\u00ee \u00fb Raya Gi\u015ft\u00ee re!"},"content":{"rendered":"<p>Dewleta Tirk a dagirker bi hinceta ku \u00e7alakiya li Enqer\u00ea hate kirin, \u00ear\u00ee\u015f\u00ee binesaziya \u00a0Bak\u00fbr Rojhilat\u00ea S\u00fbr\u00ee dike. L\u00ea dewleta qirker ji roja destp\u00eaka \u015fore\u015f\u00ea heta \u00eero bi avayek\u00ee domdar \u00ear\u00ee\u015f\u00ee her\u00eam\u00ean me dike. Her car\u00ea b\u00fbyer\u00ean ku bi kilometreyan ji me d\u00fbr \u00fb di heman dem\u00ea de tu eleqeya wan bi me re n\u00eene, dike hincet \u00fb \u00a0\u00ear\u00ee\u015f\u00ean ku armanca xwe \u00a0qirkirina gel\u00ean her\u00eam\u00ea ye p\u00eak t\u00eenin. Dewleta Tirk navend\u00ean ku xizmeta p\u00ead\u00eewiy\u00ean gel dab\u00een dike, kiriye navenda \u00ear\u00ee\u015f\u00ean xwe ye dagirkeriy\u00ea. Van \u00ear\u00ee\u015f\u00ean xwe bi avayek\u00ee vekir\u00ee li p\u00ea\u015fiya tevah\u00ee c\u00eehan\u00ea j\u00ee rewa dike.<\/p>\n<p>Ev feraseta qirker a dewleta Tirk ya ku bi ziman\u00ea wez\u00eer\u00ea \u015fer\u00ea taybet Hakan F\u00eedan bi avayek\u00ee e\u015fker\u00ea \u00a0van \u00ear\u00ee\u015f\u00ean xwe bi l\u00eav dike, cardin ifadeya pergala ku heb\u00fbna xwe di tunne buna gel\u00ean her\u00eam\u00ea de dib\u00eene, e\u015fkere dike. Li D\u00earazor\u00ea dema operasyona xurtkirina ewlehiy\u00ea de dewleta Tirk bi avayek\u00ee vekir\u00ee ji bo ku ew kom\u00ean \u00e7ekdar aramiya her\u00eam\u00ea xirab bikin, di nava liv \u00fb tevger\u00ea de dab\u00fb. Me bi gelek dane, mik\u00fbrhatin \u00fb belgey\u00ean dest\u00ea xwe de ev rastiya dewleta tirk ji raya gi\u015ft\u00ee re e\u015fkere kir. Dewleta tirk di van ley\u00eestok\u00ean\u00a0 xwe de serneket \u00fb \u00ear\u00ee\u015f birin ser Minbic \u00fb Tiltemir \u00ea. L\u00ea h\u00eaz\u00ean me bi dijwar\u00ee bersiva \u00ear\u00ee\u015f\u00ean dagirkeriy\u00ea dan.<\/p>\n<p>\u00car\u00ee\u015f\u00ean ku li ser her\u00eam\u00ean me p\u00eak t\u00ean, bi armanca xirabkirina \u00eest\u00eeqrara her\u00eam\u00ea t\u00ean\u00ea kirin. Hem\u00fb h\u00eaz\u00ean ku li her\u00eam\u00ean me p\u00eaw\u00eeste encam\u00ean ku ji van \u00ear\u00ee\u015f\u00ean derbikevin hol\u00ea, hay\u00eedar bin. Ji ber ku \u00ear\u00ee\u015f\u00ean li ser her\u00eam\u00ean me bandora xwe tevah\u00ee her\u00eam\u00ea dike. Weke h\u00eaza parastin\u00ea heb\u00fbna me \u00fb di heman dem\u00ea de pergala ku \u00eero em p\u00ea civaka r\u00eavedibin, li her\u00eam\u00ea roleyeke gir\u00eeng dileyze. Di van \u00ear\u00ee\u015fan de gel\u00ea me t\u00ean armanc kirin, ji ber w\u00ea j\u00ee em\u00ea bi tu avay\u00ee van \u00ear\u00ee\u015f\u00ean li ser gel\u00ea xwe qeb\u00fbl nekin \u00fb em\u00ea bersiva van \u00ear\u00ee\u015fan j\u00ee bidin. Qada ezman\u00ee ji aliy\u00ea h\u00eaz\u00ean koal\u00eesyon\u00ea ve hatiye vekirin, ev \u00ear\u00ee\u015f\u00ean ku t\u00eane p\u00eakan\u00een elbette bi \u00ear\u00ea kirina van h\u00eaz\u00ean ku xwe weke garantor didin ni\u015fandan p\u00eak t\u00ean. Ji ber w\u00ea j\u00ee h\u00eaz\u00ean koal\u00eesyon\u00ea bi avayek\u00ee raste rast ji \u00ear\u00ee\u015f\u00ean dewleta tirk berpirsiyar in. Em di ser\u00ee de dewleta tirk \u00fb tevah\u00ee h\u00eaz\u00ean ku li hember\u00ee \u00ear\u00ee\u015fkariya tirk b\u00eadeng\u00ean bi t\u00fbnd\u00ee \u015fermezar dikin. Em tevah\u00ee c\u00eehan\u00ea vedixw\u00eenin erk\u00ean xwe y\u00ea mirov\u00ee p\u00eakan\u00een e.<\/p>\n<p>Me dema destp\u00ea \u015fore\u015fa gelan kir em bi \u00eerade \u00fb biryardariya gel\u00ea bawer b\u00fbn, \u00eero j\u00ee em\u00ea bi heman baweriy\u00ea parastina \u015fore\u015fa xwe bikin. Em weke YPJ\u2019\u00ea bang li gel\u00ea xwe y\u00ea \u00e7ar aliy\u00ean welat dikin, her bih\u00fbsta xaka welat bi xw\u00eena zarok\u00ean we hatiye rizgarkirin, p\u00eaw\u00eeste gel\u00ea me li hember\u00ee van \u00ear\u00ee\u015fan asta biryardariya xwe bilind bikin. Gel\u00ea me di \u015fert \u00fb merc\u00ean her\u00ee zehmet de ji bo p\u00ea\u015fxistin \u00fb mezin kirina \u015fore\u015f\u00ea berdel\u00ean giran dan, \u00eero j\u00ee ji bo parastina destkeftiy\u00ean \u015fore\u015fa xwe li qadan bin.<\/p>\n<p>Bila tevah\u00ee qada navnetew\u00ee bizanibe em\u00ea herdem, \u00e7i dibe bila bibe destkeftiy\u00ean \u015fore\u015fa xwe\u00a0 bipar\u00eazin \u00fb em\u00ea nehelin ku tu h\u00eazeke dagirker gav biav\u00eaje li ser axa me ya p\u00eeroz.<\/p>\n<p><strong>Fermandariya Gi\u015ft\u00ee a YPJ\u2019\u00ea <\/strong><\/p>\n<p><strong>05.10.2023<\/strong><\/p>\n<p><img loading=\"lazy\" decoding=\"async\" class=\"alignnone size-medium wp-image-17013\" src=\"https:\/\/ypjrojava.net\/wp-content\/uploads\/2023\/10\/logo-fermandari-2022-300x169.png\" alt=\"\" width=\"300\" height=\"169\" srcset=\"https:\/\/ypjrojava.net\/wp-content\/uploads\/2023\/10\/logo-fermandari-2022-300x169.png 300w, https:\/\/ypjrojava.net\/wp-content\/uploads\/2023\/10\/logo-fermandari-2022-768x433.png 768w, https:\/\/ypjrojava.net\/wp-content\/uploads\/2023\/10\/logo-fermandari-2022-390x220.png 390w, https:\/\/ypjrojava.net\/wp-content\/uploads\/2023\/10\/logo-fermandari-2022-780x441.png 780w, https:\/\/ypjrojava.net\/wp-content\/uploads\/2023\/10\/logo-fermandari-2022.png 783w\" sizes=\"auto, (max-width: 300px) 100vw, 300px\" \/><\/p>\n","protected":false},"excerpt":{"rendered":"<p>Dewleta Tirk a dagirker bi hinceta ku \u00e7alakiya li Enqer\u00ea hate kirin, \u00ear\u00ee\u015f\u00ee binesaziya \u00a0Bak\u00fbr Rojhilat\u00ea S\u00fbr\u00ee dike. L\u00ea dewleta qirker ji roja destp\u00eaka \u015fore\u015f\u00ea heta \u00eero bi avayek\u00ee domdar \u00ear\u00ee\u015f\u00ee her\u00eam\u00ean me dike. Her car\u00ea b\u00fbyer\u00ean ku bi kilometreyan ji me d\u00fbr \u00fb di heman dem\u00ea de tu eleqeya wan bi me re n\u00eene, [&hellip;]<\/p>\n","protected":false},"author":1,"featured_media":17013,"comment_status":"open","ping_status":"closed","sticky":false,"template":"","format":"standard","meta":{"footnotes":""},"categories":[39,40],"tags":[],"class_list":{"0":"post-17012","1":"post","2":"type-post","3":"status-publish","4":"format-standard","5":"has-post-thumbnail","7":"category-daxuyani","8":"category-wene"},"_links":{"self":[{"href":"https:\/\/ypjrojava.net\/index.php?rest_route=\/wp\/v2\/posts\/17012","targetHints":{"allow":["GET"]}}],"collection":[{"href":"https:\/\/ypjrojava.net\/index.php?rest_route=\/wp\/v2\/posts"}],"about":[{"href":"https:\/\/ypjrojava.net\/index.php?rest_route=\/wp\/v2\/types\/post"}],"author":[{"embeddable":true,"href":"https:\/\/ypjrojava.net\/index.php?rest_route=\/wp\/v2\/users\/1"}],"replies":[{"embeddable":true,"href":"https:\/\/ypjrojava.net\/index.php?rest_route=%2Fwp%2Fv2%2Fcomments&post=17012"}],"version-history":[{"count":1,"href":"https:\/\/ypjrojava.net\/index.php?rest_route=\/wp\/v2\/posts\/17012\/revisions"}],"predecessor-version":[{"id":17014,"href":"https:\/\/ypjrojava.net\/index.php?rest_route=\/wp\/v2\/posts\/17012\/revisions\/17014"}],"wp:featuredmedia":[{"embeddable":true,"href":"https:\/\/ypjrojava.net\/index.php?rest_route=\/wp\/v2\/media\/17013"}],"wp:attachment":[{"href":"https:\/\/ypjrojava.net\/index.php?rest_route=%2Fwp%2Fv2%2Fmedia&parent=17012"}],"wp:term":[{"taxonomy":"category","embeddable":true,"href":"https:\/\/ypjrojava.net\/index.php?rest_route=%2Fwp%2Fv2%2Fcategories&post=17012"},{"taxonomy":"post_tag","embeddable":true,"href":"https:\/\/ypjrojava.net\/index.php?rest_route=%2Fwp%2Fv2%2Ftags&post=17012"}],"curies":[{"name":"wp","href":"https:\/\/api.w.org\/{rel}","templated":true}]}}