{"id":17215,"date":"2023-11-01T08:31:16","date_gmt":"2023-11-01T08:31:16","guid":{"rendered":"https:\/\/ypjrojava.net\/?p=17215"},"modified":"2023-11-01T08:42:04","modified_gmt":"2023-11-01T08:42:04","slug":"berxwedaniya-kobane-li-hemberi-bindestiye-seri-netewandine","status":"publish","type":"post","link":"https:\/\/ypjrojava.net\/?p=17215","title":{"rendered":"Berxwedaniya Koban\u00ea Li Hember\u00ee Bindestiy\u00ea Ser\u00ee Netewandine"},"content":{"rendered":"<p><strong>Berxwedaniya Koban\u00ea Li Hember\u00ee Bindestiy\u00ea Ser\u00ee Netewandine<\/strong><\/p>\n<p>1\u2019\u00ea Mijdar\u00ea Roja C\u00eehan\u00ee a Koban\u00ea di encama h\u00eaza yek\u00eetiya gelan \u00fb berey\u00ean demokrasiy\u00ea de hate bidestxistin. Koban\u00ea ji h\u00eaz\u00ean hegemon y\u00ean ku qirkirin \u00fb t\u00fbne kirina gelan weke bekaya xwe did\u00eet\u00een re b\u00fb peyama bi t\u00fb \u015f\u00eawaz\u00ee qeb\u00fbl nekirin \u00fb ser\u00ee netewandina li hember\u00ee bindestiy\u00ea.<\/p>\n<p>Di ronahiya fikir \u00fb raman\u00ean R\u00eaber Apo de, sekin \u00fb berxwedaniya netew\u00ee a gel\u00ea Kurd li gel v\u00ea bi rihek\u00ee fedakar tevl\u00eeb\u00fbna gelan a ji xeta R\u00eabert\u00ee re serkeftina Koban\u00ee hate bidestxistin. Li ser v\u00ea bingeh\u00ea em weke YPJ R\u00eaber\u00ea Netewa Demokrat\u00eek R\u00eaber Apo silav dikin \u00fb gir\u00eadana xwe ye R\u00eaber\u00ea Gelan n\u00fb dikin. R\u00eaber Apo ji bo ku qedera gel\u00ea her\u00eam\u00ea cardin bi dest\u00ea h\u00eaz\u00ean hegemon ney\u00ea niv\u00eesandin ked \u00fb teko\u015f\u00eeneke b\u00ea eman dide me\u015fandin. Ger ku c\u00eehan\u00ea berxwedaniya Koban\u00ea nas kir \u00fb heb\u00fbna xwe di v\u00ea berxwedaniy\u00ea de d\u00eet, elbette div\u00ea mijar\u00ea de keda her\u00ee mezin ji aliy\u00ea R\u00eaber Apo ve hate day\u00een. Gel\u00ea Kurd j\u00ee bi sekna xwe ye berxwed\u00ear li ser\u00ee de li Koban\u00ea, \u00e7ar aliy\u00ean welat \u00fb c\u00eehan\u00ea xwed\u00ee li keda R\u00eabert\u00ee derket \u00fb v\u00ea biryardariy\u00ea gel\u00ea me li Koban\u00ea\u00a0 DAI\u015e\u2019\u00ea \u00fb hevalbend\u00ean wan binxistin.<\/p>\n<p>Koban\u00ea \u00eesbata serxistina h\u00eaviya azadiya gelan e. Serkeftina Koban\u00ea, sekna gel\u00ea Kurd \u00fb tevah\u00ee gel\u00ean demokras\u00ee \u00fb azad\u00eexwaz y\u00ean ku xwed\u00ee h\u00eaviya p\u00ea\u015ferojene \u00eefade dike. Em \u015feh\u00eed\u00ean xwe y\u00ean nemir ku li hember\u00ee hovitiya serdem\u00ea\u00a0 ber xwe dan \u00fb gavek j\u00ee pa\u015f de neav\u00eatin, bi r\u00eaz \u00fb minnetdar\u00ee bib\u00eert\u00eenin. Koban\u00ea encama keda p\u00ea\u015fengtiya YPJ-YPG \u00fb \u015fervan\u00ean enternasyonal\u00eest e. Li ser v\u00ea esas\u00ea em sekna tevah\u00ee fermande \u00fb \u015fervan\u00ea xwe bi serbilind\u00ee silav dikin \u00fb em Roja C\u00eehan\u00ee a Koban\u00ea li gel\u00ea xwe, jinan \u00fb hem\u00fb h\u00eaz\u00ean ku xwed\u00ee biryara avakirina jiyaneke demokrat\u00eek in p\u00eeroz dikin.<\/p>\n<p>C\u00eehana ku li hember\u00ee kiryar\u00ean fa\u015f\u00eezm\u00ea hatib\u00fb b\u00eadeng kirin, li Koban\u00ea di p\u00ea\u015fengtiya jinan de deng\u00ea xwe bilind kir. DAI\u015e weke r\u00fbpo\u015fa tevah\u00ee h\u00eaz\u00ean berjewend\u00eepar\u00eaz ji ser her\u00eam\u00ean me re hate \u015fandin l\u00ea rastiya hov\u00eetiya DAI\u015e\u2019\u00ea \u00eefadeya tevah\u00ee h\u00eaz\u00ean global y\u00ean ku dixwazin mirovahiya bi r\u00fbmet ji hol\u00ea rakin, bi awayek\u00ee vekir\u00ee \u015f\u00eanber kir. Ji ber w\u00ea j\u00ee di ser\u00ee de li \u00e7ar par\u00e7\u00eay\u00ean Kurdistan\u00ea \u00fb tevah\u00ee berey\u00ean c\u00eehan\u00ee y\u00ean azad\u00ee \u00fb demokras\u00eexwaz \u00ear\u00ee\u015f\u00ean jenos\u00eed\u00ee y\u00ean li ser Koban\u00ea mijarake f\u00eez\u00eek\u00ee a erdn\u00eegariy\u00ea z\u00eadetir weke xwed\u00ee derketina li nirx\u00ean mirovahiy\u00ea destgirtin. Bi v\u00ea yeke re j\u00ee \u015eore\u015fa Jin, li Koban\u00ea destp\u00eakir, bi parastina Koban\u00ea bi nav \u00fb deng b\u00fb \u00fb xwe belav\u00ee seranser\u00ea her\u00eam\u00ean Bak\u00fbr-Rojhilat\u00ea S\u00fbr\u00ee kir.<\/p>\n<p>Bi berxwedaniya Koban\u00ea a ku di p\u00ea\u015fengtiya jinan de hate me\u015fandin hi\u015ft ku mirovah\u00ee xwe weke xelekeke demokrasiy\u00ea bir\u00eaxistin bike. Parastina ax \u00fb civaka xwe j\u00ee ji aliy\u00ea ciwan\u00ean Kurd ve hi\u015ft ku li hember\u00ee p\u00eala fa\u015f\u00eezm\u00ea lehiya azadiy\u00ea rabe \u00fb hem\u00fb h\u00eaz\u00ean ku r\u00fbpo\u015fa DAI\u015e\u2019\u00ea av\u00eatine ser r\u00fby\u00ea xwe di bin v\u00ea lehiy\u00ea de bim\u00eenin. Y\u00ean ku di berxwedaniya d\u00eerok\u00ee a Koban\u00ea de p\u00ea\u015fengt\u00ee kirin jin\u00ean Kurd b\u00fbn, ev p\u00ea\u015fengtiya jinan hi\u015ft ku Koban\u00ea bibe war\u00ea biryardar\u00ee \u00fb baweriya avakirina pergala Netewa Demokrat\u00eek. V\u00ea baweriy\u00ea h\u00eaz \u00fb h\u00eaviya tevah\u00ee c\u00eehan\u00ea ge\u015f kir. Bi v\u00ea yek\u00ea re \u00ead\u00ee berxwedaniya Koban\u00ea b\u00fb c\u00eehan\u00ee \u00fb asteke enternasyonal\u00eest qezenc kir.<\/p>\n<p>\u015eore\u015fa ku di encama t\u00eako\u015f\u00een \u00fb berdel\u00ean giranb\u00fbha de hatiye p\u00eakan\u00een \u00eero j\u00ee rojane rast\u00ee \u00ear\u00ee\u015f\u00ean dewlete Tirk a dagirker t\u00ea. Dewleta Tirk bi \u00ear\u00ee\u015f\u00ean ser Koban\u00ea heta Efr\u00een,Ser\u00eakaniye \u00fb Gir\u00ea Sip\u00ee feraseta xwe ye qirker b\u00ea navber didom\u00eene. C\u00eehana ku dema berxwedaniya Koban\u00ea de qala berxwedan\u00ee \u00fb lehengiya v\u00ee gel\u00ee kir, j\u00ea bandor b\u00fb \u00fb pi\u015ftevan\u00ee da Koban\u00ea, \u00eero j\u00ee li hember\u00ee van \u00ear\u00ee\u015f\u00ean dewleta Tirk a dagirker b\u00eadeng e. Koban\u00ea bi t\u00eako\u015f\u00een \u00fb berxwedaniya li hember\u00ee DAI\u015e\u2019\u00ea re xwe kire bajar\u00ea xwed\u00ee derketina r\u00fbmeta tevah\u00ee c\u00eevak\u00ean demokras\u00eexwaz. L\u00ea heman bajar \u00eero rast\u00ee \u00ear\u00ee\u015f\u00ean dewleta Tirk a dagirker t\u00ea ku ji fikr\u00ea DAI\u015e\u2019\u00ea tirsnaktir e. Li hember\u00ee v\u00ea yek\u00ea b\u00eadengiya hey\u00ee er\u00ea kirina van \u00ear\u00ee\u015fane. Helbette ya ku teqez van \u00ear\u00ee\u015fan rawestin\u00ea bertek\u00ean eniya jinan \u00fb gelan e.<\/p>\n<p>Di roja me ye \u00eero da j\u00ee ya ku cardin tevah\u00ee berxwedaniy\u00ean c\u00eehan\u00ee li hember\u00ee fa\u015f\u00eezm\u00ea bibe serkeftin\u00ea, \u00a0m\u00eesoger parastin \u00fb ge\u015f kirina rih\u00ea Koban\u00ea ye. Berxwedaniya Koban\u00ea hilwe\u015fandina s\u00eenor\u00ean dewlet netewan e. Em weke hevr\u00eay\u00ean R\u00eavan, Ar\u00een, Medya, Zehra, Gelhat, Herdem \u00fb gelek qehreman\u00ean ku w\u00ea d\u00eerok t\u00fb car nikaribe ked \u00fb berxwedaniya wan \u00eenkar bike, tevah\u00ee \u015feh\u00eed\u00ean \u015fore\u015f\u00ea bi b\u00eert\u00eenin \u00fb soza p\u00eakan\u00een \u00fb xwed\u00ee derketina armanc\u00ean wan didin. Di dawiy\u00ea de em bang li tevah\u00ee gel\u00ea xwe \u00fb hem\u00fb gel\u00ean c\u00eehan\u00ea dikin ku m\u00eesogeriya jiyaneke azad w\u00ea cardin bi xwed\u00ee derketina berxwedaniya Koban\u00ea re m\u00eesoger bibe.<\/p>\n<p><strong>Fermandariya Gi\u015ft\u00ee a YPJ\u2019\u00ea <\/strong><\/p>\n<p><strong>01-11-2023<\/strong><\/p>\n<p><strong> <img loading=\"lazy\" decoding=\"async\" class=\"alignnone size-medium wp-image-17013\" src=\"https:\/\/ypjrojava.net\/wp-content\/uploads\/2023\/10\/logo-fermandari-2022-300x169.png\" alt=\"\" width=\"300\" height=\"169\" srcset=\"https:\/\/ypjrojava.net\/wp-content\/uploads\/2023\/10\/logo-fermandari-2022-300x169.png 300w, https:\/\/ypjrojava.net\/wp-content\/uploads\/2023\/10\/logo-fermandari-2022-768x433.png 768w, https:\/\/ypjrojava.net\/wp-content\/uploads\/2023\/10\/logo-fermandari-2022-390x220.png 390w, https:\/\/ypjrojava.net\/wp-content\/uploads\/2023\/10\/logo-fermandari-2022-780x441.png 780w, https:\/\/ypjrojava.net\/wp-content\/uploads\/2023\/10\/logo-fermandari-2022.png 783w\" sizes=\"auto, (max-width: 300px) 100vw, 300px\" \/><\/strong><\/p>\n<p><strong>\u00a0<\/strong><\/p>\n","protected":false},"excerpt":{"rendered":"<p>Berxwedaniya Koban\u00ea Li Hember\u00ee Bindestiy\u00ea Ser\u00ee Netewandine 1\u2019\u00ea Mijdar\u00ea Roja C\u00eehan\u00ee a Koban\u00ea di encama h\u00eaza yek\u00eetiya gelan \u00fb berey\u00ean demokrasiy\u00ea de hate bidestxistin. Koban\u00ea ji h\u00eaz\u00ean hegemon y\u00ean ku qirkirin \u00fb t\u00fbne kirina gelan weke bekaya xwe did\u00eet\u00een re b\u00fb peyama bi t\u00fb \u015f\u00eawaz\u00ee qeb\u00fbl nekirin \u00fb ser\u00ee netewandina li hember\u00ee bindestiy\u00ea. Di ronahiya [&hellip;]<\/p>\n","protected":false},"author":1,"featured_media":17013,"comment_status":"open","ping_status":"closed","sticky":false,"template":"","format":"standard","meta":{"footnotes":""},"categories":[39],"tags":[],"class_list":{"0":"post-17215","1":"post","2":"type-post","3":"status-publish","4":"format-standard","5":"has-post-thumbnail","7":"category-daxuyani"},"_links":{"self":[{"href":"https:\/\/ypjrojava.net\/index.php?rest_route=\/wp\/v2\/posts\/17215","targetHints":{"allow":["GET"]}}],"collection":[{"href":"https:\/\/ypjrojava.net\/index.php?rest_route=\/wp\/v2\/posts"}],"about":[{"href":"https:\/\/ypjrojava.net\/index.php?rest_route=\/wp\/v2\/types\/post"}],"author":[{"embeddable":true,"href":"https:\/\/ypjrojava.net\/index.php?rest_route=\/wp\/v2\/users\/1"}],"replies":[{"embeddable":true,"href":"https:\/\/ypjrojava.net\/index.php?rest_route=%2Fwp%2Fv2%2Fcomments&post=17215"}],"version-history":[{"count":1,"href":"https:\/\/ypjrojava.net\/index.php?rest_route=\/wp\/v2\/posts\/17215\/revisions"}],"predecessor-version":[{"id":17216,"href":"https:\/\/ypjrojava.net\/index.php?rest_route=\/wp\/v2\/posts\/17215\/revisions\/17216"}],"wp:featuredmedia":[{"embeddable":true,"href":"https:\/\/ypjrojava.net\/index.php?rest_route=\/wp\/v2\/media\/17013"}],"wp:attachment":[{"href":"https:\/\/ypjrojava.net\/index.php?rest_route=%2Fwp%2Fv2%2Fmedia&parent=17215"}],"wp:term":[{"taxonomy":"category","embeddable":true,"href":"https:\/\/ypjrojava.net\/index.php?rest_route=%2Fwp%2Fv2%2Fcategories&post=17215"},{"taxonomy":"post_tag","embeddable":true,"href":"https:\/\/ypjrojava.net\/index.php?rest_route=%2Fwp%2Fv2%2Ftags&post=17215"}],"curies":[{"name":"wp","href":"https:\/\/api.w.org\/{rel}","templated":true}]}}