{"id":17240,"date":"2023-11-08T14:55:17","date_gmt":"2023-11-08T14:55:17","guid":{"rendered":"https:\/\/ypjrojava.net\/?p=17240"},"modified":"2023-11-08T14:55:17","modified_gmt":"2023-11-08T14:55:17","slug":"gele-bajare-qamislo-bi-merasimeke-girseyi-sehid-herdem-ciya-oxir-kirin","status":"publish","type":"post","link":"https:\/\/ypjrojava.net\/?p=17240","title":{"rendered":"Gel\u00ea bajar\u00ea Qami\u015flo Bi Meras\u00eemeke Girsey\u00ee \u015eeh\u00eed Herdem \u00c7iya Oxir Kirin"},"content":{"rendered":"<p><strong>Gel\u00ea bajar\u00ea Qami\u015flo Bi Meras\u00eemeke Girsey\u00ee \u015eeh\u00eed Herdem \u00c7iya Oxir Kirin<\/strong><\/p>\n<p>Meras\u00eema oxir kirina \u015eeh\u00eed Herdem \u00c7iya bi deqeyek r\u00eazgirtina ji bo b\u00eeran\u00eena \u015feh\u00eedan hate dest p\u00ea kirin.<\/p>\n<p>Di meras\u00eem\u00ea de bi nav\u00ea saziya malbat\u00ean \u015feh\u00eedan Bav\u00ea \u015eeh\u00eed Omer EbdilKerim sersax\u00ee ji malbata \u015feh\u00eed re xwest \u00fb got: &#8220;Hem\u00fb serkeftin\u00ean me p\u00ea\u015f xist\u00eeye bi saya p\u00ea\u015fengtiya \u015feh\u00eedan hatiye bidestxistin.&#8221;<\/p>\n<p>Di meras\u00eem\u00ea de\u00a0 endam\u00ea Mecl\u00eesa Le\u015fger\u00ee Mihemed Z\u00eadan wiha got: &#8220;\u015eeh\u00eed\u00ean me ji bo doza ku p\u00ea bawer kirine can\u00ea xwe feda dikin.&#8221;<\/p>\n<p>Wes\u00eeqa \u015feh\u00eed hat xwendin \u00fb radest\u00ee malbat\u00ea hate kirin.<\/p>\n<p>Di daw\u00ee de gel\u00ea Qami\u015flo \u00fb heval\u00ean \u015feh\u00eed Herdem \u00c7iya w\u00ee ber bi b\u00ea daw\u00eeb\u00fbn\u00ea ve oxir kirin.<\/p>\n<p><strong>Navenda Ragihandina YPJ<\/strong><\/p>\n<p><img loading=\"lazy\" decoding=\"async\" class=\"alignnone size-medium wp-image-17241\" src=\"https:\/\/ypjrojava.net\/wp-content\/uploads\/2023\/11\/MERASIM-S.HERDEM-CIYA-QAMISLO-WENE-08-11-2023-1-300x200.jpg\" alt=\"\" width=\"300\" height=\"200\" srcset=\"https:\/\/ypjrojava.net\/wp-content\/uploads\/2023\/11\/MERASIM-S.HERDEM-CIYA-QAMISLO-WENE-08-11-2023-1-300x200.jpg 300w, https:\/\/ypjrojava.net\/wp-content\/uploads\/2023\/11\/MERASIM-S.HERDEM-CIYA-QAMISLO-WENE-08-11-2023-1-1024x683.jpg 1024w, https:\/\/ypjrojava.net\/wp-content\/uploads\/2023\/11\/MERASIM-S.HERDEM-CIYA-QAMISLO-WENE-08-11-2023-1-768x512.jpg 768w, https:\/\/ypjrojava.net\/wp-content\/uploads\/2023\/11\/MERASIM-S.HERDEM-CIYA-QAMISLO-WENE-08-11-2023-1-1536x1024.jpg 1536w, https:\/\/ypjrojava.net\/wp-content\/uploads\/2023\/11\/MERASIM-S.HERDEM-CIYA-QAMISLO-WENE-08-11-2023-1-2048x1365.jpg 2048w\" sizes=\"auto, (max-width: 300px) 100vw, 300px\" \/> <img loading=\"lazy\" decoding=\"async\" class=\"alignnone size-medium wp-image-17242\" src=\"https:\/\/ypjrojava.net\/wp-content\/uploads\/2023\/11\/MERASIM-S.HERDEM-CIYA-QAMISLO-WENE-08-11-2023-2-300x200.jpg\" alt=\"\" width=\"300\" height=\"200\" srcset=\"https:\/\/ypjrojava.net\/wp-content\/uploads\/2023\/11\/MERASIM-S.HERDEM-CIYA-QAMISLO-WENE-08-11-2023-2-300x200.jpg 300w, https:\/\/ypjrojava.net\/wp-content\/uploads\/2023\/11\/MERASIM-S.HERDEM-CIYA-QAMISLO-WENE-08-11-2023-2-1024x683.jpg 1024w, https:\/\/ypjrojava.net\/wp-content\/uploads\/2023\/11\/MERASIM-S.HERDEM-CIYA-QAMISLO-WENE-08-11-2023-2-768x512.jpg 768w, https:\/\/ypjrojava.net\/wp-content\/uploads\/2023\/11\/MERASIM-S.HERDEM-CIYA-QAMISLO-WENE-08-11-2023-2-1536x1024.jpg 1536w, https:\/\/ypjrojava.net\/wp-content\/uploads\/2023\/11\/MERASIM-S.HERDEM-CIYA-QAMISLO-WENE-08-11-2023-2-2048x1365.jpg 2048w\" sizes=\"auto, (max-width: 300px) 100vw, 300px\" \/><\/p>\n<p><iframe loading=\"lazy\" title=\"Meras\u00eema \u015eeh\u00eed \u00c7iya HerdemLi Pakrewangeha Qami\u015flo\" width=\"696\" height=\"392\" src=\"https:\/\/www.youtube.com\/embed\/iSYFPO0_JBk?feature=oembed\" frameborder=\"0\" allow=\"accelerometer; autoplay; clipboard-write; encrypted-media; gyroscope; picture-in-picture; web-share\" referrerpolicy=\"strict-origin-when-cross-origin\" allowfullscreen><\/iframe><\/p>\n","protected":false},"excerpt":{"rendered":"<p>Gel\u00ea bajar\u00ea Qami\u015flo Bi Meras\u00eemeke Girsey\u00ee \u015eeh\u00eed Herdem \u00c7iya Oxir Kirin Meras\u00eema oxir kirina \u015eeh\u00eed Herdem \u00c7iya bi deqeyek r\u00eazgirtina ji bo b\u00eeran\u00eena \u015feh\u00eedan hate dest p\u00ea kirin. Di meras\u00eem\u00ea de bi nav\u00ea saziya malbat\u00ean \u015feh\u00eedan Bav\u00ea \u015eeh\u00eed Omer EbdilKerim sersax\u00ee ji malbata \u015feh\u00eed re xwest \u00fb got: &#8220;Hem\u00fb serkeftin\u00ean me p\u00ea\u015f xist\u00eeye bi saya [&hellip;]<\/p>\n","protected":false},"author":1,"featured_media":17241,"comment_status":"open","ping_status":"closed","sticky":false,"template":"","format":"standard","meta":{"footnotes":""},"categories":[41,38,40],"tags":[],"class_list":{"0":"post-17240","1":"post","2":"type-post","3":"status-publish","4":"format-standard","5":"has-post-thumbnail","7":"category-dimen","8":"category-nuce","9":"category-wene"},"_links":{"self":[{"href":"https:\/\/ypjrojava.net\/index.php?rest_route=\/wp\/v2\/posts\/17240","targetHints":{"allow":["GET"]}}],"collection":[{"href":"https:\/\/ypjrojava.net\/index.php?rest_route=\/wp\/v2\/posts"}],"about":[{"href":"https:\/\/ypjrojava.net\/index.php?rest_route=\/wp\/v2\/types\/post"}],"author":[{"embeddable":true,"href":"https:\/\/ypjrojava.net\/index.php?rest_route=\/wp\/v2\/users\/1"}],"replies":[{"embeddable":true,"href":"https:\/\/ypjrojava.net\/index.php?rest_route=%2Fwp%2Fv2%2Fcomments&post=17240"}],"version-history":[{"count":1,"href":"https:\/\/ypjrojava.net\/index.php?rest_route=\/wp\/v2\/posts\/17240\/revisions"}],"predecessor-version":[{"id":17243,"href":"https:\/\/ypjrojava.net\/index.php?rest_route=\/wp\/v2\/posts\/17240\/revisions\/17243"}],"wp:featuredmedia":[{"embeddable":true,"href":"https:\/\/ypjrojava.net\/index.php?rest_route=\/wp\/v2\/media\/17241"}],"wp:attachment":[{"href":"https:\/\/ypjrojava.net\/index.php?rest_route=%2Fwp%2Fv2%2Fmedia&parent=17240"}],"wp:term":[{"taxonomy":"category","embeddable":true,"href":"https:\/\/ypjrojava.net\/index.php?rest_route=%2Fwp%2Fv2%2Fcategories&post=17240"},{"taxonomy":"post_tag","embeddable":true,"href":"https:\/\/ypjrojava.net\/index.php?rest_route=%2Fwp%2Fv2%2Ftags&post=17240"}],"curies":[{"name":"wp","href":"https:\/\/api.w.org\/{rel}","templated":true}]}}