{"id":17256,"date":"2023-11-12T21:32:57","date_gmt":"2023-11-12T21:32:57","guid":{"rendered":"https:\/\/ypjrojava.net\/?p=17256"},"modified":"2023-11-13T10:00:13","modified_gmt":"2023-11-13T10:00:13","slug":"ji-gele-me-u-raya-gisti-re-19","status":"publish","type":"post","link":"https:\/\/ypjrojava.net\/?p=17256","title":{"rendered":"Ji Gel\u00ea Me \u00db Raya Gi\u015ft\u00ee Re,"},"content":{"rendered":"<p><strong>Ji Gel\u00ea Me \u00db Raya Gi\u015ft\u00ee Re,<\/strong><\/p>\n<p>T\u00eako\u015f\u00een \u00fb berxwedaniya gel\u00ea me ya ku ji bo parastin \u00fb may\u00eendekirina \u015fore\u015f\u00ea her roj ge\u015ftir dibe. Gel\u00ea me y\u00ea ku ji bo her bihosteke axa welat berd\u00eal\u00ean giranbuha dide, bi dilek\u00ee w\u00earek zarok\u00ean xwe ber bi ref\u00ean \u015fore\u015f\u00ea ve dikin r\u00eaw\u00ee. Bi taybet j\u00ee gel\u00ea me y\u00ea Efr\u00een\u00ea, ruxm\u00ee dagirkeriya dewleta Tirk j\u00ee tucar dest ji kelecana xwe ye \u015fore\u015f\u00ea bernadin \u00fb li hember\u00ee her cur\u00ea pol\u00eet\u00eekay\u00ean qirkirin\u00ea sozdariya xwe ye bi azad\u00ee \u00fb serxweb\u00fbna welat re bilind dikin.<\/p>\n<p>Hevr\u00ea ya me Yasm\u00een \u00cebrah\u00eem bi nasnav Ava\u015f\u00een Zinar li bajar\u00ea Efr\u00een\u00ea di nava malbateke xwed\u00ee nirx\u00ean welatperweriy\u00ea de mezin dibe. Ev taybetmediya diyarker a malbat\u00ea di l\u00eager\u00een \u00fb hilbijartin\u00ean jiyana hevr\u00ea Ava\u015f\u00een de roleke diyarker diley\u00eeze. Hevr\u00ea Ava\u015f\u00een h\u00een di zarokatiya xwe de bi l\u00eager\u00een\u00ean jiyaneke azad mezin dibe. \u00c7\u00eerok\u00ean \u015fore\u015fger\u00ean welat ji bo hevr\u00ea Ava\u015f\u00een dibe bersiva pirsa \u201c\u00c7awa Bij\u00een?\u201d. Bi \u015eore\u015f\u00ea re weke jineke ciwan heb\u00fbna di nava ref\u00ean YPJ\u2019\u00ea de dib\u00eene \u00fb biryara be\u015fdariya nava ref\u00ean azadiy\u00ea dide.<\/p>\n<p>Biryardariya bilind a hevr\u00ea Ava\u015f\u00een di nava ref\u00ean t\u00eako\u015f\u00een\u00ea de di her k\u00ealiya jiyan\u00ea de xwe ditey\u00eesand. Hevr\u00ea Ava\u015f\u00een bi gir\u00eadan, dilsoz\u00ee \u00fb baweriyeke mezin xwe di xeta azadiya jin\u00ea de perwerde kirin\u00ea esas girt. Li ser v\u00ea bingeh\u00ea hevr\u00ea Ava\u015f\u00een gav\u00ean xwe y\u00ean di nava ref\u00ean azadiy\u00ea de ji bo avakirina pergaleke demokrat\u00eek \u00fb azad bi fedakariyeke b\u00ea hempa av\u00eat. Bi kesayeta xwe ya w\u00earek hem\u00fb erk \u00fb berpirsiyartiy\u00ean ku \u015fore\u015f\u00ea dan ser mil\u00ean w\u00ea, \u00a0b\u00ea ku yek k\u00eal\u00ee j\u00ee dudil\u00ee jiyan bike p\u00eak an\u00een. Bi sekna xwe ye m\u00eenak b\u00fb yek ji \u015fore\u015fger\u00ean ku w\u00ea d\u00eerok tu car nav\u00ea w\u00ea ji b\u00eer neke.<\/p>\n<p>Hevr\u00ea ya me Ava\u015f\u00een di d\u00eeroka 27\u2019\u00ea Cotmeh\u00ea de dema ku li ser erka xwe b\u00fb, di encama qezayeke de tevl\u00ee karwan\u00ean nemiran b\u00fb. Em di ser\u00ee de ji malbata h\u00eaja \u00fb qedir bilind a hevr\u00eaya xwe Ava\u015f\u00een \u00fb tevahiya gel\u00ea xwe y\u00ea welatpar\u00eaz re sersaxiy\u00ea dixwazin. Gir\u00eadana me ya bi \u015feh\u00eedan \u00e7avkaniya esas\u00ee ya felsefeya me ye jiyan\u00ea ye. \u015eeh\u00eed\u00ean me di t\u00eako\u015f\u00eena jiyana azad de me\u015faley\u00ean ku r\u00eaya me ron\u00ee dikin in. Ji bo w\u00ea j\u00ee em\u00ea hem\u00fb xeyal\u00ean hevr\u00eay\u00ean xwe y\u00ean \u015feh\u00eed p\u00eak b\u00eenin \u00fb di \u015fexs\u00ea hevr\u00ea Ava\u015f\u00een de bibin \u015fopdar\u00ean doza tevah\u00ee \u015feh\u00eed\u00ean azadiya gelan.<\/p>\n<p><strong>Nasnameya Hevr\u00eaya me wiha ye: <\/strong><\/p>\n<p><strong> <img loading=\"lazy\" decoding=\"async\" class=\"alignnone size-medium wp-image-17257\" src=\"https:\/\/ypjrojava.net\/wp-content\/uploads\/2023\/11\/sehid-avasin-zinar-sicil-224x300.jpg\" alt=\"\" width=\"224\" height=\"300\" srcset=\"https:\/\/ypjrojava.net\/wp-content\/uploads\/2023\/11\/sehid-avasin-zinar-sicil-224x300.jpg 224w, https:\/\/ypjrojava.net\/wp-content\/uploads\/2023\/11\/sehid-avasin-zinar-sicil-766x1024.jpg 766w, https:\/\/ypjrojava.net\/wp-content\/uploads\/2023\/11\/sehid-avasin-zinar-sicil-768x1027.jpg 768w, https:\/\/ypjrojava.net\/wp-content\/uploads\/2023\/11\/sehid-avasin-zinar-sicil.jpg 849w\" sizes=\"auto, (max-width: 224px) 100vw, 224px\" \/><\/strong><\/p>\n<p>Nasnav: Ava\u015f\u00een Zinar<\/p>\n<p>Nav \u00fb Pa\u015fnav:\u00a0Yasm\u00een \u00cebrah\u00eem<\/p>\n<p>Nav\u00ea day\u00eek: Mewlude<\/p>\n<p>Nav\u00ea bav: Welat<\/p>\n<p>Cih \u00fb D\u00eeroka \u015eehadet\u00ea: \u015eedad\u00ea -27.10.2023<\/p>\n<p>&nbsp;<\/p>\n<p><strong>Fermandariya Gi\u015ft\u00ee a YPJ\u2019\u00ea <\/strong><\/p>\n<p><strong>13-11-2023<\/strong><\/p>\n<p><img loading=\"lazy\" decoding=\"async\" class=\"alignnone size-medium wp-image-17258\" src=\"https:\/\/ypjrojava.net\/wp-content\/uploads\/2023\/11\/sehid-avasin-zinar2-300x169.jpg\" alt=\"\" width=\"300\" height=\"169\" srcset=\"https:\/\/ypjrojava.net\/wp-content\/uploads\/2023\/11\/sehid-avasin-zinar2-300x169.jpg 300w, https:\/\/ypjrojava.net\/wp-content\/uploads\/2023\/11\/sehid-avasin-zinar2-1024x576.jpg 1024w, https:\/\/ypjrojava.net\/wp-content\/uploads\/2023\/11\/sehid-avasin-zinar2-768x432.jpg 768w, https:\/\/ypjrojava.net\/wp-content\/uploads\/2023\/11\/sehid-avasin-zinar2-1536x864.jpg 1536w, https:\/\/ypjrojava.net\/wp-content\/uploads\/2023\/11\/sehid-avasin-zinar2-390x220.jpg 390w, https:\/\/ypjrojava.net\/wp-content\/uploads\/2023\/11\/sehid-avasin-zinar2.jpg 1920w\" sizes=\"auto, (max-width: 300px) 100vw, 300px\" \/><img loading=\"lazy\" decoding=\"async\" class=\"alignnone size-medium wp-image-17261\" src=\"https:\/\/ypjrojava.net\/wp-content\/uploads\/2023\/11\/sehid-avasin-zinartiff-300x162.jpg\" alt=\"\" width=\"300\" height=\"162\" srcset=\"https:\/\/ypjrojava.net\/wp-content\/uploads\/2023\/11\/sehid-avasin-zinartiff-300x162.jpg 300w, https:\/\/ypjrojava.net\/wp-content\/uploads\/2023\/11\/sehid-avasin-zinartiff-1024x554.jpg 1024w, https:\/\/ypjrojava.net\/wp-content\/uploads\/2023\/11\/sehid-avasin-zinartiff-768x415.jpg 768w, https:\/\/ypjrojava.net\/wp-content\/uploads\/2023\/11\/sehid-avasin-zinartiff-1536x830.jpg 1536w, https:\/\/ypjrojava.net\/wp-content\/uploads\/2023\/11\/sehid-avasin-zinartiff.jpg 1998w\" sizes=\"auto, (max-width: 300px) 100vw, 300px\" \/><\/p>\n<p>&nbsp;<\/p>\n","protected":false},"excerpt":{"rendered":"<p>Ji Gel\u00ea Me \u00db Raya Gi\u015ft\u00ee Re, T\u00eako\u015f\u00een \u00fb berxwedaniya gel\u00ea me ya ku ji bo parastin \u00fb may\u00eendekirina \u015fore\u015f\u00ea her roj ge\u015ftir dibe. Gel\u00ea me y\u00ea ku ji bo her bihosteke axa welat berd\u00eal\u00ean giranbuha dide, bi dilek\u00ee w\u00earek zarok\u00ean xwe ber bi ref\u00ean \u015fore\u015f\u00ea ve dikin r\u00eaw\u00ee. Bi taybet j\u00ee gel\u00ea me y\u00ea [&hellip;]<\/p>\n","protected":false},"author":1,"featured_media":17258,"comment_status":"open","ping_status":"closed","sticky":false,"template":"","format":"standard","meta":{"footnotes":""},"categories":[39,40],"tags":[],"class_list":{"0":"post-17256","1":"post","2":"type-post","3":"status-publish","4":"format-standard","5":"has-post-thumbnail","7":"category-daxuyani","8":"category-wene"},"_links":{"self":[{"href":"https:\/\/ypjrojava.net\/index.php?rest_route=\/wp\/v2\/posts\/17256","targetHints":{"allow":["GET"]}}],"collection":[{"href":"https:\/\/ypjrojava.net\/index.php?rest_route=\/wp\/v2\/posts"}],"about":[{"href":"https:\/\/ypjrojava.net\/index.php?rest_route=\/wp\/v2\/types\/post"}],"author":[{"embeddable":true,"href":"https:\/\/ypjrojava.net\/index.php?rest_route=\/wp\/v2\/users\/1"}],"replies":[{"embeddable":true,"href":"https:\/\/ypjrojava.net\/index.php?rest_route=%2Fwp%2Fv2%2Fcomments&post=17256"}],"version-history":[{"count":2,"href":"https:\/\/ypjrojava.net\/index.php?rest_route=\/wp\/v2\/posts\/17256\/revisions"}],"predecessor-version":[{"id":17262,"href":"https:\/\/ypjrojava.net\/index.php?rest_route=\/wp\/v2\/posts\/17256\/revisions\/17262"}],"wp:featuredmedia":[{"embeddable":true,"href":"https:\/\/ypjrojava.net\/index.php?rest_route=\/wp\/v2\/media\/17258"}],"wp:attachment":[{"href":"https:\/\/ypjrojava.net\/index.php?rest_route=%2Fwp%2Fv2%2Fmedia&parent=17256"}],"wp:term":[{"taxonomy":"category","embeddable":true,"href":"https:\/\/ypjrojava.net\/index.php?rest_route=%2Fwp%2Fv2%2Fcategories&post=17256"},{"taxonomy":"post_tag","embeddable":true,"href":"https:\/\/ypjrojava.net\/index.php?rest_route=%2Fwp%2Fv2%2Ftags&post=17256"}],"curies":[{"name":"wp","href":"https:\/\/api.w.org\/{rel}","templated":true}]}}