{"id":17289,"date":"2023-11-15T08:57:17","date_gmt":"2023-11-15T08:57:17","guid":{"rendered":"https:\/\/ypjrojava.net\/?p=17289"},"modified":"2023-11-15T08:57:59","modified_gmt":"2023-11-15T08:57:59","slug":"sehid-nucan-ocelan","status":"publish","type":"post","link":"https:\/\/ypjrojava.net\/?p=17289","title":{"rendered":"\u015eEH\u00ceD N\u00dbCAN OCELAN"},"content":{"rendered":"<p><strong><img loading=\"lazy\" decoding=\"async\" class=\"size-medium wp-image-16895 alignleft\" src=\"https:\/\/ypjrojava.net\/wp-content\/uploads\/2023\/09\/ala-siciw-224x300.png\" alt=\"\" width=\"224\" height=\"300\" srcset=\"https:\/\/ypjrojava.net\/wp-content\/uploads\/2023\/09\/ala-siciw-224x300.png 224w, https:\/\/ypjrojava.net\/wp-content\/uploads\/2023\/09\/ala-siciw-766x1024.png 766w, https:\/\/ypjrojava.net\/wp-content\/uploads\/2023\/09\/ala-siciw-768x1027.png 768w, https:\/\/ypjrojava.net\/wp-content\/uploads\/2023\/09\/ala-siciw-1149x1536.png 1149w, https:\/\/ypjrojava.net\/wp-content\/uploads\/2023\/09\/ala-siciw.png 1532w\" sizes=\"auto, (max-width: 224px) 100vw, 224px\" \/>Nasnav:<\/strong> N\u00fbcan Ocalan<\/p>\n<p><strong>Nav \u00fb Pa\u015fnav:<\/strong> \u015e\u00eelan Mihemed Ehmed<\/p>\n<p><strong>Nav\u00ea day\u00eek:<\/strong> S\u00eeham<\/p>\n<p><strong>Nav\u00ea bav:<\/strong> Mihemed<\/p>\n<p><strong>Cih \u00fb D\u00eeroka \u015eehadet\u00ea:<\/strong> Minbic &#8211; 15.09.2023<\/p>\n<p>&nbsp;<\/p>\n<p>&nbsp;<\/p>\n<p>&nbsp;<\/p>\n<p><img loading=\"lazy\" decoding=\"async\" class=\"alignnone size-medium wp-image-16897\" src=\"https:\/\/ypjrojava.net\/wp-content\/uploads\/2023\/09\/SEHIDEN-MINBICE-16-09-2023-300x213.png\" alt=\"\" width=\"300\" height=\"213\" srcset=\"https:\/\/ypjrojava.net\/wp-content\/uploads\/2023\/09\/SEHIDEN-MINBICE-16-09-2023-300x213.png 300w, https:\/\/ypjrojava.net\/wp-content\/uploads\/2023\/09\/SEHIDEN-MINBICE-16-09-2023-1024x728.png 1024w, https:\/\/ypjrojava.net\/wp-content\/uploads\/2023\/09\/SEHIDEN-MINBICE-16-09-2023-768x546.png 768w, https:\/\/ypjrojava.net\/wp-content\/uploads\/2023\/09\/SEHIDEN-MINBICE-16-09-2023-1536x1092.png 1536w, https:\/\/ypjrojava.net\/wp-content\/uploads\/2023\/09\/SEHIDEN-MINBICE-16-09-2023-2048x1455.png 2048w\" sizes=\"auto, (max-width: 300px) 100vw, 300px\" \/><img loading=\"lazy\" decoding=\"async\" class=\"alignnone size-medium wp-image-16896\" src=\"https:\/\/ypjrojava.net\/wp-content\/uploads\/2023\/09\/SEHIDEN-MINBICE-300x193.png\" alt=\"\" width=\"300\" height=\"193\" srcset=\"https:\/\/ypjrojava.net\/wp-content\/uploads\/2023\/09\/SEHIDEN-MINBICE-300x193.png 300w, https:\/\/ypjrojava.net\/wp-content\/uploads\/2023\/09\/SEHIDEN-MINBICE-1024x659.png 1024w, https:\/\/ypjrojava.net\/wp-content\/uploads\/2023\/09\/SEHIDEN-MINBICE-768x494.png 768w, https:\/\/ypjrojava.net\/wp-content\/uploads\/2023\/09\/SEHIDEN-MINBICE-1536x988.png 1536w, https:\/\/ypjrojava.net\/wp-content\/uploads\/2023\/09\/SEHIDEN-MINBICE-2048x1317.png 2048w\" sizes=\"auto, (max-width: 300px) 100vw, 300px\" \/><\/p>\n<p>&nbsp;<\/p>\n","protected":false},"excerpt":{"rendered":"<p>Nasnav: N\u00fbcan Ocalan Nav \u00fb Pa\u015fnav: \u015e\u00eelan Mihemed Ehmed Nav\u00ea day\u00eek: S\u00eeham Nav\u00ea bav: Mihemed Cih \u00fb D\u00eeroka \u015eehadet\u00ea: Minbic &#8211; 15.09.2023 &nbsp; &nbsp; &nbsp; &nbsp;<\/p>\n","protected":false},"author":1,"featured_media":17290,"comment_status":"open","ping_status":"closed","sticky":false,"template":"","format":"standard","meta":{"footnotes":""},"categories":[68,50],"tags":[],"class_list":{"0":"post-17289","1":"post","2":"type-post","3":"status-publish","4":"format-standard","5":"has-post-thumbnail","7":"category-68","8":"category-sahid"},"_links":{"self":[{"href":"https:\/\/ypjrojava.net\/index.php?rest_route=\/wp\/v2\/posts\/17289","targetHints":{"allow":["GET"]}}],"collection":[{"href":"https:\/\/ypjrojava.net\/index.php?rest_route=\/wp\/v2\/posts"}],"about":[{"href":"https:\/\/ypjrojava.net\/index.php?rest_route=\/wp\/v2\/types\/post"}],"author":[{"embeddable":true,"href":"https:\/\/ypjrojava.net\/index.php?rest_route=\/wp\/v2\/users\/1"}],"replies":[{"embeddable":true,"href":"https:\/\/ypjrojava.net\/index.php?rest_route=%2Fwp%2Fv2%2Fcomments&post=17289"}],"version-history":[{"count":2,"href":"https:\/\/ypjrojava.net\/index.php?rest_route=\/wp\/v2\/posts\/17289\/revisions"}],"predecessor-version":[{"id":17292,"href":"https:\/\/ypjrojava.net\/index.php?rest_route=\/wp\/v2\/posts\/17289\/revisions\/17292"}],"wp:featuredmedia":[{"embeddable":true,"href":"https:\/\/ypjrojava.net\/index.php?rest_route=\/wp\/v2\/media\/17290"}],"wp:attachment":[{"href":"https:\/\/ypjrojava.net\/index.php?rest_route=%2Fwp%2Fv2%2Fmedia&parent=17289"}],"wp:term":[{"taxonomy":"category","embeddable":true,"href":"https:\/\/ypjrojava.net\/index.php?rest_route=%2Fwp%2Fv2%2Fcategories&post=17289"},{"taxonomy":"post_tag","embeddable":true,"href":"https:\/\/ypjrojava.net\/index.php?rest_route=%2Fwp%2Fv2%2Ftags&post=17289"}],"curies":[{"name":"wp","href":"https:\/\/api.w.org\/{rel}","templated":true}]}}