{"id":17312,"date":"2023-11-16T19:03:28","date_gmt":"2023-11-16T19:03:28","guid":{"rendered":"https:\/\/ypjrojava.net\/?p=17312"},"modified":"2023-11-16T19:03:28","modified_gmt":"2023-11-16T19:03:28","slug":"seniyen-bajare-qamislo-sehiden-meha-mijdare-bibiranin","status":"publish","type":"post","link":"https:\/\/ypjrojava.net\/?p=17312","title":{"rendered":"\u015e\u00eaniy\u00ean Bajar\u00ea Qami\u015flo \u015eeh\u00eed\u00ean Meha Mijdar\u00ea Bib\u00eeran\u00een"},"content":{"rendered":"<p><strong>\u015e\u00eaniy\u00ean Bajar\u00ea Qami\u015flo \u015eeh\u00eed\u00ean Meha Mijdar\u00ea Bib\u00eeran\u00een<\/strong><\/p>\n<p>\u015e\u00eaniy\u00ean bajar\u00ea Qami\u015flo 98 \u015feh\u00eed\u00ean meha Mijdar\u00ea li Pakrewangeha \u015eeh\u00eed Del\u00eel Sar\u00fbxan bi b\u00eer an\u00een.<br \/>\nMeras\u00eema b\u00eeran\u00eena \u015feh\u00eedan bi amadeb\u00fbna gel, saz\u00ee \u00fb mecl\u00ees\u00ean siv\u00eel \u00fb le\u015fker\u00ee bi deqeyeke r\u00eazgirtina ji bo giyan\u00ea pak\u00ea y\u00ea \u015feh\u00eed\u00ean qehreman hate destp\u00ea kirin.<br \/>\nLi ser nav\u00ea Mecl\u00eesa Partiya Yek\u00eetiya Demokrat\u00eek Ekrem Mihemed axaftinek kir \u00fb wiha got: \u201cEm di v\u00ea roja p\u00eeroz de \u015feh\u00eed\u00ean xwe y\u00ean qehreman \u00ean ku ji bo v\u00ee welat\u00ee can\u00ea xwe feda kirine bi b\u00eer t\u00eenin. Em ji hem\u00fb malbat\u00ean \u015feh\u00eedan re sersaxiy\u00ea dixwazin. Em\u00ea her dem li ser \u015fopa \u015feh\u00eed\u00ean xwe bime\u015fin.&#8221;<\/p>\n<p><strong>Navenda Ragihandina YPJ\u2019\u00ea<\/strong><\/p>\n<p><img loading=\"lazy\" decoding=\"async\" class=\"alignnone size-medium wp-image-17313\" src=\"https:\/\/ypjrojava.net\/wp-content\/uploads\/2023\/11\/SEHIDEN-QAMISLO-HATIN-BI-BIRANIN-16.11.2023-FOTO-7-300x200.jpeg\" alt=\"\" width=\"300\" height=\"200\" srcset=\"https:\/\/ypjrojava.net\/wp-content\/uploads\/2023\/11\/SEHIDEN-QAMISLO-HATIN-BI-BIRANIN-16.11.2023-FOTO-7-300x200.jpeg 300w, https:\/\/ypjrojava.net\/wp-content\/uploads\/2023\/11\/SEHIDEN-QAMISLO-HATIN-BI-BIRANIN-16.11.2023-FOTO-7-768x512.jpeg 768w, https:\/\/ypjrojava.net\/wp-content\/uploads\/2023\/11\/SEHIDEN-QAMISLO-HATIN-BI-BIRANIN-16.11.2023-FOTO-7.jpeg 1024w\" sizes=\"auto, (max-width: 300px) 100vw, 300px\" \/> <img loading=\"lazy\" decoding=\"async\" class=\"alignnone size-medium wp-image-17314\" src=\"https:\/\/ypjrojava.net\/wp-content\/uploads\/2023\/11\/SEHIDEN-QAMISLO-HATIN-BI-BIRANIN-16.11.2023-FOTO-8-300x200.jpeg\" alt=\"\" width=\"300\" height=\"200\" srcset=\"https:\/\/ypjrojava.net\/wp-content\/uploads\/2023\/11\/SEHIDEN-QAMISLO-HATIN-BI-BIRANIN-16.11.2023-FOTO-8-300x200.jpeg 300w, https:\/\/ypjrojava.net\/wp-content\/uploads\/2023\/11\/SEHIDEN-QAMISLO-HATIN-BI-BIRANIN-16.11.2023-FOTO-8-768x512.jpeg 768w, https:\/\/ypjrojava.net\/wp-content\/uploads\/2023\/11\/SEHIDEN-QAMISLO-HATIN-BI-BIRANIN-16.11.2023-FOTO-8.jpeg 1024w\" sizes=\"auto, (max-width: 300px) 100vw, 300px\" \/> <img loading=\"lazy\" decoding=\"async\" class=\"alignnone size-medium wp-image-17315\" src=\"https:\/\/ypjrojava.net\/wp-content\/uploads\/2023\/11\/SEHIDEN-QAMISLO-HATIN-BI-BIRANIN-16.11.2023-FOTO5-300x200.jpeg\" alt=\"\" width=\"300\" height=\"200\" srcset=\"https:\/\/ypjrojava.net\/wp-content\/uploads\/2023\/11\/SEHIDEN-QAMISLO-HATIN-BI-BIRANIN-16.11.2023-FOTO5-300x200.jpeg 300w, https:\/\/ypjrojava.net\/wp-content\/uploads\/2023\/11\/SEHIDEN-QAMISLO-HATIN-BI-BIRANIN-16.11.2023-FOTO5-768x512.jpeg 768w, https:\/\/ypjrojava.net\/wp-content\/uploads\/2023\/11\/SEHIDEN-QAMISLO-HATIN-BI-BIRANIN-16.11.2023-FOTO5.jpeg 1024w\" sizes=\"auto, (max-width: 300px) 100vw, 300px\" \/> <img loading=\"lazy\" decoding=\"async\" class=\"alignnone size-medium wp-image-17316\" src=\"https:\/\/ypjrojava.net\/wp-content\/uploads\/2023\/11\/SEHIDEN-QAMISLO-HATIN-BI-BIRANIN-16.11.2023-FOTO3-10-300x200.jpeg\" alt=\"\" width=\"300\" height=\"200\" srcset=\"https:\/\/ypjrojava.net\/wp-content\/uploads\/2023\/11\/SEHIDEN-QAMISLO-HATIN-BI-BIRANIN-16.11.2023-FOTO3-10-300x200.jpeg 300w, https:\/\/ypjrojava.net\/wp-content\/uploads\/2023\/11\/SEHIDEN-QAMISLO-HATIN-BI-BIRANIN-16.11.2023-FOTO3-10-768x512.jpeg 768w, https:\/\/ypjrojava.net\/wp-content\/uploads\/2023\/11\/SEHIDEN-QAMISLO-HATIN-BI-BIRANIN-16.11.2023-FOTO3-10.jpeg 1024w\" sizes=\"auto, (max-width: 300px) 100vw, 300px\" \/><\/p>\n","protected":false},"excerpt":{"rendered":"<p>\u015e\u00eaniy\u00ean Bajar\u00ea Qami\u015flo \u015eeh\u00eed\u00ean Meha Mijdar\u00ea Bib\u00eeran\u00een \u015e\u00eaniy\u00ean bajar\u00ea Qami\u015flo 98 \u015feh\u00eed\u00ean meha Mijdar\u00ea li Pakrewangeha \u015eeh\u00eed Del\u00eel Sar\u00fbxan bi b\u00eer an\u00een. Meras\u00eema b\u00eeran\u00eena \u015feh\u00eedan bi amadeb\u00fbna gel, saz\u00ee \u00fb mecl\u00ees\u00ean siv\u00eel \u00fb le\u015fker\u00ee bi deqeyeke r\u00eazgirtina ji bo giyan\u00ea pak\u00ea y\u00ea \u015feh\u00eed\u00ean qehreman hate destp\u00ea kirin. Li ser nav\u00ea Mecl\u00eesa Partiya Yek\u00eetiya Demokrat\u00eek Ekrem [&hellip;]<\/p>\n","protected":false},"author":1,"featured_media":17313,"comment_status":"open","ping_status":"closed","sticky":false,"template":"","format":"standard","meta":{"footnotes":""},"categories":[38,40],"tags":[],"class_list":{"0":"post-17312","1":"post","2":"type-post","3":"status-publish","4":"format-standard","5":"has-post-thumbnail","7":"category-nuce","8":"category-wene"},"_links":{"self":[{"href":"https:\/\/ypjrojava.net\/index.php?rest_route=\/wp\/v2\/posts\/17312","targetHints":{"allow":["GET"]}}],"collection":[{"href":"https:\/\/ypjrojava.net\/index.php?rest_route=\/wp\/v2\/posts"}],"about":[{"href":"https:\/\/ypjrojava.net\/index.php?rest_route=\/wp\/v2\/types\/post"}],"author":[{"embeddable":true,"href":"https:\/\/ypjrojava.net\/index.php?rest_route=\/wp\/v2\/users\/1"}],"replies":[{"embeddable":true,"href":"https:\/\/ypjrojava.net\/index.php?rest_route=%2Fwp%2Fv2%2Fcomments&post=17312"}],"version-history":[{"count":1,"href":"https:\/\/ypjrojava.net\/index.php?rest_route=\/wp\/v2\/posts\/17312\/revisions"}],"predecessor-version":[{"id":17320,"href":"https:\/\/ypjrojava.net\/index.php?rest_route=\/wp\/v2\/posts\/17312\/revisions\/17320"}],"wp:featuredmedia":[{"embeddable":true,"href":"https:\/\/ypjrojava.net\/index.php?rest_route=\/wp\/v2\/media\/17313"}],"wp:attachment":[{"href":"https:\/\/ypjrojava.net\/index.php?rest_route=%2Fwp%2Fv2%2Fmedia&parent=17312"}],"wp:term":[{"taxonomy":"category","embeddable":true,"href":"https:\/\/ypjrojava.net\/index.php?rest_route=%2Fwp%2Fv2%2Fcategories&post=17312"},{"taxonomy":"post_tag","embeddable":true,"href":"https:\/\/ypjrojava.net\/index.php?rest_route=%2Fwp%2Fv2%2Ftags&post=17312"}],"curies":[{"name":"wp","href":"https:\/\/api.w.org\/{rel}","templated":true}]}}