{"id":1735,"date":"2019-04-02T09:28:52","date_gmt":"2019-04-02T09:28:52","guid":{"rendered":"http:\/\/ypjrojava.org\/blog43\/?p=1735"},"modified":"2022-06-18T09:34:41","modified_gmt":"2022-06-18T09:34:41","slug":"siyadem-amine-ozbahcivan","status":"publish","type":"post","link":"https:\/\/ypjrojava.net\/?p=1735","title":{"rendered":"SIYADEM FARA\u015e\u00ceN  &#8211; EM\u00ceNE \u00d6ZBAH\u00c7IVAN"},"content":{"rendered":"<p style=\"text-align: left;\"><strong><img loading=\"lazy\" decoding=\"async\" class=\"size-medium wp-image-13238 alignleft\" src=\"https:\/\/ypjrojava.net\/wp-content\/uploads\/2019\/04\/SIYADEM-FARASIN-AMINE-OZBAHCIVAN-215x300.jpg\" alt=\"\" width=\"215\" height=\"300\" srcset=\"https:\/\/ypjrojava.net\/wp-content\/uploads\/2019\/04\/SIYADEM-FARASIN-AMINE-OZBAHCIVAN-215x300.jpg 215w, https:\/\/ypjrojava.net\/wp-content\/uploads\/2019\/04\/SIYADEM-FARASIN-AMINE-OZBAHCIVAN-733x1024.jpg 733w, https:\/\/ypjrojava.net\/wp-content\/uploads\/2019\/04\/SIYADEM-FARASIN-AMINE-OZBAHCIVAN.jpg 751w\" sizes=\"auto, (max-width: 215px) 100vw, 215px\" \/>Nav \u00fb Pa\u015fnav:<\/strong> S\u0130YADEM FARA\u015e\u00ceN<br \/>\n<strong>Nav\u00ea Rast \u00fb Pa\u015fnav:<\/strong> EM\u00ceNE \u00d6ZBAH\u00c7IVAN<br \/>\n<strong>Nav\u00ea Dayik:<\/strong> HAYAT<br \/>\n<strong>Nav\u00ea Bav:<\/strong> NEVZAT<br \/>\n<strong>Cih \u00fb D\u00eeroka \u015eehadet\u00ea:<\/strong> 13.01.2015\/KOBAN\u00ca<\/p>\n<p>&nbsp;<\/p>\n<p>&nbsp;<\/p>\n<p>&nbsp;<\/p>\n<p>&nbsp;<\/p>\n<p>&nbsp;<\/p>\n<p>&nbsp;<\/p>\n<p><img loading=\"lazy\" decoding=\"async\" class=\"alignnone size-medium wp-image-13239\" src=\"https:\/\/ypjrojava.net\/wp-content\/uploads\/2019\/04\/DSC_0143-1-201x300.jpg\" alt=\"\" width=\"201\" height=\"300\" srcset=\"https:\/\/ypjrojava.net\/wp-content\/uploads\/2019\/04\/DSC_0143-1-201x300.jpg 201w, https:\/\/ypjrojava.net\/wp-content\/uploads\/2019\/04\/DSC_0143-1-685x1024.jpg 685w, https:\/\/ypjrojava.net\/wp-content\/uploads\/2019\/04\/DSC_0143-1-768x1147.jpg 768w, https:\/\/ypjrojava.net\/wp-content\/uploads\/2019\/04\/DSC_0143-1-1028x1536.jpg 1028w, https:\/\/ypjrojava.net\/wp-content\/uploads\/2019\/04\/DSC_0143-1-1371x2048.jpg 1371w, https:\/\/ypjrojava.net\/wp-content\/uploads\/2019\/04\/DSC_0143-1-scaled.jpg 1714w\" sizes=\"auto, (max-width: 201px) 100vw, 201px\" \/><\/p>\n<p>&nbsp;<\/p>\n<p>&nbsp;<\/p>\n","protected":false},"excerpt":{"rendered":"<p>Nav \u00fb Pa\u015fnav: S\u0130YADEM FARA\u015e\u00ceN Nav\u00ea Rast \u00fb Pa\u015fnav: EM\u00ceNE \u00d6ZBAH\u00c7IVAN Nav\u00ea Dayik: HAYAT Nav\u00ea Bav: NEVZAT Cih \u00fb D\u00eeroka \u015eehadet\u00ea: 13.01.2015\/KOBAN\u00ca &nbsp; &nbsp; &nbsp; &nbsp; &nbsp; &nbsp; &nbsp; &nbsp;<\/p>\n","protected":false},"author":1,"featured_media":13238,"comment_status":"closed","ping_status":"closed","sticky":false,"template":"","format":"standard","meta":{"footnotes":""},"categories":[53,50],"tags":[],"class_list":{"0":"post-1735","1":"post","2":"type-post","3":"status-publish","4":"format-standard","5":"has-post-thumbnail","7":"category-53","8":"category-sahid"},"_links":{"self":[{"href":"https:\/\/ypjrojava.net\/index.php?rest_route=\/wp\/v2\/posts\/1735","targetHints":{"allow":["GET"]}}],"collection":[{"href":"https:\/\/ypjrojava.net\/index.php?rest_route=\/wp\/v2\/posts"}],"about":[{"href":"https:\/\/ypjrojava.net\/index.php?rest_route=\/wp\/v2\/types\/post"}],"author":[{"embeddable":true,"href":"https:\/\/ypjrojava.net\/index.php?rest_route=\/wp\/v2\/users\/1"}],"replies":[{"embeddable":true,"href":"https:\/\/ypjrojava.net\/index.php?rest_route=%2Fwp%2Fv2%2Fcomments&post=1735"}],"version-history":[{"count":8,"href":"https:\/\/ypjrojava.net\/index.php?rest_route=\/wp\/v2\/posts\/1735\/revisions"}],"predecessor-version":[{"id":13241,"href":"https:\/\/ypjrojava.net\/index.php?rest_route=\/wp\/v2\/posts\/1735\/revisions\/13241"}],"wp:featuredmedia":[{"embeddable":true,"href":"https:\/\/ypjrojava.net\/index.php?rest_route=\/wp\/v2\/media\/13238"}],"wp:attachment":[{"href":"https:\/\/ypjrojava.net\/index.php?rest_route=%2Fwp%2Fv2%2Fmedia&parent=1735"}],"wp:term":[{"taxonomy":"category","embeddable":true,"href":"https:\/\/ypjrojava.net\/index.php?rest_route=%2Fwp%2Fv2%2Fcategories&post=1735"},{"taxonomy":"post_tag","embeddable":true,"href":"https:\/\/ypjrojava.net\/index.php?rest_route=%2Fwp%2Fv2%2Ftags&post=1735"}],"curies":[{"name":"wp","href":"https:\/\/api.w.org\/{rel}","templated":true}]}}