{"id":17378,"date":"2023-12-02T13:18:48","date_gmt":"2023-12-02T13:18:48","guid":{"rendered":"https:\/\/ypjrojava.net\/?p=17378"},"modified":"2023-12-02T13:18:48","modified_gmt":"2023-12-02T13:18:48","slug":"merasima-oxirkirina-sehid-naci-ziyad-el-serci","status":"publish","type":"post","link":"https:\/\/ypjrojava.net\/?p=17378","title":{"rendered":"Meras\u00eema Oxirkirina \u015eeh\u00eed Nac\u00ee Z\u00eeyad El \u015eerc\u00ee"},"content":{"rendered":"<p><strong>Meras\u00eema Oxirkirina \u015eeh\u00eed Nac\u00ee Z\u00eeyad El \u015eerc\u00ee<\/strong><\/p>\n<p>Gel\u00ea bajar\u00ea Qami\u015flo di \u015fem\u00eeya 2023\/12\/2 \u015eeh\u00eed Nac\u00ee Z\u00eeyad li Pakrewangeha Del\u00eel Saroxan oxir kirin<br \/>\nMeras\u00eema oxirkirin\u00ea bi deqeyek r\u00eazgirtin\u00ea li ser g\u00eeyana \u015eeh\u00eedan hate desp\u00eakirin.<br \/>\nBi Nav\u00ea Meclisa le\u015fger\u00ee \u00a0Nez\u00eer Sof\u00ee axiv\u00ee \u00fb wiha got : Em bi \u015fehadeta p\u00ea\u015feng\u00ean xwe sebilind in ,<br \/>\nEm ne a\u015fiq\u00ea \u015fer in l\u00ea em ji bo parastina Ax \u00fb gel\u00ea xwe \u015eer dikin<br \/>\nBi hezaran \u015eeh\u00eed xwe feda kirin da ku gel\u00ea wan bi ewle J\u00eeyan bike.<br \/>\nDi meras\u00eem\u00ea de bi nav\u00ea saziya malbat\u00ean \u015feh\u00eedan \u00cesam Ibrah\u00eem Bav\u00ea \u015eeh\u00eed Govend wiha got: \u015eeh\u00eed ew in y\u00ea ku me\u015faleya serkeftin\u00ea bilind kirine \u00fb tems\u00eela w\u00ea dikin<br \/>\nBi saya \u015eeh\u00eedan me li dij\u00ee mirin\u00ea ser\u00ee rakir<br \/>\nEm ji Malbata \u015eeh\u00eed Nac\u00ee re sersax\u00eey\u00ea dixwazin<br \/>\nWes\u00eeqa \u015eeh\u00eed hate xwendin \u00fb radest\u00ee malbat\u00ea hate kirin.<br \/>\nDi daw\u00ee de gel\u00ea Qami\u015flo \u00fb heval\u00ean \u015eeh\u00eed Nac\u00ee Z\u00eeyad w\u00ee ber bi b\u00ea daw\u00eeb\u00fbn\u00ea ve oxir kirin.<\/p>\n<p><strong>Navenda Ragihandina YPJ<\/strong><\/p>\n<p><img loading=\"lazy\" decoding=\"async\" class=\"alignnone size-medium wp-image-17380\" src=\"https:\/\/ypjrojava.net\/wp-content\/uploads\/2023\/12\/photo1701517736-300x200.jpeg\" alt=\"\" width=\"300\" height=\"200\" srcset=\"https:\/\/ypjrojava.net\/wp-content\/uploads\/2023\/12\/photo1701517736-300x200.jpeg 300w, https:\/\/ypjrojava.net\/wp-content\/uploads\/2023\/12\/photo1701517736-1024x682.jpeg 1024w, https:\/\/ypjrojava.net\/wp-content\/uploads\/2023\/12\/photo1701517736-768x512.jpeg 768w, https:\/\/ypjrojava.net\/wp-content\/uploads\/2023\/12\/photo1701517736.jpeg 1280w\" sizes=\"auto, (max-width: 300px) 100vw, 300px\" \/> <img loading=\"lazy\" decoding=\"async\" class=\"alignnone size-medium wp-image-17379\" src=\"https:\/\/ypjrojava.net\/wp-content\/uploads\/2023\/12\/photo1701517736-1-300x200.jpeg\" alt=\"\" width=\"300\" height=\"200\" srcset=\"https:\/\/ypjrojava.net\/wp-content\/uploads\/2023\/12\/photo1701517736-1-300x200.jpeg 300w, https:\/\/ypjrojava.net\/wp-content\/uploads\/2023\/12\/photo1701517736-1-1024x682.jpeg 1024w, https:\/\/ypjrojava.net\/wp-content\/uploads\/2023\/12\/photo1701517736-1-768x512.jpeg 768w, https:\/\/ypjrojava.net\/wp-content\/uploads\/2023\/12\/photo1701517736-1.jpeg 1280w\" sizes=\"auto, (max-width: 300px) 100vw, 300px\" \/><\/p>\n","protected":false},"excerpt":{"rendered":"<p>Meras\u00eema Oxirkirina \u015eeh\u00eed Nac\u00ee Z\u00eeyad El \u015eerc\u00ee Gel\u00ea bajar\u00ea Qami\u015flo di \u015fem\u00eeya 2023\/12\/2 \u015eeh\u00eed Nac\u00ee Z\u00eeyad li Pakrewangeha Del\u00eel Saroxan oxir kirin Meras\u00eema oxirkirin\u00ea bi deqeyek r\u00eazgirtin\u00ea li ser g\u00eeyana \u015eeh\u00eedan hate desp\u00eakirin. Bi Nav\u00ea Meclisa le\u015fger\u00ee \u00a0Nez\u00eer Sof\u00ee axiv\u00ee \u00fb wiha got : Em bi \u015fehadeta p\u00ea\u015feng\u00ean xwe sebilind in , Em ne a\u015fiq\u00ea [&hellip;]<\/p>\n","protected":false},"author":1,"featured_media":17380,"comment_status":"open","ping_status":"closed","sticky":false,"template":"","format":"standard","meta":{"footnotes":""},"categories":[41,38,40],"tags":[],"class_list":{"0":"post-17378","1":"post","2":"type-post","3":"status-publish","4":"format-standard","5":"has-post-thumbnail","7":"category-dimen","8":"category-nuce","9":"category-wene"},"_links":{"self":[{"href":"https:\/\/ypjrojava.net\/index.php?rest_route=\/wp\/v2\/posts\/17378","targetHints":{"allow":["GET"]}}],"collection":[{"href":"https:\/\/ypjrojava.net\/index.php?rest_route=\/wp\/v2\/posts"}],"about":[{"href":"https:\/\/ypjrojava.net\/index.php?rest_route=\/wp\/v2\/types\/post"}],"author":[{"embeddable":true,"href":"https:\/\/ypjrojava.net\/index.php?rest_route=\/wp\/v2\/users\/1"}],"replies":[{"embeddable":true,"href":"https:\/\/ypjrojava.net\/index.php?rest_route=%2Fwp%2Fv2%2Fcomments&post=17378"}],"version-history":[{"count":1,"href":"https:\/\/ypjrojava.net\/index.php?rest_route=\/wp\/v2\/posts\/17378\/revisions"}],"predecessor-version":[{"id":17381,"href":"https:\/\/ypjrojava.net\/index.php?rest_route=\/wp\/v2\/posts\/17378\/revisions\/17381"}],"wp:featuredmedia":[{"embeddable":true,"href":"https:\/\/ypjrojava.net\/index.php?rest_route=\/wp\/v2\/media\/17380"}],"wp:attachment":[{"href":"https:\/\/ypjrojava.net\/index.php?rest_route=%2Fwp%2Fv2%2Fmedia&parent=17378"}],"wp:term":[{"taxonomy":"category","embeddable":true,"href":"https:\/\/ypjrojava.net\/index.php?rest_route=%2Fwp%2Fv2%2Fcategories&post=17378"},{"taxonomy":"post_tag","embeddable":true,"href":"https:\/\/ypjrojava.net\/index.php?rest_route=%2Fwp%2Fv2%2Ftags&post=17378"}],"curies":[{"name":"wp","href":"https:\/\/api.w.org\/{rel}","templated":true}]}}