{"id":17392,"date":"2023-12-08T14:12:11","date_gmt":"2023-12-08T14:12:11","guid":{"rendered":"https:\/\/ypjrojava.net\/?p=17392"},"modified":"2023-12-08T14:53:19","modified_gmt":"2023-12-08T14:53:19","slug":"li-bajare-qamislo-fermandar-roni-welat-hate-oxir-kirin","status":"publish","type":"post","link":"https:\/\/ypjrojava.net\/?p=17392","title":{"rendered":"Li  bajar\u00ea Qami\u015flo Fermandar Ron\u00ee welat Hate oxir kirin"},"content":{"rendered":"<p><strong>Li bajar\u00ea Qami\u015flo Fermandar Ron\u00ee welat Hate oxir kirin<\/strong><\/p>\n<p>Bi hezaran Gel\u00ea Qami\u015flo sibeha \u00eena 2023.12.8 cenazey\u00ea Fermandar Ron\u00ee welat bi me\u015fek bi heybet li ser milan ber bi pakrewangeha del\u00eel Saroxan me\u015f\u00eeyan<\/p>\n<p>Meras\u00eema oxir kirina \u015eeh\u00eed Ron\u00ee welat bi deqeyek r\u00eazgirtin ji bo b\u00eeran\u00eena \u015eeh\u00eedan hate dest p\u00ea kirin<\/p>\n<p>Di meras\u00eem\u00ea de bi nav\u00ea saziya malbat\u00ean \u015feh\u00eedan Mas\u00fbm Hesen axiv\u00ee \u00fb got:&#8221;dewleta turk ya fa\u015f\u00eest nikare me bi hedef girtina Fermandar\u00ean me bi\u015fk\u00eene, Kes nikare Roja me tar\u00ee bike. Em\u00ea li ser \u015fopa \u015eeh\u00eed Ron\u00ee \u00fb R\u00ea heval\u00ean w\u00ee bin.&#8221;<\/p>\n<p>Di meras\u00eem\u00ea de bi nav\u00ea Meclisa le\u015fger\u00ee N\u00fbr\u00ee Mehm\u00fbd wiha got:&#8221; Em\u00ea\u00a0 daw\u00ee li wan b\u00eenin \u00fb y\u00ean ku hewil didin axa me dagir bikin dest\u00ean wan \u00ean qir\u00eaj j\u00ea bikin ,\u015eeh\u00eed Ron\u00ee ji bo v\u00ea ax\u00ea can\u00ea xwe feda kir. Tev\u00ee qir\u00eajah\u00eeya dijmin em ba\u015f dizanin \u00e7awa wan ba\u015f ve veki\u015f\u00eenin em wek xwe nam\u00eenin bi h\u00eaztir bibin \u00fb ruh\u00ea Tolhildan\u00ea di nav me de her ku di\u00e7e mezintir dibe<\/p>\n<p>Niha em xatir\u00ea xwe ji \u015feh\u00eed Ron\u00ee dixwazin ,y\u00ea ku bi hem\u00fb h\u00eaza xwe t\u00eako\u015f\u00eeya da ku hem\u00fb dever \u00fb p\u00eakhatey\u00ean xwe ewle bike.&#8221;<\/p>\n<p>Wes\u00eeqa \u015eeh\u00eed hat xwendin \u00fb radest\u00ee malbat\u00ea hate kirin.<\/p>\n<p>Di daw\u00ee de gel\u00ea Qami\u015flo \u00fb heval\u00ean \u015eeh\u00eed Ron\u00ee welat w\u00ee ber bi b\u00ea daw\u00eeb\u00fbn\u00ea ve oxir kirin.<\/p>\n<p><strong>Navenda Ragihandina YPJ<\/strong><\/p>\n<p><img loading=\"lazy\" decoding=\"async\" class=\"alignnone size-medium wp-image-17393\" src=\"https:\/\/ypjrojava.net\/wp-content\/uploads\/2023\/12\/photo1702043945-1-300x200.jpeg\" alt=\"\" width=\"300\" height=\"200\" srcset=\"https:\/\/ypjrojava.net\/wp-content\/uploads\/2023\/12\/photo1702043945-1-300x200.jpeg 300w, https:\/\/ypjrojava.net\/wp-content\/uploads\/2023\/12\/photo1702043945-1-1024x682.jpeg 1024w, https:\/\/ypjrojava.net\/wp-content\/uploads\/2023\/12\/photo1702043945-1-768x512.jpeg 768w, https:\/\/ypjrojava.net\/wp-content\/uploads\/2023\/12\/photo1702043945-1-1536x1024.jpeg 1536w, https:\/\/ypjrojava.net\/wp-content\/uploads\/2023\/12\/photo1702043945-1-2048x1365.jpeg 2048w\" sizes=\"auto, (max-width: 300px) 100vw, 300px\" \/> <img loading=\"lazy\" decoding=\"async\" class=\"alignnone size-medium wp-image-17394\" src=\"https:\/\/ypjrojava.net\/wp-content\/uploads\/2023\/12\/photo1702043946-5-300x200.jpeg\" alt=\"\" width=\"300\" height=\"200\" srcset=\"https:\/\/ypjrojava.net\/wp-content\/uploads\/2023\/12\/photo1702043946-5-300x200.jpeg 300w, https:\/\/ypjrojava.net\/wp-content\/uploads\/2023\/12\/photo1702043946-5-1024x682.jpeg 1024w, https:\/\/ypjrojava.net\/wp-content\/uploads\/2023\/12\/photo1702043946-5-768x512.jpeg 768w, https:\/\/ypjrojava.net\/wp-content\/uploads\/2023\/12\/photo1702043946-5-1536x1024.jpeg 1536w, https:\/\/ypjrojava.net\/wp-content\/uploads\/2023\/12\/photo1702043946-5-2048x1365.jpeg 2048w\" sizes=\"auto, (max-width: 300px) 100vw, 300px\" \/> <img loading=\"lazy\" decoding=\"async\" class=\"alignnone size-medium wp-image-17395\" src=\"https:\/\/ypjrojava.net\/wp-content\/uploads\/2023\/12\/photo1702043946-3-300x200.jpeg\" alt=\"\" width=\"300\" height=\"200\" srcset=\"https:\/\/ypjrojava.net\/wp-content\/uploads\/2023\/12\/photo1702043946-3-300x200.jpeg 300w, https:\/\/ypjrojava.net\/wp-content\/uploads\/2023\/12\/photo1702043946-3-1024x682.jpeg 1024w, https:\/\/ypjrojava.net\/wp-content\/uploads\/2023\/12\/photo1702043946-3-768x512.jpeg 768w, https:\/\/ypjrojava.net\/wp-content\/uploads\/2023\/12\/photo1702043946-3-1536x1024.jpeg 1536w, https:\/\/ypjrojava.net\/wp-content\/uploads\/2023\/12\/photo1702043946-3-2048x1365.jpeg 2048w\" sizes=\"auto, (max-width: 300px) 100vw, 300px\" \/> <img loading=\"lazy\" decoding=\"async\" class=\"alignnone size-medium wp-image-17396\" src=\"https:\/\/ypjrojava.net\/wp-content\/uploads\/2023\/12\/photo1702043964-2-300x200.jpeg\" alt=\"\" width=\"300\" height=\"200\" srcset=\"https:\/\/ypjrojava.net\/wp-content\/uploads\/2023\/12\/photo1702043964-2-300x200.jpeg 300w, https:\/\/ypjrojava.net\/wp-content\/uploads\/2023\/12\/photo1702043964-2-1024x682.jpeg 1024w, https:\/\/ypjrojava.net\/wp-content\/uploads\/2023\/12\/photo1702043964-2-768x512.jpeg 768w, https:\/\/ypjrojava.net\/wp-content\/uploads\/2023\/12\/photo1702043964-2-1536x1024.jpeg 1536w, https:\/\/ypjrojava.net\/wp-content\/uploads\/2023\/12\/photo1702043964-2-2048x1365.jpeg 2048w\" sizes=\"auto, (max-width: 300px) 100vw, 300px\" \/><\/p>\n<p><iframe loading=\"lazy\" title=\"Meras\u00eema Oxirkirina \u015eeh\u00eed Ron\u00ee Welat\" width=\"696\" height=\"392\" src=\"https:\/\/www.youtube.com\/embed\/nJXjtTsjYtc?feature=oembed\" frameborder=\"0\" allow=\"accelerometer; autoplay; clipboard-write; encrypted-media; gyroscope; picture-in-picture; web-share\" referrerpolicy=\"strict-origin-when-cross-origin\" allowfullscreen><\/iframe><\/p>\n","protected":false},"excerpt":{"rendered":"<p>Li bajar\u00ea Qami\u015flo Fermandar Ron\u00ee welat Hate oxir kirin Bi hezaran Gel\u00ea Qami\u015flo sibeha \u00eena 2023.12.8 cenazey\u00ea Fermandar Ron\u00ee welat bi me\u015fek bi heybet li ser milan ber bi pakrewangeha del\u00eel Saroxan me\u015f\u00eeyan Meras\u00eema oxir kirina \u015eeh\u00eed Ron\u00ee welat bi deqeyek r\u00eazgirtin ji bo b\u00eeran\u00eena \u015eeh\u00eedan hate dest p\u00ea kirin Di meras\u00eem\u00ea de bi nav\u00ea [&hellip;]<\/p>\n","protected":false},"author":1,"featured_media":17396,"comment_status":"open","ping_status":"closed","sticky":false,"template":"","format":"standard","meta":{"footnotes":""},"categories":[41,38,40],"tags":[],"class_list":{"0":"post-17392","1":"post","2":"type-post","3":"status-publish","4":"format-standard","5":"has-post-thumbnail","7":"category-dimen","8":"category-nuce","9":"category-wene"},"_links":{"self":[{"href":"https:\/\/ypjrojava.net\/index.php?rest_route=\/wp\/v2\/posts\/17392","targetHints":{"allow":["GET"]}}],"collection":[{"href":"https:\/\/ypjrojava.net\/index.php?rest_route=\/wp\/v2\/posts"}],"about":[{"href":"https:\/\/ypjrojava.net\/index.php?rest_route=\/wp\/v2\/types\/post"}],"author":[{"embeddable":true,"href":"https:\/\/ypjrojava.net\/index.php?rest_route=\/wp\/v2\/users\/1"}],"replies":[{"embeddable":true,"href":"https:\/\/ypjrojava.net\/index.php?rest_route=%2Fwp%2Fv2%2Fcomments&post=17392"}],"version-history":[{"count":2,"href":"https:\/\/ypjrojava.net\/index.php?rest_route=\/wp\/v2\/posts\/17392\/revisions"}],"predecessor-version":[{"id":17398,"href":"https:\/\/ypjrojava.net\/index.php?rest_route=\/wp\/v2\/posts\/17392\/revisions\/17398"}],"wp:featuredmedia":[{"embeddable":true,"href":"https:\/\/ypjrojava.net\/index.php?rest_route=\/wp\/v2\/media\/17396"}],"wp:attachment":[{"href":"https:\/\/ypjrojava.net\/index.php?rest_route=%2Fwp%2Fv2%2Fmedia&parent=17392"}],"wp:term":[{"taxonomy":"category","embeddable":true,"href":"https:\/\/ypjrojava.net\/index.php?rest_route=%2Fwp%2Fv2%2Fcategories&post=17392"},{"taxonomy":"post_tag","embeddable":true,"href":"https:\/\/ypjrojava.net\/index.php?rest_route=%2Fwp%2Fv2%2Ftags&post=17392"}],"curies":[{"name":"wp","href":"https:\/\/api.w.org\/{rel}","templated":true}]}}