{"id":17418,"date":"2023-12-12T15:56:20","date_gmt":"2023-12-12T15:56:20","guid":{"rendered":"https:\/\/ypjrojava.net\/?p=17418"},"modified":"2023-12-12T15:56:20","modified_gmt":"2023-12-12T15:56:20","slug":"gele-qamisloye-sehid-ebdulqadir-emin-oxir-kirin","status":"publish","type":"post","link":"https:\/\/ypjrojava.net\/?p=17418","title":{"rendered":"Gel\u00ea Qami\u015floy\u00ea \u015eeh\u00eed Ebdulqadir Em\u00een oxir kirin\u00a0\u00a0"},"content":{"rendered":"<p><strong>Gel\u00ea Qami\u015floy\u00ea \u015eeh\u00eed Ebdulqadir Em\u00een oxir kirin\u00a0\u00a0<\/strong><\/p>\n<p><span data-contrast=\"auto\">Gel\u00ea bajar\u00ea Qami\u015flo Bi meras\u00eemek\u00ee girsey\u00ee \u015eeh\u00eed Ebdulqadir Em\u00een li Pakrewangeha Del\u00eel Saroxan oxir kirin\u00a0<\/span><span data-ccp-props=\"{&quot;201341983&quot;:0,&quot;335551550&quot;:3,&quot;335551620&quot;:3,&quot;335559739&quot;:160,&quot;335559740&quot;:259}\">\u00a0<\/span><\/p>\n<p><span data-contrast=\"auto\">Meras\u00eema oxir kirina \u015eeh\u00eed Ebdulqadir Em\u00een bi deqeyek r\u00eazgirtin li ser g\u00eeyan\u00ea \u015eeh\u00eedan hate dest p\u00ea kirin.\u00a0<\/span><span data-ccp-props=\"{&quot;201341983&quot;:0,&quot;335551550&quot;:3,&quot;335551620&quot;:3,&quot;335559739&quot;:160,&quot;335559740&quot;:259}\">\u00a0<\/span><\/p>\n<p><span data-contrast=\"auto\">Di meras\u00eem\u00ea de bi nav\u00ea saziya malbat\u00ean \u015feh\u00eedan Fatima El Casim sersax\u00ee ji malbat\u00ean \u015feh\u00eedan re xwest \u00fb got:&#8221;\u015eehadet p\u00eeroze ji ber ku em ji bo axa xwe ya p\u00eeroz dixwbitin \u00fb can\u00ea xwe feda dikin. <\/span><span data-contrast=\"auto\">Tu kes nikare \u00eeradeya me bi\u015fk\u00eene. em xwed\u00eey\u00ea v\u00ea ax\u00ea ne em In y\u00ean ku li ber xwe didin ji bo axa xwe.<\/span><span data-ccp-props=\"{&quot;201341983&quot;:0,&quot;335551550&quot;:3,&quot;335551620&quot;:3,&quot;335559739&quot;:160,&quot;335559740&quot;:259}\">\u00a0<\/span><span data-contrast=\"auto\">Em soz didin ku li ser \u015fopa \u015eeh\u00eed\u00ean xwe bime\u015fin.<\/span><span data-ccp-props=\"{&quot;201341983&quot;:0,&quot;335551550&quot;:3,&quot;335551620&quot;:3,&quot;335559739&quot;:160,&quot;335559740&quot;:259}\">\u00a0<\/span><\/p>\n<p><span data-contrast=\"auto\">Di meras\u00eem\u00ea de bi nav\u00ea Meclisa le\u015fger\u00ee ya eyaleta \u015eeh\u00eed R\u00fbbar Nez\u00eer Sof\u00ee axiv\u00ee \u00fb wiha got:&#8221;\u015eeh\u00eed\u00ean me ew In y\u00ean ku can\u00ea xwe ji bo v\u00ea doz\u00ea feda kirine. <\/span><span data-contrast=\"auto\">Em \u00e7iqas behsa D\u00eeroka v\u00ee gel\u00ee bikin em\u00ea nikaribin heq\u00ea w\u00ea bidin.<\/span><span data-ccp-props=\"{&quot;201341983&quot;:0,&quot;335551550&quot;:3,&quot;335551620&quot;:3,&quot;335559739&quot;:160,&quot;335559740&quot;:259}\">\u00a0<\/span><\/p>\n<p><span data-contrast=\"auto\">Wes\u00eeqa \u015eeh\u00eed hat xwendin \u00fb radest\u00ee malbat\u00ea hate kirin.<\/span><span data-ccp-props=\"{&quot;201341983&quot;:0,&quot;335551550&quot;:3,&quot;335551620&quot;:3,&quot;335559739&quot;:160,&quot;335559740&quot;:259}\">\u00a0<\/span><\/p>\n<p><span data-contrast=\"auto\">Di daw\u00eey\u00ea de gel\u00ea Qami\u015flo \u00fb heval\u00ean \u015eeh\u00eed Ebdulqadir Em\u00een w\u00ee ber bi b\u00ea daw\u00eeb\u00fbn\u00ea ve oxir kirin.<\/span><span data-ccp-props=\"{&quot;201341983&quot;:0,&quot;335551550&quot;:3,&quot;335551620&quot;:3,&quot;335559739&quot;:160,&quot;335559740&quot;:259}\">\u00a0<\/span><\/p>\n<p><strong>Navenda Ragihandina YPJ\u00a0<\/strong><\/p>\n<p><img loading=\"lazy\" decoding=\"async\" class=\"alignnone size-medium wp-image-17420\" src=\"https:\/\/ypjrojava.net\/wp-content\/uploads\/2023\/12\/IMG_0971-300x200.jpg\" alt=\"\" width=\"300\" height=\"200\" srcset=\"https:\/\/ypjrojava.net\/wp-content\/uploads\/2023\/12\/IMG_0971-300x200.jpg 300w, https:\/\/ypjrojava.net\/wp-content\/uploads\/2023\/12\/IMG_0971-1024x683.jpg 1024w, https:\/\/ypjrojava.net\/wp-content\/uploads\/2023\/12\/IMG_0971-768x512.jpg 768w, https:\/\/ypjrojava.net\/wp-content\/uploads\/2023\/12\/IMG_0971-1536x1024.jpg 1536w, https:\/\/ypjrojava.net\/wp-content\/uploads\/2023\/12\/IMG_0971-2048x1365.jpg 2048w\" sizes=\"auto, (max-width: 300px) 100vw, 300px\" \/> <img loading=\"lazy\" decoding=\"async\" class=\"alignnone size-medium wp-image-17421\" src=\"https:\/\/ypjrojava.net\/wp-content\/uploads\/2023\/12\/IMG_1015-300x200.jpg\" alt=\"\" width=\"300\" height=\"200\" srcset=\"https:\/\/ypjrojava.net\/wp-content\/uploads\/2023\/12\/IMG_1015-300x200.jpg 300w, https:\/\/ypjrojava.net\/wp-content\/uploads\/2023\/12\/IMG_1015-1024x683.jpg 1024w, https:\/\/ypjrojava.net\/wp-content\/uploads\/2023\/12\/IMG_1015-768x512.jpg 768w, https:\/\/ypjrojava.net\/wp-content\/uploads\/2023\/12\/IMG_1015-1536x1024.jpg 1536w, https:\/\/ypjrojava.net\/wp-content\/uploads\/2023\/12\/IMG_1015-2048x1365.jpg 2048w\" sizes=\"auto, (max-width: 300px) 100vw, 300px\" \/> <img loading=\"lazy\" decoding=\"async\" class=\"alignnone size-medium wp-image-17422\" src=\"https:\/\/ypjrojava.net\/wp-content\/uploads\/2023\/12\/IMG_0969-300x200.jpg\" alt=\"\" width=\"300\" height=\"200\" srcset=\"https:\/\/ypjrojava.net\/wp-content\/uploads\/2023\/12\/IMG_0969-300x200.jpg 300w, https:\/\/ypjrojava.net\/wp-content\/uploads\/2023\/12\/IMG_0969-1024x683.jpg 1024w, https:\/\/ypjrojava.net\/wp-content\/uploads\/2023\/12\/IMG_0969-768x512.jpg 768w, https:\/\/ypjrojava.net\/wp-content\/uploads\/2023\/12\/IMG_0969-1536x1024.jpg 1536w, https:\/\/ypjrojava.net\/wp-content\/uploads\/2023\/12\/IMG_0969-2048x1365.jpg 2048w\" sizes=\"auto, (max-width: 300px) 100vw, 300px\" \/> <img loading=\"lazy\" decoding=\"async\" class=\"alignnone size-medium wp-image-17423\" src=\"https:\/\/ypjrojava.net\/wp-content\/uploads\/2023\/12\/IMG_0963-300x200.jpg\" alt=\"\" width=\"300\" height=\"200\" srcset=\"https:\/\/ypjrojava.net\/wp-content\/uploads\/2023\/12\/IMG_0963-300x200.jpg 300w, https:\/\/ypjrojava.net\/wp-content\/uploads\/2023\/12\/IMG_0963-1024x683.jpg 1024w, https:\/\/ypjrojava.net\/wp-content\/uploads\/2023\/12\/IMG_0963-768x512.jpg 768w, https:\/\/ypjrojava.net\/wp-content\/uploads\/2023\/12\/IMG_0963-1536x1024.jpg 1536w, https:\/\/ypjrojava.net\/wp-content\/uploads\/2023\/12\/IMG_0963-2048x1365.jpg 2048w\" sizes=\"auto, (max-width: 300px) 100vw, 300px\" \/><\/p>\n<p><iframe loading=\"lazy\" title=\"\u0645\u0631\u0627\u0633\u064a\u0645 \u062a\u0634\u064a\u064a\u0639 \u0627\u0644\u0634\u0647\u064a\u062f \u0639\u0628\u062f \u0627\u0644\u0642\u0627\u062f\u0631 \u0623\u0645\u064a\u0646 \u0641\u064a \u0645\u0632\u0627\u0631 \u0627\u0644\u0634\u0647\u064a\u062f \u062f\u0644\u064a\u0644 \u0633\u0627\u0631\u0648\u062e\u0627\u0646\" width=\"696\" height=\"392\" src=\"https:\/\/www.youtube.com\/embed\/PGn3T_TjcdQ?feature=oembed\" frameborder=\"0\" allow=\"accelerometer; autoplay; clipboard-write; encrypted-media; gyroscope; picture-in-picture; web-share\" referrerpolicy=\"strict-origin-when-cross-origin\" allowfullscreen><\/iframe><\/p>\n","protected":false},"excerpt":{"rendered":"<p>Gel\u00ea Qami\u015floy\u00ea \u015eeh\u00eed Ebdulqadir Em\u00een oxir kirin\u00a0\u00a0 Gel\u00ea bajar\u00ea Qami\u015flo Bi meras\u00eemek\u00ee girsey\u00ee \u015eeh\u00eed Ebdulqadir Em\u00een li Pakrewangeha Del\u00eel Saroxan oxir kirin\u00a0\u00a0 Meras\u00eema oxir kirina \u015eeh\u00eed Ebdulqadir Em\u00een bi deqeyek r\u00eazgirtin li ser g\u00eeyan\u00ea \u015eeh\u00eedan hate dest p\u00ea kirin.\u00a0\u00a0 Di meras\u00eem\u00ea de bi nav\u00ea saziya malbat\u00ean \u015feh\u00eedan Fatima El Casim sersax\u00ee ji malbat\u00ean \u015feh\u00eedan re [&hellip;]<\/p>\n","protected":false},"author":1,"featured_media":17423,"comment_status":"open","ping_status":"closed","sticky":false,"template":"","format":"standard","meta":{"footnotes":""},"categories":[41,38,40],"tags":[],"class_list":{"0":"post-17418","1":"post","2":"type-post","3":"status-publish","4":"format-standard","5":"has-post-thumbnail","7":"category-dimen","8":"category-nuce","9":"category-wene"},"_links":{"self":[{"href":"https:\/\/ypjrojava.net\/index.php?rest_route=\/wp\/v2\/posts\/17418","targetHints":{"allow":["GET"]}}],"collection":[{"href":"https:\/\/ypjrojava.net\/index.php?rest_route=\/wp\/v2\/posts"}],"about":[{"href":"https:\/\/ypjrojava.net\/index.php?rest_route=\/wp\/v2\/types\/post"}],"author":[{"embeddable":true,"href":"https:\/\/ypjrojava.net\/index.php?rest_route=\/wp\/v2\/users\/1"}],"replies":[{"embeddable":true,"href":"https:\/\/ypjrojava.net\/index.php?rest_route=%2Fwp%2Fv2%2Fcomments&post=17418"}],"version-history":[{"count":1,"href":"https:\/\/ypjrojava.net\/index.php?rest_route=\/wp\/v2\/posts\/17418\/revisions"}],"predecessor-version":[{"id":17424,"href":"https:\/\/ypjrojava.net\/index.php?rest_route=\/wp\/v2\/posts\/17418\/revisions\/17424"}],"wp:featuredmedia":[{"embeddable":true,"href":"https:\/\/ypjrojava.net\/index.php?rest_route=\/wp\/v2\/media\/17423"}],"wp:attachment":[{"href":"https:\/\/ypjrojava.net\/index.php?rest_route=%2Fwp%2Fv2%2Fmedia&parent=17418"}],"wp:term":[{"taxonomy":"category","embeddable":true,"href":"https:\/\/ypjrojava.net\/index.php?rest_route=%2Fwp%2Fv2%2Fcategories&post=17418"},{"taxonomy":"post_tag","embeddable":true,"href":"https:\/\/ypjrojava.net\/index.php?rest_route=%2Fwp%2Fv2%2Ftags&post=17418"}],"curies":[{"name":"wp","href":"https:\/\/api.w.org\/{rel}","templated":true}]}}