{"id":17501,"date":"2023-12-26T10:46:44","date_gmt":"2023-12-26T10:46:44","guid":{"rendered":"https:\/\/ypjrojava.net\/?p=17501"},"modified":"2023-12-26T10:46:44","modified_gmt":"2023-12-26T10:46:44","slug":"ji-gele-me-u-raya-gisti-re-20","status":"publish","type":"post","link":"https:\/\/ypjrojava.net\/?p=17501","title":{"rendered":"Ji Gel\u00ea Me \u00fb Raya Gi\u015ft\u00ee Re!"},"content":{"rendered":"<hr \/>\n<p>\u00car\u00ee\u015f\u00ean ku bi dest\u00ea fa\u015f\u00eezma dewleta Tirk a dagirker t\u00ea p\u00eakan\u00een, encama pol\u00eet\u00eekayeke hevbe\u015f a h\u00eaz\u00ean hegemon\u00eek e. \u00cero li p\u00ea\u015fiya \u00e7av\u00ea tevah\u00ee c\u00eehan\u00ea \u015fore\u015fa azadiy\u00ea a ku ji bo gelan b\u00fb h\u00eav\u00ee, rast\u00ee \u00ear\u00ee\u015f\u00ean derqan\u00fbn\u00ee t\u00ea. Ev \u00ear\u00ee\u015f\u00ean dewleta Tirk ku di ser\u00ee de cih\u00ean weke petrol, xizmetguzar\u00ee, kargeh \u00fb tevah\u00ee binesaziy\u00ean her\u00eam\u00ea dike armanc de hemwelatiy\u00ea me \u015feh\u00eed b\u00fbn, ev \u00ear\u00ee\u015f\u00ean b\u00eaperwa bi armanca qirkirin \u00fb tune kirina gelan t\u00ean p\u00eakan\u00een.<\/p>\n<p>Parastina axa welat sedema heb\u00fbn \u00fb teko\u015f\u00eena me ye. Me weke YPJ bi teko\u015f\u00eena xwe ye li hember\u00ee DAI\u015e\u2019\u00ea dame\u015fandin re, parastina tevah\u00ee nirx\u00ean mirovahiy\u00ea kir. L\u00ea dewleta Tirk a ku war\u00ea siyas\u00ee, civak\u00ee \u00fb le\u015fker\u00ee ve t\u00eak \u00e7\u00fbye her car\u00ea weke gur\u00ea har \u00ear\u00ee\u015f\u00ee her\u00eam\u00ean me dike. Ev \u00ear\u00ee\u015f\u00ean dagirkeriya dewleta Tirk ji bo tevah\u00ee gel\u00ea c\u00eehan\u00ea di \u00e7awaniya tehl\u00fbkeyek\u00ee daye. B\u00eadengiya h\u00eaz\u00ean nawdewlet\u00ee ya li hember\u00ee van \u00ear\u00ee\u015fan j\u00ee t\u00ea wateya er\u00ea kirin \u00fb xurt kirina DAI\u015e\u2019\u00ea.<\/p>\n<p>Erdoxan ji bo \u015fer\u00ea di navbera Hamas \u00fb \u00cesra\u00eel\u00ea de behsa exlaq \u00fb p\u00eevan\u00ean mirovb\u00fbn\u00ea dike. L\u00ea dewleta Tirk a qirker bi \u00ear\u00ee\u015f\u00ean ku li ser Rojava \u00fb Bakur Rojhilat\u00ea p\u00eakan\u00ee re, hov\u00eetiya di hem\u00fb serdem\u00ean d\u00eerok\u00ea de hatiye jiy\u00een derbas kiriye. L\u00ea li hember\u00ee hem\u00fb kiryar\u00ean dewleta Tirk a fa\u015f\u00eest w\u00ea teko\u015f\u00eena me ya mafdar b\u00ea navber bidome. Gel\u00ea me roj bi roj bi xwed\u00ee derketina xwe ye \u015fore\u015f\u00ea re biryardariya parastin \u00fb may\u00eende kirina \u015fore\u015f\u00ea diyar dike. Em bang li gel\u00ea xwe dikin ku r\u00eaxistinb\u00fbna xwe xurt bikin da ku fa\u015f\u00eezma Tirk t\u00eak bi\u00e7e.<\/p>\n<p>Em di ser\u00ee de ji bo malbat\u00ean hemwelatiy\u00ean me y\u00ean \u015feh\u00eed \u00fb tevah\u00ee gel\u00ea xwe re sersaxiy\u00ea dixwazin \u00fb ji bo bir\u00eendara j\u00ee \u015fifay\u00ea dixwazin.\u00a0 \u015eore\u015fa me bi v\u00een \u00fb biryadariya gel\u00ea me \u00fb bi pi\u015ftigiriya gel\u00ean azad\u00eexwaz y\u00ean c\u00eehan\u00ea destp\u00eakir \u00fb xwe g\u00eehand wateya yekitiya gelan. Ji bil\u00ee serhildan \u00fb berxwedana gel\u00ea me w\u00ea daxuyan\u00ee \u00fb helwest\u00ean \u015fermok y\u00ean saz\u00ee \u00fb dewletan, me nebe serkeftin\u00ea. Li ser v\u00ea bingeh\u00ea sekna p\u00eeroz a gel\u00ea xwe ye berxwed\u00ear ya ku tu caran ser\u00ee li hember\u00ee terora dewleta Tirk natew\u00eenin, silav dikin \u00fb em\u00ea bi rih\u00ea feday\u00ee ya gel\u00ea xwe \u015fore\u015fa xwe bipar\u00eazin. Bila tevah\u00ee c\u00eehan bizani be y\u00ean ku hewl didin welat\u00ea me bikin dojeh w\u00ea di agir\u00ea w\u00ea dojeh\u00ea de bi\u015fewitin.<\/p>\n<p><strong>Fermandariya Gi\u015ft\u00ee a YPJ<\/strong><\/p>\n<p><strong>26.12.2023<\/strong><\/p>\n<p><img loading=\"lazy\" decoding=\"async\" class=\"alignnone size-medium wp-image-17013\" src=\"https:\/\/ypjrojava.net\/wp-content\/uploads\/2023\/10\/logo-fermandari-2022-300x169.png\" alt=\"\" width=\"300\" height=\"169\" srcset=\"https:\/\/ypjrojava.net\/wp-content\/uploads\/2023\/10\/logo-fermandari-2022-300x169.png 300w, https:\/\/ypjrojava.net\/wp-content\/uploads\/2023\/10\/logo-fermandari-2022-768x433.png 768w, https:\/\/ypjrojava.net\/wp-content\/uploads\/2023\/10\/logo-fermandari-2022-390x220.png 390w, https:\/\/ypjrojava.net\/wp-content\/uploads\/2023\/10\/logo-fermandari-2022-780x441.png 780w, https:\/\/ypjrojava.net\/wp-content\/uploads\/2023\/10\/logo-fermandari-2022.png 783w\" sizes=\"auto, (max-width: 300px) 100vw, 300px\" \/><\/p>\n","protected":false},"excerpt":{"rendered":"<p>\u00car\u00ee\u015f\u00ean ku bi dest\u00ea fa\u015f\u00eezma dewleta Tirk a dagirker t\u00ea p\u00eakan\u00een, encama pol\u00eet\u00eekayeke hevbe\u015f a h\u00eaz\u00ean hegemon\u00eek e. \u00cero li p\u00ea\u015fiya \u00e7av\u00ea tevah\u00ee c\u00eehan\u00ea \u015fore\u015fa azadiy\u00ea a ku ji bo gelan b\u00fb h\u00eav\u00ee, rast\u00ee \u00ear\u00ee\u015f\u00ean derqan\u00fbn\u00ee t\u00ea. Ev \u00ear\u00ee\u015f\u00ean dewleta Tirk ku di ser\u00ee de cih\u00ean weke petrol, xizmetguzar\u00ee, kargeh \u00fb tevah\u00ee binesaziy\u00ean her\u00eam\u00ea dike [&hellip;]<\/p>\n","protected":false},"author":1,"featured_media":17013,"comment_status":"open","ping_status":"closed","sticky":false,"template":"","format":"standard","meta":{"footnotes":""},"categories":[39],"tags":[],"class_list":{"0":"post-17501","1":"post","2":"type-post","3":"status-publish","4":"format-standard","5":"has-post-thumbnail","7":"category-daxuyani"},"_links":{"self":[{"href":"https:\/\/ypjrojava.net\/index.php?rest_route=\/wp\/v2\/posts\/17501","targetHints":{"allow":["GET"]}}],"collection":[{"href":"https:\/\/ypjrojava.net\/index.php?rest_route=\/wp\/v2\/posts"}],"about":[{"href":"https:\/\/ypjrojava.net\/index.php?rest_route=\/wp\/v2\/types\/post"}],"author":[{"embeddable":true,"href":"https:\/\/ypjrojava.net\/index.php?rest_route=\/wp\/v2\/users\/1"}],"replies":[{"embeddable":true,"href":"https:\/\/ypjrojava.net\/index.php?rest_route=%2Fwp%2Fv2%2Fcomments&post=17501"}],"version-history":[{"count":1,"href":"https:\/\/ypjrojava.net\/index.php?rest_route=\/wp\/v2\/posts\/17501\/revisions"}],"predecessor-version":[{"id":17502,"href":"https:\/\/ypjrojava.net\/index.php?rest_route=\/wp\/v2\/posts\/17501\/revisions\/17502"}],"wp:featuredmedia":[{"embeddable":true,"href":"https:\/\/ypjrojava.net\/index.php?rest_route=\/wp\/v2\/media\/17013"}],"wp:attachment":[{"href":"https:\/\/ypjrojava.net\/index.php?rest_route=%2Fwp%2Fv2%2Fmedia&parent=17501"}],"wp:term":[{"taxonomy":"category","embeddable":true,"href":"https:\/\/ypjrojava.net\/index.php?rest_route=%2Fwp%2Fv2%2Fcategories&post=17501"},{"taxonomy":"post_tag","embeddable":true,"href":"https:\/\/ypjrojava.net\/index.php?rest_route=%2Fwp%2Fv2%2Ftags&post=17501"}],"curies":[{"name":"wp","href":"https:\/\/api.w.org\/{rel}","templated":true}]}}