{"id":17508,"date":"2023-12-26T12:27:57","date_gmt":"2023-12-26T12:27:57","guid":{"rendered":"https:\/\/ypjrojava.net\/?p=17508"},"modified":"2023-12-26T16:19:15","modified_gmt":"2023-12-26T16:19:15","slug":"bi-merasimeke-girseyi-li-bajare-qamislo-gel-sehiden-xwe-oxir-kirin","status":"publish","type":"post","link":"https:\/\/ypjrojava.net\/?p=17508","title":{"rendered":"Bi Meras\u00eemeke Girsey\u00ee Li Bajar\u00ea Qami\u015flo Gel \u015eeh\u00eed\u00ean Xwe Oxir Kirin"},"content":{"rendered":"<p><strong>Bi Meras\u00eemeke Girsey\u00ee Li Bajar\u00ea Qami\u015flo Gel \u015eeh\u00eed\u00ean Xwe Oxir Kirin<\/strong><\/p>\n<p>Di sibeha roja S\u00ea\u015fem\u00ea 26.12.2023&#8217;an de bi hezaran welatiy\u00ean Qami\u015flo cenazey\u00ean \u015fe\u015f \u015feh\u00eedan di kerwanek\u00ee bi co\u015f de spartin ax\u00ea \u00fb li wir heval\u00ean wan ji morga \u015feh\u00eedan ya li taxa enteriy\u00ea hilgirtin ser mil\u00ean xwe \u00fb bi dil\u00ean nexwe\u015f \u00fb gav\u00ean domdar ber bi pakrewangeha \u015feh\u00eed Del\u00eel Saroxan oxir kirin.<\/p>\n<p>Meras\u00eem bi deqeyek r\u00eazgirtin li ser giyan\u00ean \u015feh\u00eed\u00ean mafdar dest p\u00ea kir \u00fb pa\u015f\u00ea gelek axaftin hatin kirin \u00fb t\u00ea de axaftinek ji aliy\u00ea Foza Y\u00fbsif ve li ser nav\u00ea PYD&#8217;\u00ea hate kirin \u00fb t\u00ea de wiha got:<br \/>\n&#8220;Em li ser \u015fopa \u015feh\u00eedan in. Em ji \u00ear\u00ee\u015f\u00ean dagirkeriy\u00ea natirsin, l\u00ea bel\u00ea em b\u00eahtir xurt dibin ji ber ku em xwe li ser heq\u00eeqeteke azad ava dikin.<br \/>\nHer yek ji me \u015fervanek\u00ee azad e.<br \/>\nDijmin \u00e7awa ku dixwaze bi biryardar\u00ee me bikuje, em \u00ea j\u00ee bi biryardar\u00ee \u00fb bi biryardar\u00ee li ber xwe bidin \u00fb li ber xwe bidin.<br \/>\nMela Mihemed Berz\u00ee j\u00ee Bi nav\u00ea Kongreya \u00ceslam\u00ee sersax\u00ee ji malbat\u00ean \u015feh\u00eedan re xwest \u00fb wiha got:<br \/>\n&#8220;Nav\u00ean \u015feh\u00eedan b\u00eaeman in, heta hetay\u00ea dim\u00eenin. Dayik w\u00ea keng\u00ee bigir\u00een, keng\u00ee zarok w\u00ea bi ewle raz\u00ean, tev\u00ee hem\u00fb hovitiya ku dijmin li me dike, em li ser piyan e \u00fb em \u00ea heta dilopa daw\u00ee ya xw\u00eena di bedena xwe de bi biryar bim\u00eenin. Welat war\u00ea me ye \u00fb ax axa me ye, kes nikare bigire, em \u00ea bi biryardar\u00ee li ber xwe bidin.&#8221;<br \/>\nWesiqey\u00ean \u015eeh\u00eedan ji aliye meclisa malbat\u00ean \u015feh\u00eedan ve radest\u00ee malbat\u00ean wan hate kirin.<br \/>\nDi daw\u00ee de gel\u00ea Qami\u015flo \u00fb heval\u00ean \u015eeh\u00eedan wan ber bi b\u00ea daw\u00eeb\u00fbn\u00ea ve oxir kirin.<\/p>\n<p><strong>Navenda Ragihandina YPJ<\/strong><\/p>\n<p><img loading=\"lazy\" decoding=\"async\" class=\"alignnone size-medium wp-image-17504\" src=\"https:\/\/ypjrojava.net\/wp-content\/uploads\/2023\/12\/WhatsApp-Image-2023-12-26-at-12.28.20-300x169.jpeg\" alt=\"\" width=\"300\" height=\"169\" srcset=\"https:\/\/ypjrojava.net\/wp-content\/uploads\/2023\/12\/WhatsApp-Image-2023-12-26-at-12.28.20-300x169.jpeg 300w, https:\/\/ypjrojava.net\/wp-content\/uploads\/2023\/12\/WhatsApp-Image-2023-12-26-at-12.28.20-1024x576.jpeg 1024w, https:\/\/ypjrojava.net\/wp-content\/uploads\/2023\/12\/WhatsApp-Image-2023-12-26-at-12.28.20-768x432.jpeg 768w, https:\/\/ypjrojava.net\/wp-content\/uploads\/2023\/12\/WhatsApp-Image-2023-12-26-at-12.28.20-390x220.jpeg 390w, https:\/\/ypjrojava.net\/wp-content\/uploads\/2023\/12\/WhatsApp-Image-2023-12-26-at-12.28.20.jpeg 1280w\" sizes=\"auto, (max-width: 300px) 100vw, 300px\" \/><img loading=\"lazy\" decoding=\"async\" class=\"alignnone size-medium wp-image-17510\" src=\"https:\/\/ypjrojava.net\/wp-content\/uploads\/2023\/12\/IMG_1264-300x200.jpg\" alt=\"\" width=\"300\" height=\"200\" srcset=\"https:\/\/ypjrojava.net\/wp-content\/uploads\/2023\/12\/IMG_1264-300x200.jpg 300w, https:\/\/ypjrojava.net\/wp-content\/uploads\/2023\/12\/IMG_1264.jpg 720w\" sizes=\"auto, (max-width: 300px) 100vw, 300px\" \/> <img loading=\"lazy\" decoding=\"async\" class=\"alignnone size-medium wp-image-17511\" src=\"https:\/\/ypjrojava.net\/wp-content\/uploads\/2023\/12\/IMG_1290-300x200.jpg\" alt=\"\" width=\"300\" height=\"200\" srcset=\"https:\/\/ypjrojava.net\/wp-content\/uploads\/2023\/12\/IMG_1290-300x200.jpg 300w, https:\/\/ypjrojava.net\/wp-content\/uploads\/2023\/12\/IMG_1290-1024x683.jpg 1024w, https:\/\/ypjrojava.net\/wp-content\/uploads\/2023\/12\/IMG_1290-768x512.jpg 768w, https:\/\/ypjrojava.net\/wp-content\/uploads\/2023\/12\/IMG_1290-1536x1024.jpg 1536w, https:\/\/ypjrojava.net\/wp-content\/uploads\/2023\/12\/IMG_1290-2048x1365.jpg 2048w\" sizes=\"auto, (max-width: 300px) 100vw, 300px\" \/> <img loading=\"lazy\" decoding=\"async\" class=\"alignnone size-medium wp-image-17512\" src=\"https:\/\/ypjrojava.net\/wp-content\/uploads\/2023\/12\/IMG_1303-300x200.jpg\" alt=\"\" width=\"300\" height=\"200\" srcset=\"https:\/\/ypjrojava.net\/wp-content\/uploads\/2023\/12\/IMG_1303-300x200.jpg 300w, https:\/\/ypjrojava.net\/wp-content\/uploads\/2023\/12\/IMG_1303-1024x683.jpg 1024w, https:\/\/ypjrojava.net\/wp-content\/uploads\/2023\/12\/IMG_1303-768x512.jpg 768w, https:\/\/ypjrojava.net\/wp-content\/uploads\/2023\/12\/IMG_1303-1536x1024.jpg 1536w, https:\/\/ypjrojava.net\/wp-content\/uploads\/2023\/12\/IMG_1303-2048x1365.jpg 2048w\" sizes=\"auto, (max-width: 300px) 100vw, 300px\" \/><\/p>\n<p><iframe loading=\"lazy\" title=\"Meras\u00eema Oxirkirina \u015eeh\u00eed\u00ean Bombebaran\u00ea  Li Bajar\u00ea Qami\u015flo\" width=\"696\" height=\"392\" src=\"https:\/\/www.youtube.com\/embed\/6LvqAbfVTxo?feature=oembed\" frameborder=\"0\" allow=\"accelerometer; autoplay; clipboard-write; encrypted-media; gyroscope; picture-in-picture; web-share\" referrerpolicy=\"strict-origin-when-cross-origin\" allowfullscreen><\/iframe><\/p>\n","protected":false},"excerpt":{"rendered":"<p>Bi Meras\u00eemeke Girsey\u00ee Li Bajar\u00ea Qami\u015flo Gel \u015eeh\u00eed\u00ean Xwe Oxir Kirin Di sibeha roja S\u00ea\u015fem\u00ea 26.12.2023&#8217;an de bi hezaran welatiy\u00ean Qami\u015flo cenazey\u00ean \u015fe\u015f \u015feh\u00eedan di kerwanek\u00ee bi co\u015f de spartin ax\u00ea \u00fb li wir heval\u00ean wan ji morga \u015feh\u00eedan ya li taxa enteriy\u00ea hilgirtin ser mil\u00ean xwe \u00fb bi dil\u00ean nexwe\u015f \u00fb gav\u00ean domdar ber [&hellip;]<\/p>\n","protected":false},"author":1,"featured_media":17504,"comment_status":"open","ping_status":"closed","sticky":false,"template":"","format":"standard","meta":{"footnotes":""},"categories":[41,38],"tags":[],"class_list":{"0":"post-17508","1":"post","2":"type-post","3":"status-publish","4":"format-standard","5":"has-post-thumbnail","7":"category-dimen","8":"category-nuce"},"_links":{"self":[{"href":"https:\/\/ypjrojava.net\/index.php?rest_route=\/wp\/v2\/posts\/17508","targetHints":{"allow":["GET"]}}],"collection":[{"href":"https:\/\/ypjrojava.net\/index.php?rest_route=\/wp\/v2\/posts"}],"about":[{"href":"https:\/\/ypjrojava.net\/index.php?rest_route=\/wp\/v2\/types\/post"}],"author":[{"embeddable":true,"href":"https:\/\/ypjrojava.net\/index.php?rest_route=\/wp\/v2\/users\/1"}],"replies":[{"embeddable":true,"href":"https:\/\/ypjrojava.net\/index.php?rest_route=%2Fwp%2Fv2%2Fcomments&post=17508"}],"version-history":[{"count":3,"href":"https:\/\/ypjrojava.net\/index.php?rest_route=\/wp\/v2\/posts\/17508\/revisions"}],"predecessor-version":[{"id":17514,"href":"https:\/\/ypjrojava.net\/index.php?rest_route=\/wp\/v2\/posts\/17508\/revisions\/17514"}],"wp:featuredmedia":[{"embeddable":true,"href":"https:\/\/ypjrojava.net\/index.php?rest_route=\/wp\/v2\/media\/17504"}],"wp:attachment":[{"href":"https:\/\/ypjrojava.net\/index.php?rest_route=%2Fwp%2Fv2%2Fmedia&parent=17508"}],"wp:term":[{"taxonomy":"category","embeddable":true,"href":"https:\/\/ypjrojava.net\/index.php?rest_route=%2Fwp%2Fv2%2Fcategories&post=17508"},{"taxonomy":"post_tag","embeddable":true,"href":"https:\/\/ypjrojava.net\/index.php?rest_route=%2Fwp%2Fv2%2Ftags&post=17508"}],"curies":[{"name":"wp","href":"https:\/\/api.w.org\/{rel}","templated":true}]}}