{"id":17533,"date":"2024-01-09T16:50:21","date_gmt":"2024-01-09T16:50:21","guid":{"rendered":"https:\/\/ypjrojava.net\/?p=17533"},"modified":"2024-01-09T16:50:21","modified_gmt":"2024-01-09T16:50:21","slug":"seneyen-bajare-reqaye-se-sehiden-xwe-yen-qehreman-li-pakrewangeha-rumete-oxir-kirin","status":"publish","type":"post","link":"https:\/\/ypjrojava.net\/?p=17533","title":{"rendered":"\u015e\u00eaney\u00ean bajar\u00ea Reqay\u00ea s\u00ea \u015eeh\u00eed\u00ean xwe y\u00ean Qehreman li Pakrewangeha r\u00fbmet\u00ea oxir kirin."},"content":{"rendered":"<p><strong>\u015e\u00eaney\u00ean bajar\u00ea Reqay\u00ea s\u00ea \u015eeh\u00eed\u00ean xwe y\u00ean Qehreman li Pakrewangeha r\u00fbmet\u00ea oxir kirin.<\/strong><strong><br \/>\n<\/strong>Bi sedan \u015f\u00eaney\u00ean Reqay\u00ea s\u00ea \u015eeh\u00eed\u00ean ku di encama hedefgirtina dewleta dagirker a Tirk de li bajar\u00ea Eyn \u00cesa bi karwanek\u00ee bi heybet oxir kirin.<br \/>\n\u015eeh\u00eed Mihemed El\u00ee El-Helat ,\u015eeh\u00eed \u00cemad El\u00ee El-Helat, \u015eeh\u00eed Xalid Hesen El-\u015eewax ku heval\u00ean \u015feh\u00eedan ji bo \u015feh\u00eed\u00ean xwe di pakrewangeha r\u00fbmet\u00ea de li ser mil\u00ean xwe hilgirtin.<br \/>\nMeras\u00eem bi deqeyek r\u00eazgirtin ji bo b\u00eeran\u00eena \u015eeh\u00eedan hate dest p\u00ea kirin.<br \/>\nDi meras\u00eem\u00ea de bi nav\u00ea Meclisa Malbat\u00ean \u015eeh\u00eedan axaftin ji aliy\u00ea Ebt\u00eesam Ehmed ve hate kirin \u00fb got:<br \/>\n&#8220;Em \u00eero ji bo \u015eeh\u00eed\u00ean xwe y\u00ean ku di oxira welat de can\u00ea xwe feda kirine disekinin, ji ber ku \u015eehadet p\u00eeroz e \u00fb p\u00eeroziya w\u00ea di hem\u00fb olan de t\u00ea vegotin \u00fb em dib\u00eajin ku \u00ear\u00ee\u015f\u00ean Tirkiy\u00ea y\u00ean li ser gel\u00ea me ten\u00ea del\u00eel\u00ean encamgir in ku hem\u00fb plan\u00ean wan t\u00eak di\u00e7in. \u015eehadet p\u00eaw\u00eestiyeke bingeh\u00een e ji bo her teko\u015f\u00eeneke netewey\u00ee<br \/>\nRizgarkirina xak\u00ea r\u00eaya me ya serkeftin\u00ea ye \u00fb serkeftin ten\u00ea eger em karwan\u00ean \u015eeh\u00eedan bidin, day\u00eekan zarok\u00ean xwe dane da ku welat bij\u00ee, ji ber v\u00ea yek\u00ea em \u015fahadet\u00ea p\u00eeroz dib\u00eenin.<br \/>\nIbt\u00eesam di dawiya axaftina xwe de bal ki\u015fand ser gir\u00eadana k\u00fbr a bi xeta \u015feh\u00eedan re \u00fb wiha got, &#8220;Wateya \u015eehadet\u00ea di me hem\u00fbyan de bi \u015fehadeta her hevr\u00eayek\u00ee me mezin dibe \u00fb yek ji kar\u00ean me y\u00ean destp\u00eak\u00ea ew e ku em layiq\u00ee xw\u00eena wan bin. Em careke din sersaxiy\u00ea ji malbat\u00ean \u015feh\u00eedan re dixwazin \u00fb em soz didin wan ku xw\u00eena \u015feh\u00eedan vala ne\u00e7e, \u015feh\u00eed namirin, \u015f\u00eefaya lezg\u00een ji bir\u00eendar\u00ean me re \u00fb serkeftin ji h\u00eaz\u00ean me re dixwazim.<br \/>\nBi nav\u00ea Meclisa Siv\u00eel a Reqay\u00ea \u00fb r\u00eaveberiya siv\u00eel a Demokrat\u00eek a bajar\u00ea Reqay\u00ea \u015e\u00eax Mihemed N\u00fbr El-D\u00een got: &#8221; Em ji xwe \u00fb h\u00eaz\u00ean le\u015fker\u00ee \u00fb malbat\u00ean \u015eeh\u00eedan re sersax\u00ee dixwazin. \u015eeh\u00eed ew in ku xwe feda kirin \u00fb parastina ewleh\u00ee \u00fb aramiy\u00ea li her\u00eam\u00ean Bakur \u00fb Rojhilat\u00ea S\u00fbriy\u00ea kirin \u00fb em bi helestek\u00ee her\u00ee xurt destdir\u00eajiya Tirkiy\u00ea , \u015eermezar dikin, ku hers\u00ea zarok\u00ean me y\u00ean ku \u015fer kirin \u00fb di t\u00eakbirina teror\u00ea ji her\u00eam\u00ean me rolek\u00ee gir\u00eeng leyistin.<br \/>\nji h\u00eaz\u00ean me y\u00ean le\u015fker\u00ee re Serkeftin dixwazin.<br \/>\nDi dawiya meras\u00eem\u00ea de Meclisa Malbat\u00ean \u015eeh\u00eedan wes\u00eeqeya \u015eehadet\u00ea radest\u00ee malbat\u00ean \u015eeh\u00eed\u00ean qehreman kirin.<br \/>\n\u00fb pa\u015f\u00ea hers\u00ea pakrewan li ser mil\u00ea heval\u00ean xwe hatin rakirin \u00fb sipart\u00ee ax\u00ea kirin.<\/p>\n<p><strong>Navenda Ragihandina YPJ<\/strong><\/p>\n<p><img loading=\"lazy\" decoding=\"async\" class=\"alignnone size-medium wp-image-17534\" src=\"https:\/\/ypjrojava.net\/wp-content\/uploads\/2024\/01\/MERASIMA-SEHID-MIHEMED-ELI-RECEB-U-IMAD-ELI-RECEB-U-XALED-HISEN-ELSIWAX.-LI-REQAYE-9.1.2024-WENE1-300x200.jpg\" alt=\"\" width=\"300\" height=\"200\" srcset=\"https:\/\/ypjrojava.net\/wp-content\/uploads\/2024\/01\/MERASIMA-SEHID-MIHEMED-ELI-RECEB-U-IMAD-ELI-RECEB-U-XALED-HISEN-ELSIWAX.-LI-REQAYE-9.1.2024-WENE1-300x200.jpg 300w, https:\/\/ypjrojava.net\/wp-content\/uploads\/2024\/01\/MERASIMA-SEHID-MIHEMED-ELI-RECEB-U-IMAD-ELI-RECEB-U-XALED-HISEN-ELSIWAX.-LI-REQAYE-9.1.2024-WENE1-1024x683.jpg 1024w, https:\/\/ypjrojava.net\/wp-content\/uploads\/2024\/01\/MERASIMA-SEHID-MIHEMED-ELI-RECEB-U-IMAD-ELI-RECEB-U-XALED-HISEN-ELSIWAX.-LI-REQAYE-9.1.2024-WENE1-768x512.jpg 768w, https:\/\/ypjrojava.net\/wp-content\/uploads\/2024\/01\/MERASIMA-SEHID-MIHEMED-ELI-RECEB-U-IMAD-ELI-RECEB-U-XALED-HISEN-ELSIWAX.-LI-REQAYE-9.1.2024-WENE1-1536x1024.jpg 1536w, https:\/\/ypjrojava.net\/wp-content\/uploads\/2024\/01\/MERASIMA-SEHID-MIHEMED-ELI-RECEB-U-IMAD-ELI-RECEB-U-XALED-HISEN-ELSIWAX.-LI-REQAYE-9.1.2024-WENE1-2048x1365.jpg 2048w\" sizes=\"auto, (max-width: 300px) 100vw, 300px\" \/> <img loading=\"lazy\" decoding=\"async\" class=\"alignnone size-medium wp-image-17535\" src=\"https:\/\/ypjrojava.net\/wp-content\/uploads\/2024\/01\/MERASIMA-SEHID-MIHEMED-ELI-RECEB-U-IMAD-ELI-RECEB-U-XALED-HISEN-ELSIWAX.-LI-REQAYE-9.1.2024-WENE2-300x200.jpg\" alt=\"\" width=\"300\" height=\"200\" srcset=\"https:\/\/ypjrojava.net\/wp-content\/uploads\/2024\/01\/MERASIMA-SEHID-MIHEMED-ELI-RECEB-U-IMAD-ELI-RECEB-U-XALED-HISEN-ELSIWAX.-LI-REQAYE-9.1.2024-WENE2-300x200.jpg 300w, https:\/\/ypjrojava.net\/wp-content\/uploads\/2024\/01\/MERASIMA-SEHID-MIHEMED-ELI-RECEB-U-IMAD-ELI-RECEB-U-XALED-HISEN-ELSIWAX.-LI-REQAYE-9.1.2024-WENE2-1024x683.jpg 1024w, https:\/\/ypjrojava.net\/wp-content\/uploads\/2024\/01\/MERASIMA-SEHID-MIHEMED-ELI-RECEB-U-IMAD-ELI-RECEB-U-XALED-HISEN-ELSIWAX.-LI-REQAYE-9.1.2024-WENE2-768x512.jpg 768w, https:\/\/ypjrojava.net\/wp-content\/uploads\/2024\/01\/MERASIMA-SEHID-MIHEMED-ELI-RECEB-U-IMAD-ELI-RECEB-U-XALED-HISEN-ELSIWAX.-LI-REQAYE-9.1.2024-WENE2-1536x1024.jpg 1536w, https:\/\/ypjrojava.net\/wp-content\/uploads\/2024\/01\/MERASIMA-SEHID-MIHEMED-ELI-RECEB-U-IMAD-ELI-RECEB-U-XALED-HISEN-ELSIWAX.-LI-REQAYE-9.1.2024-WENE2-2048x1365.jpg 2048w\" sizes=\"auto, (max-width: 300px) 100vw, 300px\" \/> <img loading=\"lazy\" decoding=\"async\" class=\"alignnone size-medium wp-image-17536\" src=\"https:\/\/ypjrojava.net\/wp-content\/uploads\/2024\/01\/MERASIMA-SEHID-MIHEMED-ELI-RECEB-U-IMAD-ELI-RECEB-U-XALED-HISEN-ELSIWAX.-LI-REQAYE-9.1.2024-WENE3-300x200.jpg\" alt=\"\" width=\"300\" height=\"200\" srcset=\"https:\/\/ypjrojava.net\/wp-content\/uploads\/2024\/01\/MERASIMA-SEHID-MIHEMED-ELI-RECEB-U-IMAD-ELI-RECEB-U-XALED-HISEN-ELSIWAX.-LI-REQAYE-9.1.2024-WENE3-300x200.jpg 300w, https:\/\/ypjrojava.net\/wp-content\/uploads\/2024\/01\/MERASIMA-SEHID-MIHEMED-ELI-RECEB-U-IMAD-ELI-RECEB-U-XALED-HISEN-ELSIWAX.-LI-REQAYE-9.1.2024-WENE3-1024x683.jpg 1024w, https:\/\/ypjrojava.net\/wp-content\/uploads\/2024\/01\/MERASIMA-SEHID-MIHEMED-ELI-RECEB-U-IMAD-ELI-RECEB-U-XALED-HISEN-ELSIWAX.-LI-REQAYE-9.1.2024-WENE3-768x512.jpg 768w, https:\/\/ypjrojava.net\/wp-content\/uploads\/2024\/01\/MERASIMA-SEHID-MIHEMED-ELI-RECEB-U-IMAD-ELI-RECEB-U-XALED-HISEN-ELSIWAX.-LI-REQAYE-9.1.2024-WENE3-1536x1024.jpg 1536w, https:\/\/ypjrojava.net\/wp-content\/uploads\/2024\/01\/MERASIMA-SEHID-MIHEMED-ELI-RECEB-U-IMAD-ELI-RECEB-U-XALED-HISEN-ELSIWAX.-LI-REQAYE-9.1.2024-WENE3-2048x1365.jpg 2048w\" sizes=\"auto, (max-width: 300px) 100vw, 300px\" \/> <img loading=\"lazy\" decoding=\"async\" class=\"alignnone size-medium wp-image-17537\" src=\"https:\/\/ypjrojava.net\/wp-content\/uploads\/2024\/01\/MERASIMA-SEHID-MIHEMED-ELI-RECEB-U-IMAD-ELI-RECEB-U-XALED-HISEN-ELSIWAX.-LI-REQAYE-9.1.2024-WENE4-300x200.jpg\" alt=\"\" width=\"300\" height=\"200\" srcset=\"https:\/\/ypjrojava.net\/wp-content\/uploads\/2024\/01\/MERASIMA-SEHID-MIHEMED-ELI-RECEB-U-IMAD-ELI-RECEB-U-XALED-HISEN-ELSIWAX.-LI-REQAYE-9.1.2024-WENE4-300x200.jpg 300w, https:\/\/ypjrojava.net\/wp-content\/uploads\/2024\/01\/MERASIMA-SEHID-MIHEMED-ELI-RECEB-U-IMAD-ELI-RECEB-U-XALED-HISEN-ELSIWAX.-LI-REQAYE-9.1.2024-WENE4-1024x683.jpg 1024w, https:\/\/ypjrojava.net\/wp-content\/uploads\/2024\/01\/MERASIMA-SEHID-MIHEMED-ELI-RECEB-U-IMAD-ELI-RECEB-U-XALED-HISEN-ELSIWAX.-LI-REQAYE-9.1.2024-WENE4-768x512.jpg 768w, https:\/\/ypjrojava.net\/wp-content\/uploads\/2024\/01\/MERASIMA-SEHID-MIHEMED-ELI-RECEB-U-IMAD-ELI-RECEB-U-XALED-HISEN-ELSIWAX.-LI-REQAYE-9.1.2024-WENE4-1536x1024.jpg 1536w, https:\/\/ypjrojava.net\/wp-content\/uploads\/2024\/01\/MERASIMA-SEHID-MIHEMED-ELI-RECEB-U-IMAD-ELI-RECEB-U-XALED-HISEN-ELSIWAX.-LI-REQAYE-9.1.2024-WENE4-2048x1365.jpg 2048w\" sizes=\"auto, (max-width: 300px) 100vw, 300px\" \/><\/p>\n<p><iframe loading=\"lazy\" title=\"Meras\u00eema S\u00ea Pakrewanan Li Kantona Reqa\" width=\"696\" height=\"392\" src=\"https:\/\/www.youtube.com\/embed\/aMk29IxWITA?feature=oembed\" frameborder=\"0\" allow=\"accelerometer; autoplay; clipboard-write; encrypted-media; gyroscope; picture-in-picture; web-share\" referrerpolicy=\"strict-origin-when-cross-origin\" allowfullscreen><\/iframe><\/p>\n","protected":false},"excerpt":{"rendered":"<p>\u015e\u00eaney\u00ean bajar\u00ea Reqay\u00ea s\u00ea \u015eeh\u00eed\u00ean xwe y\u00ean Qehreman li Pakrewangeha r\u00fbmet\u00ea oxir kirin. Bi sedan \u015f\u00eaney\u00ean Reqay\u00ea s\u00ea \u015eeh\u00eed\u00ean ku di encama hedefgirtina dewleta dagirker a Tirk de li bajar\u00ea Eyn \u00cesa bi karwanek\u00ee bi heybet oxir kirin. \u015eeh\u00eed Mihemed El\u00ee El-Helat ,\u015eeh\u00eed \u00cemad El\u00ee El-Helat, \u015eeh\u00eed Xalid Hesen El-\u015eewax ku heval\u00ean \u015feh\u00eedan ji bo [&hellip;]<\/p>\n","protected":false},"author":1,"featured_media":17537,"comment_status":"open","ping_status":"closed","sticky":false,"template":"","format":"standard","meta":{"footnotes":""},"categories":[41,38,40],"tags":[],"class_list":{"0":"post-17533","1":"post","2":"type-post","3":"status-publish","4":"format-standard","5":"has-post-thumbnail","7":"category-dimen","8":"category-nuce","9":"category-wene"},"_links":{"self":[{"href":"https:\/\/ypjrojava.net\/index.php?rest_route=\/wp\/v2\/posts\/17533","targetHints":{"allow":["GET"]}}],"collection":[{"href":"https:\/\/ypjrojava.net\/index.php?rest_route=\/wp\/v2\/posts"}],"about":[{"href":"https:\/\/ypjrojava.net\/index.php?rest_route=\/wp\/v2\/types\/post"}],"author":[{"embeddable":true,"href":"https:\/\/ypjrojava.net\/index.php?rest_route=\/wp\/v2\/users\/1"}],"replies":[{"embeddable":true,"href":"https:\/\/ypjrojava.net\/index.php?rest_route=%2Fwp%2Fv2%2Fcomments&post=17533"}],"version-history":[{"count":1,"href":"https:\/\/ypjrojava.net\/index.php?rest_route=\/wp\/v2\/posts\/17533\/revisions"}],"predecessor-version":[{"id":17538,"href":"https:\/\/ypjrojava.net\/index.php?rest_route=\/wp\/v2\/posts\/17533\/revisions\/17538"}],"wp:featuredmedia":[{"embeddable":true,"href":"https:\/\/ypjrojava.net\/index.php?rest_route=\/wp\/v2\/media\/17537"}],"wp:attachment":[{"href":"https:\/\/ypjrojava.net\/index.php?rest_route=%2Fwp%2Fv2%2Fmedia&parent=17533"}],"wp:term":[{"taxonomy":"category","embeddable":true,"href":"https:\/\/ypjrojava.net\/index.php?rest_route=%2Fwp%2Fv2%2Fcategories&post=17533"},{"taxonomy":"post_tag","embeddable":true,"href":"https:\/\/ypjrojava.net\/index.php?rest_route=%2Fwp%2Fv2%2Ftags&post=17533"}],"curies":[{"name":"wp","href":"https:\/\/api.w.org\/{rel}","templated":true}]}}