{"id":17561,"date":"2024-01-21T06:28:18","date_gmt":"2024-01-21T06:28:18","guid":{"rendered":"https:\/\/ypjrojava.net\/?p=17561"},"modified":"2024-01-21T07:00:10","modified_gmt":"2024-01-21T07:00:10","slug":"ji-gele-me-u-raya-gisti-re-21","status":"publish","type":"post","link":"https:\/\/ypjrojava.net\/?p=17561","title":{"rendered":"Ji Gel\u00ea Me \u00fb Raya Gi\u015ft\u00ee re"},"content":{"rendered":"<p><strong>Ji Gel\u00ea Me \u00fb Raya Gi\u015ft\u00ee Re\u00a0\u00a0<\/strong><\/p>\n<p><strong>\u00a0Hevr\u00eaya Me N\u00fbdem Dilsoza Gel\u00ea Xwe B\u00fb<\/strong><\/p>\n<p>Sekna jin\u00ean ku ji hem\u00fb c\u00eehan\u00ea re b\u00fb \u00e7avkaniya \u00eelham\u00ea p\u00ea\u015feroja gelan ron\u00ee dike. Di nava ref\u00ean \u015eore\u015fa Jin a Rojava de \u015fervan\u00ean YPJ\u2019\u00ea ji bo azadiya welat teko\u015f\u00eene b\u00ea eman didin me\u015fandin. Ji bo serxweb\u00fbna gelan bi fedakariyeke mezin \u015fer\u00ea pergala modern\u00eest dikin.<\/p>\n<p>Gel\u00ea me y\u00ea Bak\u00fbr\u00ea Kurdistan\u00ea li hember\u00ee her c\u00fbre pol\u00eet\u00eekay\u00ean \u00eenkar \u00fb \u00eemhay\u00ea tu car ser\u00ee netewandiye \u00fb herdem xeta berxwedan\u00ea esas girtiye. Fikir \u00fb raman\u00ean R\u00eaber Apo bandoreke diyarker li ser rastiya gel\u00ea Kurd kir\u00a0 \u00fb \u00a0ev rastiya berxwedan\u00ea jin\u00ean w\u00earek y\u00ean weke N\u00fbdem afirand. Hevr\u00ea ya me N\u00fbdem di sala 1991\u2019an de li Bakur\u00ea Kurdistan\u00ea li bajar\u00ea Wan\u00ea di nava malbateke welatpar\u00eaz de \u00e7av\u00ea xwe li jiyan\u00ea vedike. Malbata hevr\u00ea N\u00fbdem yek ji malbat\u00ean h\u00eaja \u00fb qedirbilinde ku ji bo teko\u015f\u00eena azadiya Kurdistan\u00ea berdel\u00ean giranb\u00fbha dane \u00fb li gel v\u00ea j\u00ee herdem xwed\u00ee li r\u00fbmeta netew\u00ee derketine.<\/p>\n<p>Hevr\u00ea N\u00fbdem di sala 2011\u2019an de tevl\u00ee nava ref\u00ean Tevgera Azadiya Kurdistan\u00ea dibe. Bi dest\u00eap\u00eakirina \u015fore\u015fa Rojava re hevr\u00ea N\u00fbdem ber\u00ea xwe de Rojavay\u00ea Kurdistan\u00ea. Ji ber ku N\u00fbdem sondxwariya azadiya gel\u00ea xwe b\u00fb, s\u00eenor\u00ean ku dagirkeran x\u00eaz kirib\u00fbn ji bo w\u00ea wate xwe ye winda kirib\u00fb. Li ku dibe bila bibe soza parastina civaka xwe dab\u00fb. Hevr\u00ea ye me N\u00fbdem ji \u015fer\u00ea destp\u00eak\u00ea ku li hember\u00ee kom\u00ean \u00e7ete \u00fb heta \u00ear\u00ee\u015f\u00ean dagirkeriya dewleta tirk ji bo parastina axa welat b\u00ea rawest\u00een bi erk\u00ean xwe y\u00ea m\u00eel\u00eetantiy\u00ea rab\u00fb. Di sala 2012\u2019an de li Ser\u00eakaniy\u00ea li hember\u00ee kom\u00ean \u00e7ete y\u00ean weke El N\u00fbsra \u015fer kir \u00fb di eniy\u00ean her\u00ee p\u00ea\u015f y\u00ean ceng\u00ea de cih\u00ea xwe girt. Di \u015fer\u00ea van komik\u00ean \u00e7ete de li Ser\u00eakaniy\u00ea bir\u00eendar dibe l\u00ea cardin ji eniy\u00ean ceng\u00ea d\u00fbr nakeve. Di sala 2014\u2019an de j\u00ee DAI\u015e\u2019\u00ea\u00a0 weke komb\u00fbna hem\u00fb hovitiy\u00ean pergala modern\u00eeteya kap\u00eetal\u00eest \u00ear\u00ee\u015f\u00ee Koban\u00ea kir, hevr\u00ea N\u00fbdem j\u00ee ji bo ku gel\u00ea xwe ji v\u00ea hovitiya sedsal\u00ea bipar\u00eaze di eniy\u00ean ceng\u00ea de girt \u00fb b\u00fb par\u00e7eyek ji berxwedaniya d\u00eerok\u00ee ya Koban\u00ea. Di p\u00eangava Tiltem\u00ees de j\u00ee li hember\u00ee \u00e7etey\u00ean hov y\u00ean DAI\u015e\u2019\u00ea \u015fer kir \u00fb \u00a0di sala 2018\u2019an de j\u00ee li Efr\u00een\u00ea v\u00ea car\u00ea li hember\u00ee \u00ear\u00ee\u015f\u00ean dagirkeriya dewleta tirk \u015fer\u00ea azadiy\u00ea dame\u015fandin. N\u00fbdem hem \u015fer kir hem j\u00ee ji bo k\u00ealiy\u00ean ku di nava berxwedaniy\u00ea de hatiye jiy\u00een ji tevah\u00ee c\u00eehan\u00ea re were n\u00ee\u015fandin di r\u00eaxistinkirina f\u00eelma Koban\u00ea de kedeke mezin da. Tu caran ne rawestiya \u00fb di her ast\u00ea de erk \u00fb berpirsiyartiy\u00ean ku \u015fore\u015f\u00ea da ser mil\u00ean w\u00ea p\u00eak an\u00ee.<\/p>\n<p>Hevr\u00ea N\u00fbdem m\u00eel\u00eetaneke ku di her k\u00ealiya jiyan\u00ea b\u00ea rawest\u00een kelecana \u015fore\u015f\u00ea di nava dil\u00ea xwe de jiya. Yek\u00eetiy\u00ea fikir, zikir \u00fb \u00e7alakiy\u00ea di \u015fexs\u00ea hevr\u00ea N\u00fbdem de te\u015fe girti b\u00fb. Heval N\u00fbdem xwe di xeta birdoziya rizgariya jin\u00ea de xwe p\u00ea\u015fxist \u00fb di nava gel\u00ea Rojava de bi dilgerm\u00ee \u00fb sekna ya xwe dilnizm ve dihate nas\u00een. Xweb\u00fbna jin a ku w\u00ea dikir n\u00eev\u00eenga jiyan\u00ea, her bajar \u00fb cih\u00ea ku hevala N\u00fbdem l\u00ea kar \u00fb xebat dame\u015fandin jinan \u00fb gelan li derdora w\u00ea kom dikir. Ji bo bibe m\u00eel\u00eetaneke pir al\u00ee ya modern\u00eeteya demokrat\u00eek kesayeta xwe ava kir \u00fb li ser v\u00ea esas\u00ea hem di qada parastin hem j\u00ee r\u00eaxistin kirina gel \u00fb tey\u00eesandina \u015fore\u015f\u00ea de bi b\u00fb xwed\u00ee kedeke mezin. Hevr\u00ea N\u00fbdem di nava ref\u00ean YPJ\u2019\u00ea de bi sekna ye fedakar b\u00fb m\u00eenaka xeta m\u00eel\u00eetaniya APO\u2019y\u00ee.<\/p>\n<p>Heval N\u00fbdem ev demek b\u00fb ji ber nexwe\u015fiy\u00ea dihate derman kirin, di d\u00eeroka 17\u2019\u00ea \u00c7illeya 2024\u2019an de li nexwe\u015fxaneya ku l\u00ea dihate derman kirin tevl\u00ee karwan\u00ean nemiran b\u00fb.\u00a0 Em ser\u00ee de ji bo malbata h\u00eaja ya hevr\u00ea N\u00fbdem \u00fb gel\u00ea xwe y\u00ea welatpar\u00eaziy\u00ea re sersaxiy\u00ea dixwazin. Weke hevr\u00ea y\u00ean heval N\u00fbdem em her \u00e7iqas\u00ee xemg\u00een bin j\u00ee l\u00ea em sozdarin ku w\u00ea kelecan \u00fb heribariya hevr\u00ea N\u00fbdem ji bo me bibe sedema bilind kirin \u00fb ge\u015f kirina me\u015fa azadiy\u00ea.<\/p>\n<p>Nasnameya Hevr\u00ea ye me wiha ye:<\/p>\n<p><img loading=\"lazy\" decoding=\"async\" class=\"alignnone size-medium wp-image-17576\" src=\"https:\/\/ypjrojava.net\/wp-content\/uploads\/2024\/01\/NUDEM-WAN-260x300.png\" alt=\"\" width=\"260\" height=\"300\" srcset=\"https:\/\/ypjrojava.net\/wp-content\/uploads\/2024\/01\/NUDEM-WAN-260x300.png 260w, https:\/\/ypjrojava.net\/wp-content\/uploads\/2024\/01\/NUDEM-WAN-768x886.png 768w, https:\/\/ypjrojava.net\/wp-content\/uploads\/2024\/01\/NUDEM-WAN.png 849w\" sizes=\"auto, (max-width: 260px) 100vw, 260px\" \/><\/p>\n<p><strong>Nasnav:<\/strong> N\u00fbdem WAN<br \/>\n<strong>Nav \u00fb Pa\u015fnav:<\/strong> Sak\u00eene Kaya<br \/>\n<strong>Nav\u00ea day\u00eek:<\/strong> Hel\u00eeme<br \/>\n<strong>Nav\u00ea bav:<\/strong> Xalid<br \/>\n<strong>Cih \u00fb D\u00eeroka \u015eehadet\u00ea<\/strong>: Qami\u015flo &#8211; 17.01.2024<\/p>\n<p><strong>Fermandariya Gi\u015ft\u00ee a YPJ\u2019\u00ea <\/strong><\/p>\n<p><strong>21.01.2024<\/strong><\/p>\n<p><img loading=\"lazy\" decoding=\"async\" class=\"alignnone size-medium wp-image-17571\" src=\"https:\/\/ypjrojava.net\/wp-content\/uploads\/2024\/01\/DSC_0081-199x300.jpg\" alt=\"\" width=\"199\" height=\"300\" srcset=\"https:\/\/ypjrojava.net\/wp-content\/uploads\/2024\/01\/DSC_0081-199x300.jpg 199w, https:\/\/ypjrojava.net\/wp-content\/uploads\/2024\/01\/DSC_0081-681x1024.jpg 681w, https:\/\/ypjrojava.net\/wp-content\/uploads\/2024\/01\/DSC_0081-768x1155.jpg 768w, https:\/\/ypjrojava.net\/wp-content\/uploads\/2024\/01\/DSC_0081-1021x1536.jpg 1021w, https:\/\/ypjrojava.net\/wp-content\/uploads\/2024\/01\/DSC_0081-1362x2048.jpg 1362w, https:\/\/ypjrojava.net\/wp-content\/uploads\/2024\/01\/DSC_0081-scaled.jpg 1702w\" sizes=\"auto, (max-width: 199px) 100vw, 199px\" \/> <img loading=\"lazy\" decoding=\"async\" class=\"alignnone size-medium wp-image-17573\" src=\"https:\/\/ypjrojava.net\/wp-content\/uploads\/2024\/01\/NUDEM-KAYA-300x169.png\" alt=\"\" width=\"300\" height=\"169\" srcset=\"https:\/\/ypjrojava.net\/wp-content\/uploads\/2024\/01\/NUDEM-KAYA-300x169.png 300w, https:\/\/ypjrojava.net\/wp-content\/uploads\/2024\/01\/NUDEM-KAYA-1024x576.png 1024w, https:\/\/ypjrojava.net\/wp-content\/uploads\/2024\/01\/NUDEM-KAYA-768x432.png 768w, https:\/\/ypjrojava.net\/wp-content\/uploads\/2024\/01\/NUDEM-KAYA-1536x864.png 1536w, https:\/\/ypjrojava.net\/wp-content\/uploads\/2024\/01\/NUDEM-KAYA-390x220.png 390w, https:\/\/ypjrojava.net\/wp-content\/uploads\/2024\/01\/NUDEM-KAYA.png 1920w\" sizes=\"auto, (max-width: 300px) 100vw, 300px\" \/><\/p>\n<p>&nbsp;<\/p>\n","protected":false},"excerpt":{"rendered":"<p>Ji Gel\u00ea Me \u00fb Raya Gi\u015ft\u00ee Re\u00a0\u00a0 \u00a0Hevr\u00eaya Me N\u00fbdem Dilsoza Gel\u00ea Xwe B\u00fb Sekna jin\u00ean ku ji hem\u00fb c\u00eehan\u00ea re b\u00fb \u00e7avkaniya \u00eelham\u00ea p\u00ea\u015feroja gelan ron\u00ee dike. Di nava ref\u00ean \u015eore\u015fa Jin a Rojava de \u015fervan\u00ean YPJ\u2019\u00ea ji bo azadiya welat teko\u015f\u00eene b\u00ea eman didin me\u015fandin. Ji bo serxweb\u00fbna gelan bi fedakariyeke mezin \u015fer\u00ea [&hellip;]<\/p>\n","protected":false},"author":1,"featured_media":17573,"comment_status":"open","ping_status":"closed","sticky":false,"template":"","format":"standard","meta":{"footnotes":""},"categories":[39,40],"tags":[],"class_list":{"0":"post-17561","1":"post","2":"type-post","3":"status-publish","4":"format-standard","5":"has-post-thumbnail","7":"category-daxuyani","8":"category-wene"},"_links":{"self":[{"href":"https:\/\/ypjrojava.net\/index.php?rest_route=\/wp\/v2\/posts\/17561","targetHints":{"allow":["GET"]}}],"collection":[{"href":"https:\/\/ypjrojava.net\/index.php?rest_route=\/wp\/v2\/posts"}],"about":[{"href":"https:\/\/ypjrojava.net\/index.php?rest_route=\/wp\/v2\/types\/post"}],"author":[{"embeddable":true,"href":"https:\/\/ypjrojava.net\/index.php?rest_route=\/wp\/v2\/users\/1"}],"replies":[{"embeddable":true,"href":"https:\/\/ypjrojava.net\/index.php?rest_route=%2Fwp%2Fv2%2Fcomments&post=17561"}],"version-history":[{"count":3,"href":"https:\/\/ypjrojava.net\/index.php?rest_route=\/wp\/v2\/posts\/17561\/revisions"}],"predecessor-version":[{"id":17577,"href":"https:\/\/ypjrojava.net\/index.php?rest_route=\/wp\/v2\/posts\/17561\/revisions\/17577"}],"wp:featuredmedia":[{"embeddable":true,"href":"https:\/\/ypjrojava.net\/index.php?rest_route=\/wp\/v2\/media\/17573"}],"wp:attachment":[{"href":"https:\/\/ypjrojava.net\/index.php?rest_route=%2Fwp%2Fv2%2Fmedia&parent=17561"}],"wp:term":[{"taxonomy":"category","embeddable":true,"href":"https:\/\/ypjrojava.net\/index.php?rest_route=%2Fwp%2Fv2%2Fcategories&post=17561"},{"taxonomy":"post_tag","embeddable":true,"href":"https:\/\/ypjrojava.net\/index.php?rest_route=%2Fwp%2Fv2%2Ftags&post=17561"}],"curies":[{"name":"wp","href":"https:\/\/api.w.org\/{rel}","templated":true}]}}